{"id":13709,"date":"2026-03-16T12:21:16","date_gmt":"2026-03-16T11:21:16","guid":{"rendered":"https:\/\/www.fecanbm.es\/tenerife\/?p=13709"},"modified":"2026-03-16T12:21:16","modified_gmt":"2026-03-16T11:21:16","slug":"un-punto-que-sabe-a-victoria","status":"publish","type":"post","link":"https:\/\/www.fecanbm.es\/tenerife\/un-punto-que-sabe-a-victoria\/","title":{"rendered":"Un punto que sabe a victoria"},"content":{"rendered":"\n<p>El s\u00e1bado nos desplazamos al pabell\u00f3n de Carballal con much\u00edsimas bajas debido a lesiones y sanciones, pero el equipo supo competir en todo momento.<\/p>\n\n\n\n<figure class=\"wp-block-image aligncenter size-medium\"><img fetchpriority=\"high\" decoding=\"async\" width=\"225\" height=\"300\" src=\"https:\/\/www.fecanbm.es\/tenerife\/wp-content\/uploads\/sites\/2\/2026\/03\/650774301_1609903873464423_4745977213291681332_n-225x300.webp\" alt=\"\" class=\"wp-image-13710\" srcset=\"https:\/\/www.fecanbm.es\/tenerife\/wp-content\/uploads\/sites\/2\/2026\/03\/650774301_1609903873464423_4745977213291681332_n-225x300.webp 225w, https:\/\/www.fecanbm.es\/tenerife\/wp-content\/uploads\/sites\/2\/2026\/03\/650774301_1609903873464423_4745977213291681332_n-768x1024.webp 768w, https:\/\/www.fecanbm.es\/tenerife\/wp-content\/uploads\/sites\/2\/2026\/03\/650774301_1609903873464423_4745977213291681332_n-1152x1536.webp 1152w, https:\/\/www.fecanbm.es\/tenerife\/wp-content\/uploads\/sites\/2\/2026\/03\/650774301_1609903873464423_4745977213291681332_n.webp 1200w\" sizes=\"(max-width: 225px) 100vw, 225px\" \/><\/figure>\n\n\n\n<p>Durante el encuentro llegamos a tener ventajas de hasta cuatro goles y, pese a que en alg\u00fan tramo el equipo local logr\u00f3 ponerse por delante, nunca bajamos los brazos. Fue un trabajo coral de todos los jugadores disponibles, que lo dieron todo y estuvieron al 100% intentando conseguir la victoria.<\/p>\n\n\n\n<p>El \u00faltimo minuto del partido fue completamente loco: una falta en ataque, un penalti\u2026 y con 11 segundos por jugarse, nuestro portero Chema realiz\u00f3 una parada extraordinaria que nos dio la opci\u00f3n de salir al contraataque.<\/p>\n\n\n\n<p>V\u00edctor condujo muy bien ese contraataque, hizo llegar el bal\u00f3n a Markel y, desde los seis metros, conseguimos el gol a falta de un segundo para el final. Ese tanto signific\u00f3 el empate a 29, un punto que nos da mucho aire para seguir luchando por nuestro objetivo de la permanencia.<\/p>\n\n\n\n<p>Felicitar a todo el grupo que se desplaz\u00f3 a Galicia este fin de semana. Ahora toca seguir trabajando, porque la pr\u00f3xima semana tenemos un rival directo: el Balonmano Porri\u00f1o, que est\u00e1 justo por encima de nosotros en la clasificaci\u00f3n con un punto m\u00e1s.<\/p>\n","protected":false},"excerpt":{"rendered":"<p>El s\u00e1bado nos desplazamos al pabell\u00f3n de Carballal con much\u00edsimas bajas debido a lesiones y sanciones, pero el equipo supo competir en todo momento. Durante el encuentro llegamos a tener ventajas de hasta cuatro goles y, pese a que en alg\u00fan tramo el equipo local logr\u00f3 ponerse por delante, nunca bajamos los brazos. Fue un [&hellip;]<\/p>\n","protected":false},"author":11,"featured_media":13710,"comment_status":"closed","ping_status":"closed","sticky":false,"template":"","format":"standard","meta":{"ngg_post_thumbnail":0,"footnotes":""},"categories":[1,522],"tags":[],"class_list":["post-13709","post","type-post","status-publish","format-standard","has-post-thumbnail","hentry","category-noticias","category-portada"],"yoast_head":"<!-- This site is optimized with the Yoast SEO plugin v27.5 - https:\/\/yoast.com\/product\/yoast-seo-wordpress\/ -->\n<title>Un punto que sabe a victoria - Federaci\u00f3n Insular de Tenerife<\/title>\n<meta name=\"robots\" content=\"index, follow, max-snippet:-1, max-image-preview:large, max-video-preview:-1\" \/>\n<link rel=\"canonical\" href=\"https:\/\/www.fecanbm.es\/tenerife\/un-punto-que-sabe-a-victoria\/\" \/>\n<meta property=\"og:locale\" content=\"es_ES\" \/>\n<meta property=\"og:type\" content=\"article\" \/>\n<meta property=\"og:title\" content=\"Un punto que sabe a victoria - Federaci\u00f3n Insular de Tenerife\" \/>\n<meta property=\"og:description\" content=\"El s\u00e1bado nos desplazamos al pabell\u00f3n de Carballal con much\u00edsimas bajas debido a lesiones y sanciones, pero el equipo supo competir en todo momento. Durante el encuentro llegamos a tener ventajas de hasta cuatro goles y, pese a que en alg\u00fan tramo el equipo local logr\u00f3 ponerse por delante, nunca bajamos los brazos. Fue un [&hellip;]\" \/>\n<meta property=\"og:url\" content=\"https:\/\/www.fecanbm.es\/tenerife\/un-punto-que-sabe-a-victoria\/\" \/>\n<meta property=\"og:site_name\" content=\"Federaci\u00f3n Insular de Tenerife\" \/>\n<meta property=\"article:published_time\" content=\"2026-03-16T11:21:16+00:00\" \/>\n<meta property=\"og:image\" content=\"https:\/\/www.fecanbm.es\/tenerife\/wp-content\/uploads\/sites\/2\/2026\/03\/650774301_1609903873464423_4745977213291681332_n.webp\" \/>\n\t<meta property=\"og:image:width\" content=\"1200\" \/>\n\t<meta property=\"og:image:height\" content=\"1600\" \/>\n\t<meta property=\"og:image:type\" content=\"image\/jpeg\" \/>\n<meta name=\"author\" content=\"Prensa_Tenerife\" \/>\n<meta name=\"twitter:card\" content=\"summary_large_image\" \/>\n<meta name=\"twitter:label1\" content=\"Escrito por\" \/>\n\t<meta name=\"twitter:data1\" content=\"Prensa_Tenerife\" \/>\n\t<meta name=\"twitter:label2\" content=\"Tiempo de lectura\" \/>\n\t<meta name=\"twitter:data2\" content=\"2 minutos\" \/>\n<script type=\"application\/ld+json\" class=\"yoast-schema-graph\">{\"@context\":\"https:\\\/\\\/schema.org\",\"@graph\":[{\"@type\":\"Article\",\"@id\":\"https:\\\/\\\/www.fecanbm.es\\\/tenerife\\\/un-punto-que-sabe-a-victoria\\\/#article\",\"isPartOf\":{\"@id\":\"https:\\\/\\\/www.fecanbm.es\\\/tenerife\\\/un-punto-que-sabe-a-victoria\\\/\"},\"author\":{\"name\":\"Prensa_Tenerife\",\"@id\":\"https:\\\/\\\/www.fecanbm.es\\\/tenerife\\\/#\\\/schema\\\/person\\\/8dc4f7faa1d1529422d09ce29bfaff34\"},\"headline\":\"Un punto que sabe a victoria\",\"datePublished\":\"2026-03-16T11:21:16+00:00\",\"mainEntityOfPage\":{\"@id\":\"https:\\\/\\\/www.fecanbm.es\\\/tenerife\\\/un-punto-que-sabe-a-victoria\\\/\"},\"wordCount\":218,\"image\":{\"@id\":\"https:\\\/\\\/www.fecanbm.es\\\/tenerife\\\/un-punto-que-sabe-a-victoria\\\/#primaryimage\"},\"thumbnailUrl\":\"https:\\\/\\\/www.fecanbm.es\\\/tenerife\\\/wp-content\\\/uploads\\\/sites\\\/2\\\/2026\\\/03\\\/650774301_1609903873464423_4745977213291681332_n.webp\",\"articleSection\":[\"Noticias\",\"Portada\"],\"inLanguage\":\"es\"},{\"@type\":\"WebPage\",\"@id\":\"https:\\\/\\\/www.fecanbm.es\\\/tenerife\\\/un-punto-que-sabe-a-victoria\\\/\",\"url\":\"https:\\\/\\\/www.fecanbm.es\\\/tenerife\\\/un-punto-que-sabe-a-victoria\\\/\",\"name\":\"Un punto que sabe a victoria - Federaci\u00f3n Insular de Tenerife\",\"isPartOf\":{\"@id\":\"https:\\\/\\\/www.fecanbm.es\\\/tenerife\\\/#website\"},\"primaryImageOfPage\":{\"@id\":\"https:\\\/\\\/www.fecanbm.es\\\/tenerife\\\/un-punto-que-sabe-a-victoria\\\/#primaryimage\"},\"image\":{\"@id\":\"https:\\\/\\\/www.fecanbm.es\\\/tenerife\\\/un-punto-que-sabe-a-victoria\\\/#primaryimage\"},\"thumbnailUrl\":\"https:\\\/\\\/www.fecanbm.es\\\/tenerife\\\/wp-content\\\/uploads\\\/sites\\\/2\\\/2026\\\/03\\\/650774301_1609903873464423_4745977213291681332_n.webp\",\"datePublished\":\"2026-03-16T11:21:16+00:00\",\"author\":{\"@id\":\"https:\\\/\\\/www.fecanbm.es\\\/tenerife\\\/#\\\/schema\\\/person\\\/8dc4f7faa1d1529422d09ce29bfaff34\"},\"breadcrumb\":{\"@id\":\"https:\\\/\\\/www.fecanbm.es\\\/tenerife\\\/un-punto-que-sabe-a-victoria\\\/#breadcrumb\"},\"inLanguage\":\"es\",\"potentialAction\":[{\"@type\":\"ReadAction\",\"target\":[\"https:\\\/\\\/www.fecanbm.es\\\/tenerife\\\/un-punto-que-sabe-a-victoria\\\/\"]}]},{\"@type\":\"ImageObject\",\"inLanguage\":\"es\",\"@id\":\"https:\\\/\\\/www.fecanbm.es\\\/tenerife\\\/un-punto-que-sabe-a-victoria\\\/#primaryimage\",\"url\":\"https:\\\/\\\/www.fecanbm.es\\\/tenerife\\\/wp-content\\\/uploads\\\/sites\\\/2\\\/2026\\\/03\\\/650774301_1609903873464423_4745977213291681332_n.webp\",\"contentUrl\":\"https:\\\/\\\/www.fecanbm.es\\\/tenerife\\\/wp-content\\\/uploads\\\/sites\\\/2\\\/2026\\\/03\\\/650774301_1609903873464423_4745977213291681332_n.webp\",\"width\":1200,\"height\":1600},{\"@type\":\"BreadcrumbList\",\"@id\":\"https:\\\/\\\/www.fecanbm.es\\\/tenerife\\\/un-punto-que-sabe-a-victoria\\\/#breadcrumb\",\"itemListElement\":[{\"@type\":\"ListItem\",\"position\":1,\"name\":\"Portada\",\"item\":\"https:\\\/\\\/www.fecanbm.es\\\/tenerife\\\/\"},{\"@type\":\"ListItem\",\"position\":2,\"name\":\"Un punto que sabe a victoria\"}]},{\"@type\":\"WebSite\",\"@id\":\"https:\\\/\\\/www.fecanbm.es\\\/tenerife\\\/#website\",\"url\":\"https:\\\/\\\/www.fecanbm.es\\\/tenerife\\\/\",\"name\":\"Federaci\u00f3n Insular de Tenerife\",\"description\":\"Federaci\u00f3n Insular de Tenerife\",\"potentialAction\":[{\"@type\":\"SearchAction\",\"target\":{\"@type\":\"EntryPoint\",\"urlTemplate\":\"https:\\\/\\\/www.fecanbm.es\\\/tenerife\\\/?s={search_term_string}\"},\"query-input\":{\"@type\":\"PropertyValueSpecification\",\"valueRequired\":true,\"valueName\":\"search_term_string\"}}],\"inLanguage\":\"es\"},{\"@type\":\"Person\",\"@id\":\"https:\\\/\\\/www.fecanbm.es\\\/tenerife\\\/#\\\/schema\\\/person\\\/8dc4f7faa1d1529422d09ce29bfaff34\",\"name\":\"Prensa_Tenerife\",\"image\":{\"@type\":\"ImageObject\",\"inLanguage\":\"es\",\"@id\":\"https:\\\/\\\/secure.gravatar.com\\\/avatar\\\/a2e5c44652b49873c2c48146547b9e5798ffd79e53a401add97df5a579086fed?s=96&d=mm&r=g\",\"url\":\"https:\\\/\\\/secure.gravatar.com\\\/avatar\\\/a2e5c44652b49873c2c48146547b9e5798ffd79e53a401add97df5a579086fed?s=96&d=mm&r=g\",\"contentUrl\":\"https:\\\/\\\/secure.gravatar.com\\\/avatar\\\/a2e5c44652b49873c2c48146547b9e5798ffd79e53a401add97df5a579086fed?s=96&d=mm&r=g\",\"caption\":\"Prensa_Tenerife\"},\"url\":\"https:\\\/\\\/www.fecanbm.es\\\/tenerife\\\/author\\\/ruyherodriguez\\\/\"}]}<\/script>\n<!-- \/ Yoast SEO plugin. -->","yoast_head_json":{"title":"Un punto que sabe a victoria - Federaci\u00f3n Insular de Tenerife","robots":{"index":"index","follow":"follow","max-snippet":"max-snippet:-1","max-image-preview":"max-image-preview:large","max-video-preview":"max-video-preview:-1"},"canonical":"https:\/\/www.fecanbm.es\/tenerife\/un-punto-que-sabe-a-victoria\/","og_locale":"es_ES","og_type":"article","og_title":"Un punto que sabe a victoria - Federaci\u00f3n Insular de Tenerife","og_description":"El s\u00e1bado nos desplazamos al pabell\u00f3n de Carballal con much\u00edsimas bajas debido a lesiones y sanciones, pero el equipo supo competir en todo momento. Durante el encuentro llegamos a tener ventajas de hasta cuatro goles y, pese a que en alg\u00fan tramo el equipo local logr\u00f3 ponerse por delante, nunca bajamos los brazos. Fue un [&hellip;]","og_url":"https:\/\/www.fecanbm.es\/tenerife\/un-punto-que-sabe-a-victoria\/","og_site_name":"Federaci\u00f3n Insular de Tenerife","article_published_time":"2026-03-16T11:21:16+00:00","og_image":[{"width":1200,"height":1600,"url":"https:\/\/www.fecanbm.es\/tenerife\/wp-content\/uploads\/sites\/2\/2026\/03\/650774301_1609903873464423_4745977213291681332_n.webp","type":"image\/jpeg"}],"author":"Prensa_Tenerife","twitter_card":"summary_large_image","twitter_misc":{"Escrito por":"Prensa_Tenerife","Tiempo de lectura":"2 minutos"},"schema":{"@context":"https:\/\/schema.org","@graph":[{"@type":"Article","@id":"https:\/\/www.fecanbm.es\/tenerife\/un-punto-que-sabe-a-victoria\/#article","isPartOf":{"@id":"https:\/\/www.fecanbm.es\/tenerife\/un-punto-que-sabe-a-victoria\/"},"author":{"name":"Prensa_Tenerife","@id":"https:\/\/www.fecanbm.es\/tenerife\/#\/schema\/person\/8dc4f7faa1d1529422d09ce29bfaff34"},"headline":"Un punto que sabe a victoria","datePublished":"2026-03-16T11:21:16+00:00","mainEntityOfPage":{"@id":"https:\/\/www.fecanbm.es\/tenerife\/un-punto-que-sabe-a-victoria\/"},"wordCount":218,"image":{"@id":"https:\/\/www.fecanbm.es\/tenerife\/un-punto-que-sabe-a-victoria\/#primaryimage"},"thumbnailUrl":"https:\/\/www.fecanbm.es\/tenerife\/wp-content\/uploads\/sites\/2\/2026\/03\/650774301_1609903873464423_4745977213291681332_n.webp","articleSection":["Noticias","Portada"],"inLanguage":"es"},{"@type":"WebPage","@id":"https:\/\/www.fecanbm.es\/tenerife\/un-punto-que-sabe-a-victoria\/","url":"https:\/\/www.fecanbm.es\/tenerife\/un-punto-que-sabe-a-victoria\/","name":"Un punto que sabe a victoria - Federaci\u00f3n Insular de Tenerife","isPartOf":{"@id":"https:\/\/www.fecanbm.es\/tenerife\/#website"},"primaryImageOfPage":{"@id":"https:\/\/www.fecanbm.es\/tenerife\/un-punto-que-sabe-a-victoria\/#primaryimage"},"image":{"@id":"https:\/\/www.fecanbm.es\/tenerife\/un-punto-que-sabe-a-victoria\/#primaryimage"},"thumbnailUrl":"https:\/\/www.fecanbm.es\/tenerife\/wp-content\/uploads\/sites\/2\/2026\/03\/650774301_1609903873464423_4745977213291681332_n.webp","datePublished":"2026-03-16T11:21:16+00:00","author":{"@id":"https:\/\/www.fecanbm.es\/tenerife\/#\/schema\/person\/8dc4f7faa1d1529422d09ce29bfaff34"},"breadcrumb":{"@id":"https:\/\/www.fecanbm.es\/tenerife\/un-punto-que-sabe-a-victoria\/#breadcrumb"},"inLanguage":"es","potentialAction":[{"@type":"ReadAction","target":["https:\/\/www.fecanbm.es\/tenerife\/un-punto-que-sabe-a-victoria\/"]}]},{"@type":"ImageObject","inLanguage":"es","@id":"https:\/\/www.fecanbm.es\/tenerife\/un-punto-que-sabe-a-victoria\/#primaryimage","url":"https:\/\/www.fecanbm.es\/tenerife\/wp-content\/uploads\/sites\/2\/2026\/03\/650774301_1609903873464423_4745977213291681332_n.webp","contentUrl":"https:\/\/www.fecanbm.es\/tenerife\/wp-content\/uploads\/sites\/2\/2026\/03\/650774301_1609903873464423_4745977213291681332_n.webp","width":1200,"height":1600},{"@type":"BreadcrumbList","@id":"https:\/\/www.fecanbm.es\/tenerife\/un-punto-que-sabe-a-victoria\/#breadcrumb","itemListElement":[{"@type":"ListItem","position":1,"name":"Portada","item":"https:\/\/www.fecanbm.es\/tenerife\/"},{"@type":"ListItem","position":2,"name":"Un punto que sabe a victoria"}]},{"@type":"WebSite","@id":"https:\/\/www.fecanbm.es\/tenerife\/#website","url":"https:\/\/www.fecanbm.es\/tenerife\/","name":"Federaci\u00f3n Insular de Tenerife","description":"Federaci\u00f3n Insular de Tenerife","potentialAction":[{"@type":"SearchAction","target":{"@type":"EntryPoint","urlTemplate":"https:\/\/www.fecanbm.es\/tenerife\/?s={search_term_string}"},"query-input":{"@type":"PropertyValueSpecification","valueRequired":true,"valueName":"search_term_string"}}],"inLanguage":"es"},{"@type":"Person","@id":"https:\/\/www.fecanbm.es\/tenerife\/#\/schema\/person\/8dc4f7faa1d1529422d09ce29bfaff34","name":"Prensa_Tenerife","image":{"@type":"ImageObject","inLanguage":"es","@id":"https:\/\/secure.gravatar.com\/avatar\/a2e5c44652b49873c2c48146547b9e5798ffd79e53a401add97df5a579086fed?s=96&d=mm&r=g","url":"https:\/\/secure.gravatar.com\/avatar\/a2e5c44652b49873c2c48146547b9e5798ffd79e53a401add97df5a579086fed?s=96&d=mm&r=g","contentUrl":"https:\/\/secure.gravatar.com\/avatar\/a2e5c44652b49873c2c48146547b9e5798ffd79e53a401add97df5a579086fed?s=96&d=mm&r=g","caption":"Prensa_Tenerife"},"url":"https:\/\/www.fecanbm.es\/tenerife\/author\/ruyherodriguez\/"}]}},"_links":{"self":[{"href":"https:\/\/www.fecanbm.es\/tenerife\/wp-json\/wp\/v2\/posts\/13709","targetHints":{"allow":["GET"]}}],"collection":[{"href":"https:\/\/www.fecanbm.es\/tenerife\/wp-json\/wp\/v2\/posts"}],"about":[{"href":"https:\/\/www.fecanbm.es\/tenerife\/wp-json\/wp\/v2\/types\/post"}],"author":[{"embeddable":true,"href":"https:\/\/www.fecanbm.es\/tenerife\/wp-json\/wp\/v2\/users\/11"}],"replies":[{"embeddable":true,"href":"https:\/\/www.fecanbm.es\/tenerife\/wp-json\/wp\/v2\/comments?post=13709"}],"version-history":[{"count":1,"href":"https:\/\/www.fecanbm.es\/tenerife\/wp-json\/wp\/v2\/posts\/13709\/revisions"}],"predecessor-version":[{"id":13711,"href":"https:\/\/www.fecanbm.es\/tenerife\/wp-json\/wp\/v2\/posts\/13709\/revisions\/13711"}],"wp:featuredmedia":[{"embeddable":true,"href":"https:\/\/www.fecanbm.es\/tenerife\/wp-json\/wp\/v2\/media\/13710"}],"wp:attachment":[{"href":"https:\/\/www.fecanbm.es\/tenerife\/wp-json\/wp\/v2\/media?parent=13709"}],"wp:term":[{"taxonomy":"category","embeddable":true,"href":"https:\/\/www.fecanbm.es\/tenerife\/wp-json\/wp\/v2\/categories?post=13709"},{"taxonomy":"post_tag","embeddable":true,"href":"https:\/\/www.fecanbm.es\/tenerife\/wp-json\/wp\/v2\/tags?post=13709"}],"curies":[{"name":"wp","href":"https:\/\/api.w.org\/{rel}","templated":true}]}}