{"id":13678,"date":"2026-03-06T01:46:24","date_gmt":"2026-03-06T00:46:24","guid":{"rendered":"https:\/\/www.fecanbm.es\/tenerife\/?p=13678"},"modified":"2026-03-06T01:46:36","modified_gmt":"2026-03-06T00:46:36","slug":"derbi-canario-por-la-permanencia-en-el-pabellon-celestino-hernandez","status":"publish","type":"post","link":"https:\/\/www.fecanbm.es\/tenerife\/derbi-canario-por-la-permanencia-en-el-pabellon-celestino-hernandez\/","title":{"rendered":"Derbi canario por la permanencia en el Pabell\u00f3n Celestino Hern\u00e1ndez"},"content":{"rendered":"\n<p>El&nbsp;<strong>Balonmano Perdoma<\/strong>&nbsp;recibe este domingo a las 12:30 horas al&nbsp;<strong>Balonmano Romade<\/strong>&nbsp;en el Pabell\u00f3n Celestino Hern\u00e1ndez en un derbi canario cargado de emoci\u00f3n y con mucho m\u00e1s que dos puntos en juego.<\/p>\n\n\n\n<figure class=\"wp-block-image aligncenter size-medium\"><img fetchpriority=\"high\" decoding=\"async\" width=\"240\" height=\"300\" src=\"https:\/\/www.fecanbm.es\/tenerife\/wp-content\/uploads\/sites\/2\/2026\/03\/JORNADA-21-240x300.webp\" alt=\"\" class=\"wp-image-13679\" srcset=\"https:\/\/www.fecanbm.es\/tenerife\/wp-content\/uploads\/sites\/2\/2026\/03\/JORNADA-21-240x300.webp 240w, https:\/\/www.fecanbm.es\/tenerife\/wp-content\/uploads\/sites\/2\/2026\/03\/JORNADA-21-819x1024.webp 819w, https:\/\/www.fecanbm.es\/tenerife\/wp-content\/uploads\/sites\/2\/2026\/03\/JORNADA-21-768x960.webp 768w, https:\/\/www.fecanbm.es\/tenerife\/wp-content\/uploads\/sites\/2\/2026\/03\/JORNADA-21.webp 1080w\" sizes=\"(max-width: 240px) 100vw, 240px\" \/><\/figure>\n\n\n\n<p>El conjunto dirigido por Ruyman Herrera afronta la cita como una aut\u00e9ntica final. Las tinerfe\u00f1as necesitan imperiosamente la victoria para mantener vivas sus opciones de permanencia y seguir creyendo en el milagro de la salvaci\u00f3n. El equipo ha experimentado una notable mejor\u00eda en las \u00faltimas semanas, mostrando una versi\u00f3n m\u00e1s competitiva, s\u00f3lida en defensa y con mayor claridad ofensiva.<\/p>\n\n\n\n<p>Buena muestra de ello fue el encuentro de la pasada jornada ante el&nbsp;<strong>Rocasa Gran Canaria<\/strong>, donde, pese a la derrota, el Perdoma firm\u00f3 un partido muy completo, compitiendo de t\u00fa a t\u00fa y sin perderle la cara al choque en ning\u00fan momento. Esa imagen ha reforzado la moral del vestuario, convencido de que el trabajo realizado empieza a dar sus frutos.<\/p>\n\n\n\n<p>Enfrente estar\u00e1 un Romade que tambi\u00e9n llega con necesidades, aunque en una situaci\u00f3n algo m\u00e1s favorable. Las grancanarias saben que una victoria en tierras tinerfe\u00f1as les acercar\u00eda de forma casi definitiva a la permanencia matem\u00e1tica, por lo que se espera un duelo intenso, igualado y con ambiente de aut\u00e9ntico derbi.<\/p>\n\n\n\n<p>El club hace un llamamiento a la afici\u00f3n para que acuda al pabell\u00f3n y empuje al equipo en un partido clave para el futuro de la temporada.<\/p>\n","protected":false},"excerpt":{"rendered":"<p>El&nbsp;Balonmano Perdoma&nbsp;recibe este domingo a las 12:30 horas al&nbsp;Balonmano Romade&nbsp;en el Pabell\u00f3n Celestino Hern\u00e1ndez en un derbi canario cargado de emoci\u00f3n y con mucho m\u00e1s que dos puntos en juego. El conjunto dirigido por Ruyman Herrera afronta la cita como una aut\u00e9ntica final. Las tinerfe\u00f1as necesitan imperiosamente la victoria para mantener vivas sus opciones de [&hellip;]<\/p>\n","protected":false},"author":11,"featured_media":13679,"comment_status":"closed","ping_status":"closed","sticky":false,"template":"","format":"standard","meta":{"ngg_post_thumbnail":0,"footnotes":""},"categories":[1,522],"tags":[],"class_list":["post-13678","post","type-post","status-publish","format-standard","has-post-thumbnail","hentry","category-noticias","category-portada"],"yoast_head":"<!-- This site is optimized with the Yoast SEO plugin v27.5 - https:\/\/yoast.com\/product\/yoast-seo-wordpress\/ -->\n<title>Derbi canario por la permanencia en el Pabell\u00f3n Celestino Hern\u00e1ndez - Federaci\u00f3n Insular de Tenerife<\/title>\n<meta name=\"robots\" content=\"index, follow, max-snippet:-1, max-image-preview:large, max-video-preview:-1\" \/>\n<link rel=\"canonical\" href=\"https:\/\/www.fecanbm.es\/tenerife\/derbi-canario-por-la-permanencia-en-el-pabellon-celestino-hernandez\/\" \/>\n<meta property=\"og:locale\" content=\"es_ES\" \/>\n<meta property=\"og:type\" content=\"article\" \/>\n<meta property=\"og:title\" content=\"Derbi canario por la permanencia en el Pabell\u00f3n Celestino Hern\u00e1ndez - Federaci\u00f3n Insular de Tenerife\" \/>\n<meta property=\"og:description\" content=\"El&nbsp;Balonmano Perdoma&nbsp;recibe este domingo a las 12:30 horas al&nbsp;Balonmano Romade&nbsp;en el Pabell\u00f3n Celestino Hern\u00e1ndez en un derbi canario cargado de emoci\u00f3n y con mucho m\u00e1s que dos puntos en juego. El conjunto dirigido por Ruyman Herrera afronta la cita como una aut\u00e9ntica final. Las tinerfe\u00f1as necesitan imperiosamente la victoria para mantener vivas sus opciones de [&hellip;]\" \/>\n<meta property=\"og:url\" content=\"https:\/\/www.fecanbm.es\/tenerife\/derbi-canario-por-la-permanencia-en-el-pabellon-celestino-hernandez\/\" \/>\n<meta property=\"og:site_name\" content=\"Federaci\u00f3n Insular de Tenerife\" \/>\n<meta property=\"article:published_time\" content=\"2026-03-06T00:46:24+00:00\" \/>\n<meta property=\"article:modified_time\" content=\"2026-03-06T00:46:36+00:00\" \/>\n<meta property=\"og:image\" content=\"https:\/\/www.fecanbm.es\/tenerife\/wp-content\/uploads\/sites\/2\/2026\/03\/JORNADA-21.webp\" \/>\n\t<meta property=\"og:image:width\" content=\"1080\" \/>\n\t<meta property=\"og:image:height\" content=\"1350\" \/>\n\t<meta property=\"og:image:type\" content=\"image\/png\" \/>\n<meta name=\"author\" content=\"Prensa_Tenerife\" \/>\n<meta name=\"twitter:card\" content=\"summary_large_image\" \/>\n<meta name=\"twitter:label1\" content=\"Escrito por\" \/>\n\t<meta name=\"twitter:data1\" content=\"Prensa_Tenerife\" \/>\n\t<meta name=\"twitter:label2\" content=\"Tiempo de lectura\" \/>\n\t<meta name=\"twitter:data2\" content=\"2 minutos\" \/>\n<script type=\"application\/ld+json\" class=\"yoast-schema-graph\">{\"@context\":\"https:\\\/\\\/schema.org\",\"@graph\":[{\"@type\":\"Article\",\"@id\":\"https:\\\/\\\/www.fecanbm.es\\\/tenerife\\\/derbi-canario-por-la-permanencia-en-el-pabellon-celestino-hernandez\\\/#article\",\"isPartOf\":{\"@id\":\"https:\\\/\\\/www.fecanbm.es\\\/tenerife\\\/derbi-canario-por-la-permanencia-en-el-pabellon-celestino-hernandez\\\/\"},\"author\":{\"name\":\"Prensa_Tenerife\",\"@id\":\"https:\\\/\\\/www.fecanbm.es\\\/tenerife\\\/#\\\/schema\\\/person\\\/8dc4f7faa1d1529422d09ce29bfaff34\"},\"headline\":\"Derbi canario por la permanencia en el Pabell\u00f3n Celestino Hern\u00e1ndez\",\"datePublished\":\"2026-03-06T00:46:24+00:00\",\"dateModified\":\"2026-03-06T00:46:36+00:00\",\"mainEntityOfPage\":{\"@id\":\"https:\\\/\\\/www.fecanbm.es\\\/tenerife\\\/derbi-canario-por-la-permanencia-en-el-pabellon-celestino-hernandez\\\/\"},\"wordCount\":269,\"image\":{\"@id\":\"https:\\\/\\\/www.fecanbm.es\\\/tenerife\\\/derbi-canario-por-la-permanencia-en-el-pabellon-celestino-hernandez\\\/#primaryimage\"},\"thumbnailUrl\":\"https:\\\/\\\/www.fecanbm.es\\\/tenerife\\\/wp-content\\\/uploads\\\/sites\\\/2\\\/2026\\\/03\\\/JORNADA-21.webp\",\"articleSection\":[\"Noticias\",\"Portada\"],\"inLanguage\":\"es\"},{\"@type\":\"WebPage\",\"@id\":\"https:\\\/\\\/www.fecanbm.es\\\/tenerife\\\/derbi-canario-por-la-permanencia-en-el-pabellon-celestino-hernandez\\\/\",\"url\":\"https:\\\/\\\/www.fecanbm.es\\\/tenerife\\\/derbi-canario-por-la-permanencia-en-el-pabellon-celestino-hernandez\\\/\",\"name\":\"Derbi canario por la permanencia en el Pabell\u00f3n Celestino Hern\u00e1ndez - Federaci\u00f3n Insular de Tenerife\",\"isPartOf\":{\"@id\":\"https:\\\/\\\/www.fecanbm.es\\\/tenerife\\\/#website\"},\"primaryImageOfPage\":{\"@id\":\"https:\\\/\\\/www.fecanbm.es\\\/tenerife\\\/derbi-canario-por-la-permanencia-en-el-pabellon-celestino-hernandez\\\/#primaryimage\"},\"image\":{\"@id\":\"https:\\\/\\\/www.fecanbm.es\\\/tenerife\\\/derbi-canario-por-la-permanencia-en-el-pabellon-celestino-hernandez\\\/#primaryimage\"},\"thumbnailUrl\":\"https:\\\/\\\/www.fecanbm.es\\\/tenerife\\\/wp-content\\\/uploads\\\/sites\\\/2\\\/2026\\\/03\\\/JORNADA-21.webp\",\"datePublished\":\"2026-03-06T00:46:24+00:00\",\"dateModified\":\"2026-03-06T00:46:36+00:00\",\"author\":{\"@id\":\"https:\\\/\\\/www.fecanbm.es\\\/tenerife\\\/#\\\/schema\\\/person\\\/8dc4f7faa1d1529422d09ce29bfaff34\"},\"breadcrumb\":{\"@id\":\"https:\\\/\\\/www.fecanbm.es\\\/tenerife\\\/derbi-canario-por-la-permanencia-en-el-pabellon-celestino-hernandez\\\/#breadcrumb\"},\"inLanguage\":\"es\",\"potentialAction\":[{\"@type\":\"ReadAction\",\"target\":[\"https:\\\/\\\/www.fecanbm.es\\\/tenerife\\\/derbi-canario-por-la-permanencia-en-el-pabellon-celestino-hernandez\\\/\"]}]},{\"@type\":\"ImageObject\",\"inLanguage\":\"es\",\"@id\":\"https:\\\/\\\/www.fecanbm.es\\\/tenerife\\\/derbi-canario-por-la-permanencia-en-el-pabellon-celestino-hernandez\\\/#primaryimage\",\"url\":\"https:\\\/\\\/www.fecanbm.es\\\/tenerife\\\/wp-content\\\/uploads\\\/sites\\\/2\\\/2026\\\/03\\\/JORNADA-21.webp\",\"contentUrl\":\"https:\\\/\\\/www.fecanbm.es\\\/tenerife\\\/wp-content\\\/uploads\\\/sites\\\/2\\\/2026\\\/03\\\/JORNADA-21.webp\",\"width\":1080,\"height\":1350},{\"@type\":\"BreadcrumbList\",\"@id\":\"https:\\\/\\\/www.fecanbm.es\\\/tenerife\\\/derbi-canario-por-la-permanencia-en-el-pabellon-celestino-hernandez\\\/#breadcrumb\",\"itemListElement\":[{\"@type\":\"ListItem\",\"position\":1,\"name\":\"Portada\",\"item\":\"https:\\\/\\\/www.fecanbm.es\\\/tenerife\\\/\"},{\"@type\":\"ListItem\",\"position\":2,\"name\":\"Derbi canario por la permanencia en el Pabell\u00f3n Celestino Hern\u00e1ndez\"}]},{\"@type\":\"WebSite\",\"@id\":\"https:\\\/\\\/www.fecanbm.es\\\/tenerife\\\/#website\",\"url\":\"https:\\\/\\\/www.fecanbm.es\\\/tenerife\\\/\",\"name\":\"Federaci\u00f3n Insular de Tenerife\",\"description\":\"Federaci\u00f3n Insular de Tenerife\",\"potentialAction\":[{\"@type\":\"SearchAction\",\"target\":{\"@type\":\"EntryPoint\",\"urlTemplate\":\"https:\\\/\\\/www.fecanbm.es\\\/tenerife\\\/?s={search_term_string}\"},\"query-input\":{\"@type\":\"PropertyValueSpecification\",\"valueRequired\":true,\"valueName\":\"search_term_string\"}}],\"inLanguage\":\"es\"},{\"@type\":\"Person\",\"@id\":\"https:\\\/\\\/www.fecanbm.es\\\/tenerife\\\/#\\\/schema\\\/person\\\/8dc4f7faa1d1529422d09ce29bfaff34\",\"name\":\"Prensa_Tenerife\",\"image\":{\"@type\":\"ImageObject\",\"inLanguage\":\"es\",\"@id\":\"https:\\\/\\\/secure.gravatar.com\\\/avatar\\\/a2e5c44652b49873c2c48146547b9e5798ffd79e53a401add97df5a579086fed?s=96&d=mm&r=g\",\"url\":\"https:\\\/\\\/secure.gravatar.com\\\/avatar\\\/a2e5c44652b49873c2c48146547b9e5798ffd79e53a401add97df5a579086fed?s=96&d=mm&r=g\",\"contentUrl\":\"https:\\\/\\\/secure.gravatar.com\\\/avatar\\\/a2e5c44652b49873c2c48146547b9e5798ffd79e53a401add97df5a579086fed?s=96&d=mm&r=g\",\"caption\":\"Prensa_Tenerife\"},\"url\":\"https:\\\/\\\/www.fecanbm.es\\\/tenerife\\\/author\\\/ruyherodriguez\\\/\"}]}<\/script>\n<!-- \/ Yoast SEO plugin. -->","yoast_head_json":{"title":"Derbi canario por la permanencia en el Pabell\u00f3n Celestino Hern\u00e1ndez - Federaci\u00f3n Insular de Tenerife","robots":{"index":"index","follow":"follow","max-snippet":"max-snippet:-1","max-image-preview":"max-image-preview:large","max-video-preview":"max-video-preview:-1"},"canonical":"https:\/\/www.fecanbm.es\/tenerife\/derbi-canario-por-la-permanencia-en-el-pabellon-celestino-hernandez\/","og_locale":"es_ES","og_type":"article","og_title":"Derbi canario por la permanencia en el Pabell\u00f3n Celestino Hern\u00e1ndez - Federaci\u00f3n Insular de Tenerife","og_description":"El&nbsp;Balonmano Perdoma&nbsp;recibe este domingo a las 12:30 horas al&nbsp;Balonmano Romade&nbsp;en el Pabell\u00f3n Celestino Hern\u00e1ndez en un derbi canario cargado de emoci\u00f3n y con mucho m\u00e1s que dos puntos en juego. El conjunto dirigido por Ruyman Herrera afronta la cita como una aut\u00e9ntica final. Las tinerfe\u00f1as necesitan imperiosamente la victoria para mantener vivas sus opciones de [&hellip;]","og_url":"https:\/\/www.fecanbm.es\/tenerife\/derbi-canario-por-la-permanencia-en-el-pabellon-celestino-hernandez\/","og_site_name":"Federaci\u00f3n Insular de Tenerife","article_published_time":"2026-03-06T00:46:24+00:00","article_modified_time":"2026-03-06T00:46:36+00:00","og_image":[{"width":1080,"height":1350,"url":"https:\/\/www.fecanbm.es\/tenerife\/wp-content\/uploads\/sites\/2\/2026\/03\/JORNADA-21.webp","type":"image\/png"}],"author":"Prensa_Tenerife","twitter_card":"summary_large_image","twitter_misc":{"Escrito por":"Prensa_Tenerife","Tiempo de lectura":"2 minutos"},"schema":{"@context":"https:\/\/schema.org","@graph":[{"@type":"Article","@id":"https:\/\/www.fecanbm.es\/tenerife\/derbi-canario-por-la-permanencia-en-el-pabellon-celestino-hernandez\/#article","isPartOf":{"@id":"https:\/\/www.fecanbm.es\/tenerife\/derbi-canario-por-la-permanencia-en-el-pabellon-celestino-hernandez\/"},"author":{"name":"Prensa_Tenerife","@id":"https:\/\/www.fecanbm.es\/tenerife\/#\/schema\/person\/8dc4f7faa1d1529422d09ce29bfaff34"},"headline":"Derbi canario por la permanencia en el Pabell\u00f3n Celestino Hern\u00e1ndez","datePublished":"2026-03-06T00:46:24+00:00","dateModified":"2026-03-06T00:46:36+00:00","mainEntityOfPage":{"@id":"https:\/\/www.fecanbm.es\/tenerife\/derbi-canario-por-la-permanencia-en-el-pabellon-celestino-hernandez\/"},"wordCount":269,"image":{"@id":"https:\/\/www.fecanbm.es\/tenerife\/derbi-canario-por-la-permanencia-en-el-pabellon-celestino-hernandez\/#primaryimage"},"thumbnailUrl":"https:\/\/www.fecanbm.es\/tenerife\/wp-content\/uploads\/sites\/2\/2026\/03\/JORNADA-21.webp","articleSection":["Noticias","Portada"],"inLanguage":"es"},{"@type":"WebPage","@id":"https:\/\/www.fecanbm.es\/tenerife\/derbi-canario-por-la-permanencia-en-el-pabellon-celestino-hernandez\/","url":"https:\/\/www.fecanbm.es\/tenerife\/derbi-canario-por-la-permanencia-en-el-pabellon-celestino-hernandez\/","name":"Derbi canario por la permanencia en el Pabell\u00f3n Celestino Hern\u00e1ndez - Federaci\u00f3n Insular de Tenerife","isPartOf":{"@id":"https:\/\/www.fecanbm.es\/tenerife\/#website"},"primaryImageOfPage":{"@id":"https:\/\/www.fecanbm.es\/tenerife\/derbi-canario-por-la-permanencia-en-el-pabellon-celestino-hernandez\/#primaryimage"},"image":{"@id":"https:\/\/www.fecanbm.es\/tenerife\/derbi-canario-por-la-permanencia-en-el-pabellon-celestino-hernandez\/#primaryimage"},"thumbnailUrl":"https:\/\/www.fecanbm.es\/tenerife\/wp-content\/uploads\/sites\/2\/2026\/03\/JORNADA-21.webp","datePublished":"2026-03-06T00:46:24+00:00","dateModified":"2026-03-06T00:46:36+00:00","author":{"@id":"https:\/\/www.fecanbm.es\/tenerife\/#\/schema\/person\/8dc4f7faa1d1529422d09ce29bfaff34"},"breadcrumb":{"@id":"https:\/\/www.fecanbm.es\/tenerife\/derbi-canario-por-la-permanencia-en-el-pabellon-celestino-hernandez\/#breadcrumb"},"inLanguage":"es","potentialAction":[{"@type":"ReadAction","target":["https:\/\/www.fecanbm.es\/tenerife\/derbi-canario-por-la-permanencia-en-el-pabellon-celestino-hernandez\/"]}]},{"@type":"ImageObject","inLanguage":"es","@id":"https:\/\/www.fecanbm.es\/tenerife\/derbi-canario-por-la-permanencia-en-el-pabellon-celestino-hernandez\/#primaryimage","url":"https:\/\/www.fecanbm.es\/tenerife\/wp-content\/uploads\/sites\/2\/2026\/03\/JORNADA-21.webp","contentUrl":"https:\/\/www.fecanbm.es\/tenerife\/wp-content\/uploads\/sites\/2\/2026\/03\/JORNADA-21.webp","width":1080,"height":1350},{"@type":"BreadcrumbList","@id":"https:\/\/www.fecanbm.es\/tenerife\/derbi-canario-por-la-permanencia-en-el-pabellon-celestino-hernandez\/#breadcrumb","itemListElement":[{"@type":"ListItem","position":1,"name":"Portada","item":"https:\/\/www.fecanbm.es\/tenerife\/"},{"@type":"ListItem","position":2,"name":"Derbi canario por la permanencia en el Pabell\u00f3n Celestino Hern\u00e1ndez"}]},{"@type":"WebSite","@id":"https:\/\/www.fecanbm.es\/tenerife\/#website","url":"https:\/\/www.fecanbm.es\/tenerife\/","name":"Federaci\u00f3n Insular de Tenerife","description":"Federaci\u00f3n Insular de Tenerife","potentialAction":[{"@type":"SearchAction","target":{"@type":"EntryPoint","urlTemplate":"https:\/\/www.fecanbm.es\/tenerife\/?s={search_term_string}"},"query-input":{"@type":"PropertyValueSpecification","valueRequired":true,"valueName":"search_term_string"}}],"inLanguage":"es"},{"@type":"Person","@id":"https:\/\/www.fecanbm.es\/tenerife\/#\/schema\/person\/8dc4f7faa1d1529422d09ce29bfaff34","name":"Prensa_Tenerife","image":{"@type":"ImageObject","inLanguage":"es","@id":"https:\/\/secure.gravatar.com\/avatar\/a2e5c44652b49873c2c48146547b9e5798ffd79e53a401add97df5a579086fed?s=96&d=mm&r=g","url":"https:\/\/secure.gravatar.com\/avatar\/a2e5c44652b49873c2c48146547b9e5798ffd79e53a401add97df5a579086fed?s=96&d=mm&r=g","contentUrl":"https:\/\/secure.gravatar.com\/avatar\/a2e5c44652b49873c2c48146547b9e5798ffd79e53a401add97df5a579086fed?s=96&d=mm&r=g","caption":"Prensa_Tenerife"},"url":"https:\/\/www.fecanbm.es\/tenerife\/author\/ruyherodriguez\/"}]}},"_links":{"self":[{"href":"https:\/\/www.fecanbm.es\/tenerife\/wp-json\/wp\/v2\/posts\/13678","targetHints":{"allow":["GET"]}}],"collection":[{"href":"https:\/\/www.fecanbm.es\/tenerife\/wp-json\/wp\/v2\/posts"}],"about":[{"href":"https:\/\/www.fecanbm.es\/tenerife\/wp-json\/wp\/v2\/types\/post"}],"author":[{"embeddable":true,"href":"https:\/\/www.fecanbm.es\/tenerife\/wp-json\/wp\/v2\/users\/11"}],"replies":[{"embeddable":true,"href":"https:\/\/www.fecanbm.es\/tenerife\/wp-json\/wp\/v2\/comments?post=13678"}],"version-history":[{"count":1,"href":"https:\/\/www.fecanbm.es\/tenerife\/wp-json\/wp\/v2\/posts\/13678\/revisions"}],"predecessor-version":[{"id":13680,"href":"https:\/\/www.fecanbm.es\/tenerife\/wp-json\/wp\/v2\/posts\/13678\/revisions\/13680"}],"wp:featuredmedia":[{"embeddable":true,"href":"https:\/\/www.fecanbm.es\/tenerife\/wp-json\/wp\/v2\/media\/13679"}],"wp:attachment":[{"href":"https:\/\/www.fecanbm.es\/tenerife\/wp-json\/wp\/v2\/media?parent=13678"}],"wp:term":[{"taxonomy":"category","embeddable":true,"href":"https:\/\/www.fecanbm.es\/tenerife\/wp-json\/wp\/v2\/categories?post=13678"},{"taxonomy":"post_tag","embeddable":true,"href":"https:\/\/www.fecanbm.es\/tenerife\/wp-json\/wp\/v2\/tags?post=13678"}],"curies":[{"name":"wp","href":"https:\/\/api.w.org\/{rel}","templated":true}]}}