{"id":13672,"date":"2026-03-05T19:57:27","date_gmt":"2026-03-05T18:57:27","guid":{"rendered":"https:\/\/www.fecanbm.es\/tenerife\/?p=13672"},"modified":"2026-03-05T19:57:27","modified_gmt":"2026-03-05T18:57:27","slug":"fase-final-infantil-masculina-2","status":"publish","type":"post","link":"https:\/\/www.fecanbm.es\/tenerife\/fase-final-infantil-masculina-2\/","title":{"rendered":"Fase Final Infantil Masculina"},"content":{"rendered":"\n<p>Finalmente ser\u00e1 el Pabell\u00f3n Celestino Hern\u00e1ndez de La Perdoma (La Orotava) el escenario de la Fase Final Infantil Masculina este fin de semana del 7-8 de Marzo.<\/p>\n\n\n\n<figure class=\"wp-block-image aligncenter size-medium\"><img fetchpriority=\"high\" decoding=\"async\" width=\"240\" height=\"300\" src=\"https:\/\/www.fecanbm.es\/tenerife\/wp-content\/uploads\/sites\/2\/2026\/03\/Fase-Final-240x300.webp\" alt=\"\" class=\"wp-image-13673\" srcset=\"https:\/\/www.fecanbm.es\/tenerife\/wp-content\/uploads\/sites\/2\/2026\/03\/Fase-Final-240x300.webp 240w, https:\/\/www.fecanbm.es\/tenerife\/wp-content\/uploads\/sites\/2\/2026\/03\/Fase-Final-819x1024.webp 819w, https:\/\/www.fecanbm.es\/tenerife\/wp-content\/uploads\/sites\/2\/2026\/03\/Fase-Final-768x960.webp 768w, https:\/\/www.fecanbm.es\/tenerife\/wp-content\/uploads\/sites\/2\/2026\/03\/Fase-Final.webp 1080w\" sizes=\"(max-width: 240px) 100vw, 240px\" \/><\/figure>\n\n\n\n<p>Balonmano Tegueste, CB Serigraf\u00edas Cucas Realejos, Multiplicas Orotava Perdoma y Club Balonmano Arona luchar\u00e1n por un t\u00edtulo insular en una categor\u00eda que durante la primera fase nos ha regalado buenos momentos de balonmano. <\/p>\n\n\n\n<p>El Balonmano Tegueste parte como favorito al quedar primero en la fase preliminar, ganando todos sus encuentros con solvencia, pero nunca hay que descartar ni al CB Serigraf\u00edas Cucas Realejos, experto en este tipo de competiciones cortas, as\u00ed como a perdomeros y sure\u00f1os, que pueden dar la sorpresa en una fase en la que un mal d\u00eda puede ser determinante.<\/p>\n\n\n\n<p>Ser\u00e1 todo una fiesta del balonmano base insular en la que se espera gran afluencia de p\u00fablico en una instalaci\u00f3n acostumbrada a grandes eventos de nuestro deporte.<\/p>\n","protected":false},"excerpt":{"rendered":"<p>Finalmente ser\u00e1 el Pabell\u00f3n Celestino Hern\u00e1ndez de La Perdoma (La Orotava) el escenario de la Fase Final Infantil Masculina este fin de semana del 7-8 de Marzo. Balonmano Tegueste, CB Serigraf\u00edas Cucas Realejos, Multiplicas Orotava Perdoma y Club Balonmano Arona luchar\u00e1n por un t\u00edtulo insular en una categor\u00eda que durante la primera fase nos ha [&hellip;]<\/p>\n","protected":false},"author":11,"featured_media":13673,"comment_status":"closed","ping_status":"closed","sticky":false,"template":"","format":"standard","meta":{"ngg_post_thumbnail":0,"footnotes":""},"categories":[1],"tags":[],"class_list":["post-13672","post","type-post","status-publish","format-standard","has-post-thumbnail","hentry","category-noticias"],"yoast_head":"<!-- This site is optimized with the Yoast SEO plugin v27.5 - https:\/\/yoast.com\/product\/yoast-seo-wordpress\/ -->\n<title>Fase Final Infantil Masculina - Federaci\u00f3n Insular de Tenerife<\/title>\n<meta name=\"robots\" content=\"index, follow, max-snippet:-1, max-image-preview:large, max-video-preview:-1\" \/>\n<link rel=\"canonical\" href=\"https:\/\/www.fecanbm.es\/tenerife\/fase-final-infantil-masculina-2\/\" \/>\n<meta property=\"og:locale\" content=\"es_ES\" \/>\n<meta property=\"og:type\" content=\"article\" \/>\n<meta property=\"og:title\" content=\"Fase Final Infantil Masculina - Federaci\u00f3n Insular de Tenerife\" \/>\n<meta property=\"og:description\" content=\"Finalmente ser\u00e1 el Pabell\u00f3n Celestino Hern\u00e1ndez de La Perdoma (La Orotava) el escenario de la Fase Final Infantil Masculina este fin de semana del 7-8 de Marzo. Balonmano Tegueste, CB Serigraf\u00edas Cucas Realejos, Multiplicas Orotava Perdoma y Club Balonmano Arona luchar\u00e1n por un t\u00edtulo insular en una categor\u00eda que durante la primera fase nos ha [&hellip;]\" \/>\n<meta property=\"og:url\" content=\"https:\/\/www.fecanbm.es\/tenerife\/fase-final-infantil-masculina-2\/\" \/>\n<meta property=\"og:site_name\" content=\"Federaci\u00f3n Insular de Tenerife\" \/>\n<meta property=\"article:published_time\" content=\"2026-03-05T18:57:27+00:00\" \/>\n<meta property=\"og:image\" content=\"https:\/\/www.fecanbm.es\/tenerife\/wp-content\/uploads\/sites\/2\/2026\/03\/Fase-Final.webp\" \/>\n\t<meta property=\"og:image:width\" content=\"1080\" \/>\n\t<meta property=\"og:image:height\" content=\"1350\" \/>\n\t<meta property=\"og:image:type\" content=\"image\/png\" \/>\n<meta name=\"author\" content=\"Prensa_Tenerife\" \/>\n<meta name=\"twitter:card\" content=\"summary_large_image\" \/>\n<meta name=\"twitter:label1\" content=\"Escrito por\" \/>\n\t<meta name=\"twitter:data1\" content=\"Prensa_Tenerife\" \/>\n\t<meta name=\"twitter:label2\" content=\"Tiempo de lectura\" \/>\n\t<meta name=\"twitter:data2\" content=\"2 minutos\" \/>\n<script type=\"application\/ld+json\" class=\"yoast-schema-graph\">{\"@context\":\"https:\\\/\\\/schema.org\",\"@graph\":[{\"@type\":\"Article\",\"@id\":\"https:\\\/\\\/www.fecanbm.es\\\/tenerife\\\/fase-final-infantil-masculina-2\\\/#article\",\"isPartOf\":{\"@id\":\"https:\\\/\\\/www.fecanbm.es\\\/tenerife\\\/fase-final-infantil-masculina-2\\\/\"},\"author\":{\"name\":\"Prensa_Tenerife\",\"@id\":\"https:\\\/\\\/www.fecanbm.es\\\/tenerife\\\/#\\\/schema\\\/person\\\/8dc4f7faa1d1529422d09ce29bfaff34\"},\"headline\":\"Fase Final Infantil Masculina\",\"datePublished\":\"2026-03-05T18:57:27+00:00\",\"mainEntityOfPage\":{\"@id\":\"https:\\\/\\\/www.fecanbm.es\\\/tenerife\\\/fase-final-infantil-masculina-2\\\/\"},\"wordCount\":162,\"image\":{\"@id\":\"https:\\\/\\\/www.fecanbm.es\\\/tenerife\\\/fase-final-infantil-masculina-2\\\/#primaryimage\"},\"thumbnailUrl\":\"https:\\\/\\\/www.fecanbm.es\\\/tenerife\\\/wp-content\\\/uploads\\\/sites\\\/2\\\/2026\\\/03\\\/Fase-Final.webp\",\"articleSection\":[\"Noticias\"],\"inLanguage\":\"es\"},{\"@type\":\"WebPage\",\"@id\":\"https:\\\/\\\/www.fecanbm.es\\\/tenerife\\\/fase-final-infantil-masculina-2\\\/\",\"url\":\"https:\\\/\\\/www.fecanbm.es\\\/tenerife\\\/fase-final-infantil-masculina-2\\\/\",\"name\":\"Fase Final Infantil Masculina - Federaci\u00f3n Insular de Tenerife\",\"isPartOf\":{\"@id\":\"https:\\\/\\\/www.fecanbm.es\\\/tenerife\\\/#website\"},\"primaryImageOfPage\":{\"@id\":\"https:\\\/\\\/www.fecanbm.es\\\/tenerife\\\/fase-final-infantil-masculina-2\\\/#primaryimage\"},\"image\":{\"@id\":\"https:\\\/\\\/www.fecanbm.es\\\/tenerife\\\/fase-final-infantil-masculina-2\\\/#primaryimage\"},\"thumbnailUrl\":\"https:\\\/\\\/www.fecanbm.es\\\/tenerife\\\/wp-content\\\/uploads\\\/sites\\\/2\\\/2026\\\/03\\\/Fase-Final.webp\",\"datePublished\":\"2026-03-05T18:57:27+00:00\",\"author\":{\"@id\":\"https:\\\/\\\/www.fecanbm.es\\\/tenerife\\\/#\\\/schema\\\/person\\\/8dc4f7faa1d1529422d09ce29bfaff34\"},\"breadcrumb\":{\"@id\":\"https:\\\/\\\/www.fecanbm.es\\\/tenerife\\\/fase-final-infantil-masculina-2\\\/#breadcrumb\"},\"inLanguage\":\"es\",\"potentialAction\":[{\"@type\":\"ReadAction\",\"target\":[\"https:\\\/\\\/www.fecanbm.es\\\/tenerife\\\/fase-final-infantil-masculina-2\\\/\"]}]},{\"@type\":\"ImageObject\",\"inLanguage\":\"es\",\"@id\":\"https:\\\/\\\/www.fecanbm.es\\\/tenerife\\\/fase-final-infantil-masculina-2\\\/#primaryimage\",\"url\":\"https:\\\/\\\/www.fecanbm.es\\\/tenerife\\\/wp-content\\\/uploads\\\/sites\\\/2\\\/2026\\\/03\\\/Fase-Final.webp\",\"contentUrl\":\"https:\\\/\\\/www.fecanbm.es\\\/tenerife\\\/wp-content\\\/uploads\\\/sites\\\/2\\\/2026\\\/03\\\/Fase-Final.webp\",\"width\":1080,\"height\":1350},{\"@type\":\"BreadcrumbList\",\"@id\":\"https:\\\/\\\/www.fecanbm.es\\\/tenerife\\\/fase-final-infantil-masculina-2\\\/#breadcrumb\",\"itemListElement\":[{\"@type\":\"ListItem\",\"position\":1,\"name\":\"Portada\",\"item\":\"https:\\\/\\\/www.fecanbm.es\\\/tenerife\\\/\"},{\"@type\":\"ListItem\",\"position\":2,\"name\":\"Fase Final Infantil Masculina\"}]},{\"@type\":\"WebSite\",\"@id\":\"https:\\\/\\\/www.fecanbm.es\\\/tenerife\\\/#website\",\"url\":\"https:\\\/\\\/www.fecanbm.es\\\/tenerife\\\/\",\"name\":\"Federaci\u00f3n Insular de Tenerife\",\"description\":\"Federaci\u00f3n Insular de Tenerife\",\"potentialAction\":[{\"@type\":\"SearchAction\",\"target\":{\"@type\":\"EntryPoint\",\"urlTemplate\":\"https:\\\/\\\/www.fecanbm.es\\\/tenerife\\\/?s={search_term_string}\"},\"query-input\":{\"@type\":\"PropertyValueSpecification\",\"valueRequired\":true,\"valueName\":\"search_term_string\"}}],\"inLanguage\":\"es\"},{\"@type\":\"Person\",\"@id\":\"https:\\\/\\\/www.fecanbm.es\\\/tenerife\\\/#\\\/schema\\\/person\\\/8dc4f7faa1d1529422d09ce29bfaff34\",\"name\":\"Prensa_Tenerife\",\"image\":{\"@type\":\"ImageObject\",\"inLanguage\":\"es\",\"@id\":\"https:\\\/\\\/secure.gravatar.com\\\/avatar\\\/a2e5c44652b49873c2c48146547b9e5798ffd79e53a401add97df5a579086fed?s=96&d=mm&r=g\",\"url\":\"https:\\\/\\\/secure.gravatar.com\\\/avatar\\\/a2e5c44652b49873c2c48146547b9e5798ffd79e53a401add97df5a579086fed?s=96&d=mm&r=g\",\"contentUrl\":\"https:\\\/\\\/secure.gravatar.com\\\/avatar\\\/a2e5c44652b49873c2c48146547b9e5798ffd79e53a401add97df5a579086fed?s=96&d=mm&r=g\",\"caption\":\"Prensa_Tenerife\"},\"url\":\"https:\\\/\\\/www.fecanbm.es\\\/tenerife\\\/author\\\/ruyherodriguez\\\/\"}]}<\/script>\n<!-- \/ Yoast SEO plugin. -->","yoast_head_json":{"title":"Fase Final Infantil Masculina - Federaci\u00f3n Insular de Tenerife","robots":{"index":"index","follow":"follow","max-snippet":"max-snippet:-1","max-image-preview":"max-image-preview:large","max-video-preview":"max-video-preview:-1"},"canonical":"https:\/\/www.fecanbm.es\/tenerife\/fase-final-infantil-masculina-2\/","og_locale":"es_ES","og_type":"article","og_title":"Fase Final Infantil Masculina - Federaci\u00f3n Insular de Tenerife","og_description":"Finalmente ser\u00e1 el Pabell\u00f3n Celestino Hern\u00e1ndez de La Perdoma (La Orotava) el escenario de la Fase Final Infantil Masculina este fin de semana del 7-8 de Marzo. Balonmano Tegueste, CB Serigraf\u00edas Cucas Realejos, Multiplicas Orotava Perdoma y Club Balonmano Arona luchar\u00e1n por un t\u00edtulo insular en una categor\u00eda que durante la primera fase nos ha [&hellip;]","og_url":"https:\/\/www.fecanbm.es\/tenerife\/fase-final-infantil-masculina-2\/","og_site_name":"Federaci\u00f3n Insular de Tenerife","article_published_time":"2026-03-05T18:57:27+00:00","og_image":[{"width":1080,"height":1350,"url":"https:\/\/www.fecanbm.es\/tenerife\/wp-content\/uploads\/sites\/2\/2026\/03\/Fase-Final.webp","type":"image\/png"}],"author":"Prensa_Tenerife","twitter_card":"summary_large_image","twitter_misc":{"Escrito por":"Prensa_Tenerife","Tiempo de lectura":"2 minutos"},"schema":{"@context":"https:\/\/schema.org","@graph":[{"@type":"Article","@id":"https:\/\/www.fecanbm.es\/tenerife\/fase-final-infantil-masculina-2\/#article","isPartOf":{"@id":"https:\/\/www.fecanbm.es\/tenerife\/fase-final-infantil-masculina-2\/"},"author":{"name":"Prensa_Tenerife","@id":"https:\/\/www.fecanbm.es\/tenerife\/#\/schema\/person\/8dc4f7faa1d1529422d09ce29bfaff34"},"headline":"Fase Final Infantil Masculina","datePublished":"2026-03-05T18:57:27+00:00","mainEntityOfPage":{"@id":"https:\/\/www.fecanbm.es\/tenerife\/fase-final-infantil-masculina-2\/"},"wordCount":162,"image":{"@id":"https:\/\/www.fecanbm.es\/tenerife\/fase-final-infantil-masculina-2\/#primaryimage"},"thumbnailUrl":"https:\/\/www.fecanbm.es\/tenerife\/wp-content\/uploads\/sites\/2\/2026\/03\/Fase-Final.webp","articleSection":["Noticias"],"inLanguage":"es"},{"@type":"WebPage","@id":"https:\/\/www.fecanbm.es\/tenerife\/fase-final-infantil-masculina-2\/","url":"https:\/\/www.fecanbm.es\/tenerife\/fase-final-infantil-masculina-2\/","name":"Fase Final Infantil Masculina - Federaci\u00f3n Insular de Tenerife","isPartOf":{"@id":"https:\/\/www.fecanbm.es\/tenerife\/#website"},"primaryImageOfPage":{"@id":"https:\/\/www.fecanbm.es\/tenerife\/fase-final-infantil-masculina-2\/#primaryimage"},"image":{"@id":"https:\/\/www.fecanbm.es\/tenerife\/fase-final-infantil-masculina-2\/#primaryimage"},"thumbnailUrl":"https:\/\/www.fecanbm.es\/tenerife\/wp-content\/uploads\/sites\/2\/2026\/03\/Fase-Final.webp","datePublished":"2026-03-05T18:57:27+00:00","author":{"@id":"https:\/\/www.fecanbm.es\/tenerife\/#\/schema\/person\/8dc4f7faa1d1529422d09ce29bfaff34"},"breadcrumb":{"@id":"https:\/\/www.fecanbm.es\/tenerife\/fase-final-infantil-masculina-2\/#breadcrumb"},"inLanguage":"es","potentialAction":[{"@type":"ReadAction","target":["https:\/\/www.fecanbm.es\/tenerife\/fase-final-infantil-masculina-2\/"]}]},{"@type":"ImageObject","inLanguage":"es","@id":"https:\/\/www.fecanbm.es\/tenerife\/fase-final-infantil-masculina-2\/#primaryimage","url":"https:\/\/www.fecanbm.es\/tenerife\/wp-content\/uploads\/sites\/2\/2026\/03\/Fase-Final.webp","contentUrl":"https:\/\/www.fecanbm.es\/tenerife\/wp-content\/uploads\/sites\/2\/2026\/03\/Fase-Final.webp","width":1080,"height":1350},{"@type":"BreadcrumbList","@id":"https:\/\/www.fecanbm.es\/tenerife\/fase-final-infantil-masculina-2\/#breadcrumb","itemListElement":[{"@type":"ListItem","position":1,"name":"Portada","item":"https:\/\/www.fecanbm.es\/tenerife\/"},{"@type":"ListItem","position":2,"name":"Fase Final Infantil Masculina"}]},{"@type":"WebSite","@id":"https:\/\/www.fecanbm.es\/tenerife\/#website","url":"https:\/\/www.fecanbm.es\/tenerife\/","name":"Federaci\u00f3n Insular de Tenerife","description":"Federaci\u00f3n Insular de Tenerife","potentialAction":[{"@type":"SearchAction","target":{"@type":"EntryPoint","urlTemplate":"https:\/\/www.fecanbm.es\/tenerife\/?s={search_term_string}"},"query-input":{"@type":"PropertyValueSpecification","valueRequired":true,"valueName":"search_term_string"}}],"inLanguage":"es"},{"@type":"Person","@id":"https:\/\/www.fecanbm.es\/tenerife\/#\/schema\/person\/8dc4f7faa1d1529422d09ce29bfaff34","name":"Prensa_Tenerife","image":{"@type":"ImageObject","inLanguage":"es","@id":"https:\/\/secure.gravatar.com\/avatar\/a2e5c44652b49873c2c48146547b9e5798ffd79e53a401add97df5a579086fed?s=96&d=mm&r=g","url":"https:\/\/secure.gravatar.com\/avatar\/a2e5c44652b49873c2c48146547b9e5798ffd79e53a401add97df5a579086fed?s=96&d=mm&r=g","contentUrl":"https:\/\/secure.gravatar.com\/avatar\/a2e5c44652b49873c2c48146547b9e5798ffd79e53a401add97df5a579086fed?s=96&d=mm&r=g","caption":"Prensa_Tenerife"},"url":"https:\/\/www.fecanbm.es\/tenerife\/author\/ruyherodriguez\/"}]}},"_links":{"self":[{"href":"https:\/\/www.fecanbm.es\/tenerife\/wp-json\/wp\/v2\/posts\/13672","targetHints":{"allow":["GET"]}}],"collection":[{"href":"https:\/\/www.fecanbm.es\/tenerife\/wp-json\/wp\/v2\/posts"}],"about":[{"href":"https:\/\/www.fecanbm.es\/tenerife\/wp-json\/wp\/v2\/types\/post"}],"author":[{"embeddable":true,"href":"https:\/\/www.fecanbm.es\/tenerife\/wp-json\/wp\/v2\/users\/11"}],"replies":[{"embeddable":true,"href":"https:\/\/www.fecanbm.es\/tenerife\/wp-json\/wp\/v2\/comments?post=13672"}],"version-history":[{"count":1,"href":"https:\/\/www.fecanbm.es\/tenerife\/wp-json\/wp\/v2\/posts\/13672\/revisions"}],"predecessor-version":[{"id":13674,"href":"https:\/\/www.fecanbm.es\/tenerife\/wp-json\/wp\/v2\/posts\/13672\/revisions\/13674"}],"wp:featuredmedia":[{"embeddable":true,"href":"https:\/\/www.fecanbm.es\/tenerife\/wp-json\/wp\/v2\/media\/13673"}],"wp:attachment":[{"href":"https:\/\/www.fecanbm.es\/tenerife\/wp-json\/wp\/v2\/media?parent=13672"}],"wp:term":[{"taxonomy":"category","embeddable":true,"href":"https:\/\/www.fecanbm.es\/tenerife\/wp-json\/wp\/v2\/categories?post=13672"},{"taxonomy":"post_tag","embeddable":true,"href":"https:\/\/www.fecanbm.es\/tenerife\/wp-json\/wp\/v2\/tags?post=13672"}],"curies":[{"name":"wp","href":"https:\/\/api.w.org\/{rel}","templated":true}]}}