{"id":13443,"date":"2025-07-31T01:53:41","date_gmt":"2025-07-30T23:53:41","guid":{"rendered":"https:\/\/www.fecanbm.es\/tenerife\/?p=13443"},"modified":"2025-08-16T20:24:18","modified_gmt":"2025-08-16T18:24:18","slug":"renovacion","status":"publish","type":"post","link":"https:\/\/www.fecanbm.es\/tenerife\/renovacion\/","title":{"rendered":"RENOVACI\u00d3N"},"content":{"rendered":"\n<p>Ver\u00f3nica Trujillo seguir\u00e1 defendiendo la porter\u00eda del Club Balonmano Perdoma en Divisi\u00f3n de Honor Plata<\/p>\n\n\n\n<p>El Club Balonmano Perdoma anuncia la renovaci\u00f3n de Ver\u00f3nica Trujillo, quien continuar\u00e1 siendo una pieza fundamental en la porter\u00eda del equipo femenino que esta temporada competir\u00e1 en Divisi\u00f3n de Honor Plata.<\/p>\n\n\n\n<figure class=\"wp-block-image aligncenter size-medium\"><img fetchpriority=\"high\" decoding=\"async\" width=\"240\" height=\"300\" src=\"https:\/\/www.fecanbm.es\/tenerife\/wp-content\/uploads\/sites\/2\/2025\/07\/VERO-RENOVADA-240x300.webp\" alt=\"\" class=\"wp-image-13446\" srcset=\"https:\/\/www.fecanbm.es\/tenerife\/wp-content\/uploads\/sites\/2\/2025\/07\/VERO-RENOVADA-240x300.webp 240w, https:\/\/www.fecanbm.es\/tenerife\/wp-content\/uploads\/sites\/2\/2025\/07\/VERO-RENOVADA-819x1024.webp 819w, https:\/\/www.fecanbm.es\/tenerife\/wp-content\/uploads\/sites\/2\/2025\/07\/VERO-RENOVADA-768x960.webp 768w, https:\/\/www.fecanbm.es\/tenerife\/wp-content\/uploads\/sites\/2\/2025\/07\/VERO-RENOVADA.webp 1080w\" sizes=\"(max-width: 240px) 100vw, 240px\" \/><\/figure>\n\n\n\n<p>Formada en la cantera del club desde categor\u00eda alev\u00edn, Ver\u00f3nica representa a la perfecci\u00f3n los valores de nuestra entidad: compromiso, crecimiento y fidelidad. Su eficacia y seguridad bajo palos la han convertido en una garant\u00eda para el equipo y en una jugadora clave dentro del esquema t\u00e9cnico.<\/p>\n\n\n\n<p>La portera orotavense ha demostrado, a\u00f1o tras a\u00f1o, ser un pilar en los momentos m\u00e1s exigentes, y su continuidad supone un refuerzo de enorme valor de cara a una temporada hist\u00f3rica para el club. Su experiencia, reflejos y calidad t\u00e9cnico &#8211; t\u00e1ctica ser\u00e1n determinantes para afrontar este nuevo reto con la m\u00e1xima ambici\u00f3n.<\/p>\n\n\n\n<p>Desde el Club Balonmano Perdoma agradecemos a Ver\u00f3nica su confianza y renovado compromiso, y celebramos que siga formando parte de esta gran familia.<\/p>\n","protected":false},"excerpt":{"rendered":"<p>Ver\u00f3nica Trujillo seguir\u00e1 defendiendo la porter\u00eda del Club Balonmano Perdoma en Divisi\u00f3n de Honor Plata El Club Balonmano Perdoma anuncia la renovaci\u00f3n de Ver\u00f3nica Trujillo, quien continuar\u00e1 siendo una pieza fundamental en la porter\u00eda del equipo femenino que esta temporada competir\u00e1 en Divisi\u00f3n de Honor Plata. Formada en la cantera del club desde categor\u00eda alev\u00edn, [&hellip;]<\/p>\n","protected":false},"author":11,"featured_media":13446,"comment_status":"closed","ping_status":"closed","sticky":false,"template":"","format":"standard","meta":{"ngg_post_thumbnail":0,"footnotes":""},"categories":[526,1,522],"tags":[],"class_list":["post-13443","post","type-post","status-publish","format-standard","has-post-thumbnail","hentry","category-insular-tenerife","category-noticias","category-portada"],"yoast_head":"<!-- This site is optimized with the Yoast SEO plugin v27.5 - https:\/\/yoast.com\/product\/yoast-seo-wordpress\/ -->\n<title>RENOVACI\u00d3N - Federaci\u00f3n Insular de Tenerife<\/title>\n<meta name=\"robots\" content=\"index, follow, max-snippet:-1, max-image-preview:large, max-video-preview:-1\" \/>\n<link rel=\"canonical\" href=\"https:\/\/www.fecanbm.es\/tenerife\/renovacion\/\" \/>\n<meta property=\"og:locale\" content=\"es_ES\" \/>\n<meta property=\"og:type\" content=\"article\" \/>\n<meta property=\"og:title\" content=\"RENOVACI\u00d3N - Federaci\u00f3n Insular de Tenerife\" \/>\n<meta property=\"og:description\" content=\"Ver\u00f3nica Trujillo seguir\u00e1 defendiendo la porter\u00eda del Club Balonmano Perdoma en Divisi\u00f3n de Honor Plata El Club Balonmano Perdoma anuncia la renovaci\u00f3n de Ver\u00f3nica Trujillo, quien continuar\u00e1 siendo una pieza fundamental en la porter\u00eda del equipo femenino que esta temporada competir\u00e1 en Divisi\u00f3n de Honor Plata. Formada en la cantera del club desde categor\u00eda alev\u00edn, [&hellip;]\" \/>\n<meta property=\"og:url\" content=\"https:\/\/www.fecanbm.es\/tenerife\/renovacion\/\" \/>\n<meta property=\"og:site_name\" content=\"Federaci\u00f3n Insular de Tenerife\" \/>\n<meta property=\"article:published_time\" content=\"2025-07-30T23:53:41+00:00\" \/>\n<meta property=\"article:modified_time\" content=\"2025-08-16T18:24:18+00:00\" \/>\n<meta property=\"og:image\" content=\"https:\/\/www.fecanbm.es\/tenerife\/wp-content\/uploads\/sites\/2\/2025\/07\/VERO-RENOVADA.webp\" \/>\n\t<meta property=\"og:image:width\" content=\"1080\" \/>\n\t<meta property=\"og:image:height\" content=\"1350\" \/>\n\t<meta property=\"og:image:type\" content=\"image\/png\" \/>\n<meta name=\"author\" content=\"Prensa_Tenerife\" \/>\n<meta name=\"twitter:card\" content=\"summary_large_image\" \/>\n<meta name=\"twitter:label1\" content=\"Escrito por\" \/>\n\t<meta name=\"twitter:data1\" content=\"Prensa_Tenerife\" \/>\n\t<meta name=\"twitter:label2\" content=\"Tiempo de lectura\" \/>\n\t<meta name=\"twitter:data2\" content=\"2 minutos\" \/>\n<script type=\"application\/ld+json\" class=\"yoast-schema-graph\">{\"@context\":\"https:\\\/\\\/schema.org\",\"@graph\":[{\"@type\":\"Article\",\"@id\":\"https:\\\/\\\/www.fecanbm.es\\\/tenerife\\\/renovacion\\\/#article\",\"isPartOf\":{\"@id\":\"https:\\\/\\\/www.fecanbm.es\\\/tenerife\\\/renovacion\\\/\"},\"author\":{\"name\":\"Prensa_Tenerife\",\"@id\":\"https:\\\/\\\/www.fecanbm.es\\\/tenerife\\\/#\\\/schema\\\/person\\\/8dc4f7faa1d1529422d09ce29bfaff34\"},\"headline\":\"RENOVACI\u00d3N\",\"datePublished\":\"2025-07-30T23:53:41+00:00\",\"dateModified\":\"2025-08-16T18:24:18+00:00\",\"mainEntityOfPage\":{\"@id\":\"https:\\\/\\\/www.fecanbm.es\\\/tenerife\\\/renovacion\\\/\"},\"wordCount\":194,\"image\":{\"@id\":\"https:\\\/\\\/www.fecanbm.es\\\/tenerife\\\/renovacion\\\/#primaryimage\"},\"thumbnailUrl\":\"https:\\\/\\\/www.fecanbm.es\\\/tenerife\\\/wp-content\\\/uploads\\\/sites\\\/2\\\/2025\\\/07\\\/VERO-RENOVADA.webp\",\"articleSection\":[\"Insular Tenerife\",\"Noticias\",\"Portada\"],\"inLanguage\":\"es\"},{\"@type\":\"WebPage\",\"@id\":\"https:\\\/\\\/www.fecanbm.es\\\/tenerife\\\/renovacion\\\/\",\"url\":\"https:\\\/\\\/www.fecanbm.es\\\/tenerife\\\/renovacion\\\/\",\"name\":\"RENOVACI\u00d3N - Federaci\u00f3n Insular de Tenerife\",\"isPartOf\":{\"@id\":\"https:\\\/\\\/www.fecanbm.es\\\/tenerife\\\/#website\"},\"primaryImageOfPage\":{\"@id\":\"https:\\\/\\\/www.fecanbm.es\\\/tenerife\\\/renovacion\\\/#primaryimage\"},\"image\":{\"@id\":\"https:\\\/\\\/www.fecanbm.es\\\/tenerife\\\/renovacion\\\/#primaryimage\"},\"thumbnailUrl\":\"https:\\\/\\\/www.fecanbm.es\\\/tenerife\\\/wp-content\\\/uploads\\\/sites\\\/2\\\/2025\\\/07\\\/VERO-RENOVADA.webp\",\"datePublished\":\"2025-07-30T23:53:41+00:00\",\"dateModified\":\"2025-08-16T18:24:18+00:00\",\"author\":{\"@id\":\"https:\\\/\\\/www.fecanbm.es\\\/tenerife\\\/#\\\/schema\\\/person\\\/8dc4f7faa1d1529422d09ce29bfaff34\"},\"breadcrumb\":{\"@id\":\"https:\\\/\\\/www.fecanbm.es\\\/tenerife\\\/renovacion\\\/#breadcrumb\"},\"inLanguage\":\"es\",\"potentialAction\":[{\"@type\":\"ReadAction\",\"target\":[\"https:\\\/\\\/www.fecanbm.es\\\/tenerife\\\/renovacion\\\/\"]}]},{\"@type\":\"ImageObject\",\"inLanguage\":\"es\",\"@id\":\"https:\\\/\\\/www.fecanbm.es\\\/tenerife\\\/renovacion\\\/#primaryimage\",\"url\":\"https:\\\/\\\/www.fecanbm.es\\\/tenerife\\\/wp-content\\\/uploads\\\/sites\\\/2\\\/2025\\\/07\\\/VERO-RENOVADA.webp\",\"contentUrl\":\"https:\\\/\\\/www.fecanbm.es\\\/tenerife\\\/wp-content\\\/uploads\\\/sites\\\/2\\\/2025\\\/07\\\/VERO-RENOVADA.webp\",\"width\":1080,\"height\":1350},{\"@type\":\"BreadcrumbList\",\"@id\":\"https:\\\/\\\/www.fecanbm.es\\\/tenerife\\\/renovacion\\\/#breadcrumb\",\"itemListElement\":[{\"@type\":\"ListItem\",\"position\":1,\"name\":\"Portada\",\"item\":\"https:\\\/\\\/www.fecanbm.es\\\/tenerife\\\/\"},{\"@type\":\"ListItem\",\"position\":2,\"name\":\"RENOVACI\u00d3N\"}]},{\"@type\":\"WebSite\",\"@id\":\"https:\\\/\\\/www.fecanbm.es\\\/tenerife\\\/#website\",\"url\":\"https:\\\/\\\/www.fecanbm.es\\\/tenerife\\\/\",\"name\":\"Federaci\u00f3n Insular de Tenerife\",\"description\":\"Federaci\u00f3n Insular de Tenerife\",\"potentialAction\":[{\"@type\":\"SearchAction\",\"target\":{\"@type\":\"EntryPoint\",\"urlTemplate\":\"https:\\\/\\\/www.fecanbm.es\\\/tenerife\\\/?s={search_term_string}\"},\"query-input\":{\"@type\":\"PropertyValueSpecification\",\"valueRequired\":true,\"valueName\":\"search_term_string\"}}],\"inLanguage\":\"es\"},{\"@type\":\"Person\",\"@id\":\"https:\\\/\\\/www.fecanbm.es\\\/tenerife\\\/#\\\/schema\\\/person\\\/8dc4f7faa1d1529422d09ce29bfaff34\",\"name\":\"Prensa_Tenerife\",\"image\":{\"@type\":\"ImageObject\",\"inLanguage\":\"es\",\"@id\":\"https:\\\/\\\/secure.gravatar.com\\\/avatar\\\/a2e5c44652b49873c2c48146547b9e5798ffd79e53a401add97df5a579086fed?s=96&d=mm&r=g\",\"url\":\"https:\\\/\\\/secure.gravatar.com\\\/avatar\\\/a2e5c44652b49873c2c48146547b9e5798ffd79e53a401add97df5a579086fed?s=96&d=mm&r=g\",\"contentUrl\":\"https:\\\/\\\/secure.gravatar.com\\\/avatar\\\/a2e5c44652b49873c2c48146547b9e5798ffd79e53a401add97df5a579086fed?s=96&d=mm&r=g\",\"caption\":\"Prensa_Tenerife\"},\"url\":\"https:\\\/\\\/www.fecanbm.es\\\/tenerife\\\/author\\\/ruyherodriguez\\\/\"}]}<\/script>\n<!-- \/ Yoast SEO plugin. -->","yoast_head_json":{"title":"RENOVACI\u00d3N - Federaci\u00f3n Insular de Tenerife","robots":{"index":"index","follow":"follow","max-snippet":"max-snippet:-1","max-image-preview":"max-image-preview:large","max-video-preview":"max-video-preview:-1"},"canonical":"https:\/\/www.fecanbm.es\/tenerife\/renovacion\/","og_locale":"es_ES","og_type":"article","og_title":"RENOVACI\u00d3N - Federaci\u00f3n Insular de Tenerife","og_description":"Ver\u00f3nica Trujillo seguir\u00e1 defendiendo la porter\u00eda del Club Balonmano Perdoma en Divisi\u00f3n de Honor Plata El Club Balonmano Perdoma anuncia la renovaci\u00f3n de Ver\u00f3nica Trujillo, quien continuar\u00e1 siendo una pieza fundamental en la porter\u00eda del equipo femenino que esta temporada competir\u00e1 en Divisi\u00f3n de Honor Plata. Formada en la cantera del club desde categor\u00eda alev\u00edn, [&hellip;]","og_url":"https:\/\/www.fecanbm.es\/tenerife\/renovacion\/","og_site_name":"Federaci\u00f3n Insular de Tenerife","article_published_time":"2025-07-30T23:53:41+00:00","article_modified_time":"2025-08-16T18:24:18+00:00","og_image":[{"width":1080,"height":1350,"url":"https:\/\/www.fecanbm.es\/tenerife\/wp-content\/uploads\/sites\/2\/2025\/07\/VERO-RENOVADA.webp","type":"image\/png"}],"author":"Prensa_Tenerife","twitter_card":"summary_large_image","twitter_misc":{"Escrito por":"Prensa_Tenerife","Tiempo de lectura":"2 minutos"},"schema":{"@context":"https:\/\/schema.org","@graph":[{"@type":"Article","@id":"https:\/\/www.fecanbm.es\/tenerife\/renovacion\/#article","isPartOf":{"@id":"https:\/\/www.fecanbm.es\/tenerife\/renovacion\/"},"author":{"name":"Prensa_Tenerife","@id":"https:\/\/www.fecanbm.es\/tenerife\/#\/schema\/person\/8dc4f7faa1d1529422d09ce29bfaff34"},"headline":"RENOVACI\u00d3N","datePublished":"2025-07-30T23:53:41+00:00","dateModified":"2025-08-16T18:24:18+00:00","mainEntityOfPage":{"@id":"https:\/\/www.fecanbm.es\/tenerife\/renovacion\/"},"wordCount":194,"image":{"@id":"https:\/\/www.fecanbm.es\/tenerife\/renovacion\/#primaryimage"},"thumbnailUrl":"https:\/\/www.fecanbm.es\/tenerife\/wp-content\/uploads\/sites\/2\/2025\/07\/VERO-RENOVADA.webp","articleSection":["Insular Tenerife","Noticias","Portada"],"inLanguage":"es"},{"@type":"WebPage","@id":"https:\/\/www.fecanbm.es\/tenerife\/renovacion\/","url":"https:\/\/www.fecanbm.es\/tenerife\/renovacion\/","name":"RENOVACI\u00d3N - Federaci\u00f3n Insular de Tenerife","isPartOf":{"@id":"https:\/\/www.fecanbm.es\/tenerife\/#website"},"primaryImageOfPage":{"@id":"https:\/\/www.fecanbm.es\/tenerife\/renovacion\/#primaryimage"},"image":{"@id":"https:\/\/www.fecanbm.es\/tenerife\/renovacion\/#primaryimage"},"thumbnailUrl":"https:\/\/www.fecanbm.es\/tenerife\/wp-content\/uploads\/sites\/2\/2025\/07\/VERO-RENOVADA.webp","datePublished":"2025-07-30T23:53:41+00:00","dateModified":"2025-08-16T18:24:18+00:00","author":{"@id":"https:\/\/www.fecanbm.es\/tenerife\/#\/schema\/person\/8dc4f7faa1d1529422d09ce29bfaff34"},"breadcrumb":{"@id":"https:\/\/www.fecanbm.es\/tenerife\/renovacion\/#breadcrumb"},"inLanguage":"es","potentialAction":[{"@type":"ReadAction","target":["https:\/\/www.fecanbm.es\/tenerife\/renovacion\/"]}]},{"@type":"ImageObject","inLanguage":"es","@id":"https:\/\/www.fecanbm.es\/tenerife\/renovacion\/#primaryimage","url":"https:\/\/www.fecanbm.es\/tenerife\/wp-content\/uploads\/sites\/2\/2025\/07\/VERO-RENOVADA.webp","contentUrl":"https:\/\/www.fecanbm.es\/tenerife\/wp-content\/uploads\/sites\/2\/2025\/07\/VERO-RENOVADA.webp","width":1080,"height":1350},{"@type":"BreadcrumbList","@id":"https:\/\/www.fecanbm.es\/tenerife\/renovacion\/#breadcrumb","itemListElement":[{"@type":"ListItem","position":1,"name":"Portada","item":"https:\/\/www.fecanbm.es\/tenerife\/"},{"@type":"ListItem","position":2,"name":"RENOVACI\u00d3N"}]},{"@type":"WebSite","@id":"https:\/\/www.fecanbm.es\/tenerife\/#website","url":"https:\/\/www.fecanbm.es\/tenerife\/","name":"Federaci\u00f3n Insular de Tenerife","description":"Federaci\u00f3n Insular de Tenerife","potentialAction":[{"@type":"SearchAction","target":{"@type":"EntryPoint","urlTemplate":"https:\/\/www.fecanbm.es\/tenerife\/?s={search_term_string}"},"query-input":{"@type":"PropertyValueSpecification","valueRequired":true,"valueName":"search_term_string"}}],"inLanguage":"es"},{"@type":"Person","@id":"https:\/\/www.fecanbm.es\/tenerife\/#\/schema\/person\/8dc4f7faa1d1529422d09ce29bfaff34","name":"Prensa_Tenerife","image":{"@type":"ImageObject","inLanguage":"es","@id":"https:\/\/secure.gravatar.com\/avatar\/a2e5c44652b49873c2c48146547b9e5798ffd79e53a401add97df5a579086fed?s=96&d=mm&r=g","url":"https:\/\/secure.gravatar.com\/avatar\/a2e5c44652b49873c2c48146547b9e5798ffd79e53a401add97df5a579086fed?s=96&d=mm&r=g","contentUrl":"https:\/\/secure.gravatar.com\/avatar\/a2e5c44652b49873c2c48146547b9e5798ffd79e53a401add97df5a579086fed?s=96&d=mm&r=g","caption":"Prensa_Tenerife"},"url":"https:\/\/www.fecanbm.es\/tenerife\/author\/ruyherodriguez\/"}]}},"_links":{"self":[{"href":"https:\/\/www.fecanbm.es\/tenerife\/wp-json\/wp\/v2\/posts\/13443","targetHints":{"allow":["GET"]}}],"collection":[{"href":"https:\/\/www.fecanbm.es\/tenerife\/wp-json\/wp\/v2\/posts"}],"about":[{"href":"https:\/\/www.fecanbm.es\/tenerife\/wp-json\/wp\/v2\/types\/post"}],"author":[{"embeddable":true,"href":"https:\/\/www.fecanbm.es\/tenerife\/wp-json\/wp\/v2\/users\/11"}],"replies":[{"embeddable":true,"href":"https:\/\/www.fecanbm.es\/tenerife\/wp-json\/wp\/v2\/comments?post=13443"}],"version-history":[{"count":2,"href":"https:\/\/www.fecanbm.es\/tenerife\/wp-json\/wp\/v2\/posts\/13443\/revisions"}],"predecessor-version":[{"id":13448,"href":"https:\/\/www.fecanbm.es\/tenerife\/wp-json\/wp\/v2\/posts\/13443\/revisions\/13448"}],"wp:featuredmedia":[{"embeddable":true,"href":"https:\/\/www.fecanbm.es\/tenerife\/wp-json\/wp\/v2\/media\/13446"}],"wp:attachment":[{"href":"https:\/\/www.fecanbm.es\/tenerife\/wp-json\/wp\/v2\/media?parent=13443"}],"wp:term":[{"taxonomy":"category","embeddable":true,"href":"https:\/\/www.fecanbm.es\/tenerife\/wp-json\/wp\/v2\/categories?post=13443"},{"taxonomy":"post_tag","embeddable":true,"href":"https:\/\/www.fecanbm.es\/tenerife\/wp-json\/wp\/v2\/tags?post=13443"}],"curies":[{"name":"wp","href":"https:\/\/api.w.org\/{rel}","templated":true}]}}