{"id":13433,"date":"2025-07-31T01:33:14","date_gmt":"2025-07-30T23:33:14","guid":{"rendered":"https:\/\/www.fecanbm.es\/tenerife\/?p=13433"},"modified":"2025-07-31T01:40:54","modified_gmt":"2025-07-30T23:40:54","slug":"fichaje","status":"publish","type":"post","link":"https:\/\/www.fecanbm.es\/tenerife\/fichaje\/","title":{"rendered":"FICHAJE"},"content":{"rendered":"\n<p>El guardameta Jos\u00e9 Manuel Urrutia \u00abTxema\u00bb se incorpora a las filas de Balonmano Tacoronte y ser\u00e1 un refuerzo muy importante para el equipo.<\/p>\n\n\n\n<figure class=\"wp-block-image aligncenter size-large\"><img fetchpriority=\"high\" decoding=\"async\" width=\"1024\" height=\"990\" src=\"https:\/\/www.fecanbm.es\/tenerife\/wp-content\/uploads\/sites\/2\/2025\/07\/526114062_1271178158136170_8594072203877312498_n-1024x990.webp\" alt=\"\" class=\"wp-image-13434\" srcset=\"https:\/\/www.fecanbm.es\/tenerife\/wp-content\/uploads\/sites\/2\/2025\/07\/526114062_1271178158136170_8594072203877312498_n-1024x990.webp 1024w, https:\/\/www.fecanbm.es\/tenerife\/wp-content\/uploads\/sites\/2\/2025\/07\/526114062_1271178158136170_8594072203877312498_n-300x290.webp 300w, https:\/\/www.fecanbm.es\/tenerife\/wp-content\/uploads\/sites\/2\/2025\/07\/526114062_1271178158136170_8594072203877312498_n-768x742.webp 768w, https:\/\/www.fecanbm.es\/tenerife\/wp-content\/uploads\/sites\/2\/2025\/07\/526114062_1271178158136170_8594072203877312498_n.webp 1080w\" sizes=\"(max-width: 1024px) 100vw, 1024px\" \/><\/figure>\n\n\n\n<p>Despu\u00e9s de jugar las dos \u00faltimas temporadas en Balonmano Barakaldo, trae consigo una valiosa experiencia.<\/p>\n\n\n\n<p>Txema, criado en las categor\u00edas inferiores del Torrelavega donde fue creciendo y pasando por todas sus categor\u00edas hasta debutar en la Liga Asobal.<\/p>\n\n\n\n<p><a><\/a>Portero sobrio, talentoso bajo palos y con una gran presencia f\u00edsica, dar\u00e1 seguridad y nos ayudar\u00e1 en nuestra nueva andadura en la Primera Nacional.<\/p>\n\n\n\n<p>Estamos muy felices de contar con su presencia y le deseamos mucho \u00e9xito en esta nueva etapa.<\/p>\n\n\n\n<p>MUCHA SUERTE AMIGO <\/p>\n","protected":false},"excerpt":{"rendered":"<p>El guardameta Jos\u00e9 Manuel Urrutia \u00abTxema\u00bb se incorpora a las filas de Balonmano Tacoronte y ser\u00e1 un refuerzo muy importante para el equipo. Despu\u00e9s de jugar las dos \u00faltimas temporadas en Balonmano Barakaldo, trae consigo una valiosa experiencia. Txema, criado en las categor\u00edas inferiores del Torrelavega donde fue creciendo y pasando por todas sus categor\u00edas [&hellip;]<\/p>\n","protected":false},"author":11,"featured_media":13434,"comment_status":"closed","ping_status":"closed","sticky":false,"template":"","format":"standard","meta":{"ngg_post_thumbnail":0,"footnotes":""},"categories":[526,1,522],"tags":[],"class_list":["post-13433","post","type-post","status-publish","format-standard","has-post-thumbnail","hentry","category-insular-tenerife","category-noticias","category-portada"],"yoast_head":"<!-- This site is optimized with the Yoast SEO plugin v27.5 - https:\/\/yoast.com\/product\/yoast-seo-wordpress\/ -->\n<title>FICHAJE - Federaci\u00f3n Insular de Tenerife<\/title>\n<meta name=\"robots\" content=\"index, follow, max-snippet:-1, max-image-preview:large, max-video-preview:-1\" \/>\n<link rel=\"canonical\" href=\"https:\/\/www.fecanbm.es\/tenerife\/fichaje\/\" \/>\n<meta property=\"og:locale\" content=\"es_ES\" \/>\n<meta property=\"og:type\" content=\"article\" \/>\n<meta property=\"og:title\" content=\"FICHAJE - Federaci\u00f3n Insular de Tenerife\" \/>\n<meta property=\"og:description\" content=\"El guardameta Jos\u00e9 Manuel Urrutia \u00abTxema\u00bb se incorpora a las filas de Balonmano Tacoronte y ser\u00e1 un refuerzo muy importante para el equipo. Despu\u00e9s de jugar las dos \u00faltimas temporadas en Balonmano Barakaldo, trae consigo una valiosa experiencia. Txema, criado en las categor\u00edas inferiores del Torrelavega donde fue creciendo y pasando por todas sus categor\u00edas [&hellip;]\" \/>\n<meta property=\"og:url\" content=\"https:\/\/www.fecanbm.es\/tenerife\/fichaje\/\" \/>\n<meta property=\"og:site_name\" content=\"Federaci\u00f3n Insular de Tenerife\" \/>\n<meta property=\"article:published_time\" content=\"2025-07-30T23:33:14+00:00\" \/>\n<meta property=\"article:modified_time\" content=\"2025-07-30T23:40:54+00:00\" \/>\n<meta property=\"og:image\" content=\"https:\/\/www.fecanbm.es\/tenerife\/wp-content\/uploads\/sites\/2\/2025\/07\/526114062_1271178158136170_8594072203877312498_n.webp\" \/>\n\t<meta property=\"og:image:width\" content=\"1080\" \/>\n\t<meta property=\"og:image:height\" content=\"1044\" \/>\n\t<meta property=\"og:image:type\" content=\"image\/jpeg\" \/>\n<meta name=\"author\" content=\"Prensa_Tenerife\" \/>\n<meta name=\"twitter:card\" content=\"summary_large_image\" \/>\n<meta name=\"twitter:label1\" content=\"Escrito por\" \/>\n\t<meta name=\"twitter:data1\" content=\"Prensa_Tenerife\" \/>\n\t<meta name=\"twitter:label2\" content=\"Tiempo de lectura\" \/>\n\t<meta name=\"twitter:data2\" content=\"1 minuto\" \/>\n<script type=\"application\/ld+json\" class=\"yoast-schema-graph\">{\"@context\":\"https:\\\/\\\/schema.org\",\"@graph\":[{\"@type\":\"Article\",\"@id\":\"https:\\\/\\\/www.fecanbm.es\\\/tenerife\\\/fichaje\\\/#article\",\"isPartOf\":{\"@id\":\"https:\\\/\\\/www.fecanbm.es\\\/tenerife\\\/fichaje\\\/\"},\"author\":{\"name\":\"Prensa_Tenerife\",\"@id\":\"https:\\\/\\\/www.fecanbm.es\\\/tenerife\\\/#\\\/schema\\\/person\\\/8dc4f7faa1d1529422d09ce29bfaff34\"},\"headline\":\"FICHAJE\",\"datePublished\":\"2025-07-30T23:33:14+00:00\",\"dateModified\":\"2025-07-30T23:40:54+00:00\",\"mainEntityOfPage\":{\"@id\":\"https:\\\/\\\/www.fecanbm.es\\\/tenerife\\\/fichaje\\\/\"},\"wordCount\":110,\"image\":{\"@id\":\"https:\\\/\\\/www.fecanbm.es\\\/tenerife\\\/fichaje\\\/#primaryimage\"},\"thumbnailUrl\":\"https:\\\/\\\/www.fecanbm.es\\\/tenerife\\\/wp-content\\\/uploads\\\/sites\\\/2\\\/2025\\\/07\\\/526114062_1271178158136170_8594072203877312498_n.webp\",\"articleSection\":[\"Insular Tenerife\",\"Noticias\",\"Portada\"],\"inLanguage\":\"es\"},{\"@type\":\"WebPage\",\"@id\":\"https:\\\/\\\/www.fecanbm.es\\\/tenerife\\\/fichaje\\\/\",\"url\":\"https:\\\/\\\/www.fecanbm.es\\\/tenerife\\\/fichaje\\\/\",\"name\":\"FICHAJE - Federaci\u00f3n Insular de Tenerife\",\"isPartOf\":{\"@id\":\"https:\\\/\\\/www.fecanbm.es\\\/tenerife\\\/#website\"},\"primaryImageOfPage\":{\"@id\":\"https:\\\/\\\/www.fecanbm.es\\\/tenerife\\\/fichaje\\\/#primaryimage\"},\"image\":{\"@id\":\"https:\\\/\\\/www.fecanbm.es\\\/tenerife\\\/fichaje\\\/#primaryimage\"},\"thumbnailUrl\":\"https:\\\/\\\/www.fecanbm.es\\\/tenerife\\\/wp-content\\\/uploads\\\/sites\\\/2\\\/2025\\\/07\\\/526114062_1271178158136170_8594072203877312498_n.webp\",\"datePublished\":\"2025-07-30T23:33:14+00:00\",\"dateModified\":\"2025-07-30T23:40:54+00:00\",\"author\":{\"@id\":\"https:\\\/\\\/www.fecanbm.es\\\/tenerife\\\/#\\\/schema\\\/person\\\/8dc4f7faa1d1529422d09ce29bfaff34\"},\"breadcrumb\":{\"@id\":\"https:\\\/\\\/www.fecanbm.es\\\/tenerife\\\/fichaje\\\/#breadcrumb\"},\"inLanguage\":\"es\",\"potentialAction\":[{\"@type\":\"ReadAction\",\"target\":[\"https:\\\/\\\/www.fecanbm.es\\\/tenerife\\\/fichaje\\\/\"]}]},{\"@type\":\"ImageObject\",\"inLanguage\":\"es\",\"@id\":\"https:\\\/\\\/www.fecanbm.es\\\/tenerife\\\/fichaje\\\/#primaryimage\",\"url\":\"https:\\\/\\\/www.fecanbm.es\\\/tenerife\\\/wp-content\\\/uploads\\\/sites\\\/2\\\/2025\\\/07\\\/526114062_1271178158136170_8594072203877312498_n.webp\",\"contentUrl\":\"https:\\\/\\\/www.fecanbm.es\\\/tenerife\\\/wp-content\\\/uploads\\\/sites\\\/2\\\/2025\\\/07\\\/526114062_1271178158136170_8594072203877312498_n.webp\",\"width\":1080,\"height\":1044},{\"@type\":\"BreadcrumbList\",\"@id\":\"https:\\\/\\\/www.fecanbm.es\\\/tenerife\\\/fichaje\\\/#breadcrumb\",\"itemListElement\":[{\"@type\":\"ListItem\",\"position\":1,\"name\":\"Portada\",\"item\":\"https:\\\/\\\/www.fecanbm.es\\\/tenerife\\\/\"},{\"@type\":\"ListItem\",\"position\":2,\"name\":\"FICHAJE\"}]},{\"@type\":\"WebSite\",\"@id\":\"https:\\\/\\\/www.fecanbm.es\\\/tenerife\\\/#website\",\"url\":\"https:\\\/\\\/www.fecanbm.es\\\/tenerife\\\/\",\"name\":\"Federaci\u00f3n Insular de Tenerife\",\"description\":\"Federaci\u00f3n Insular de Tenerife\",\"potentialAction\":[{\"@type\":\"SearchAction\",\"target\":{\"@type\":\"EntryPoint\",\"urlTemplate\":\"https:\\\/\\\/www.fecanbm.es\\\/tenerife\\\/?s={search_term_string}\"},\"query-input\":{\"@type\":\"PropertyValueSpecification\",\"valueRequired\":true,\"valueName\":\"search_term_string\"}}],\"inLanguage\":\"es\"},{\"@type\":\"Person\",\"@id\":\"https:\\\/\\\/www.fecanbm.es\\\/tenerife\\\/#\\\/schema\\\/person\\\/8dc4f7faa1d1529422d09ce29bfaff34\",\"name\":\"Prensa_Tenerife\",\"image\":{\"@type\":\"ImageObject\",\"inLanguage\":\"es\",\"@id\":\"https:\\\/\\\/secure.gravatar.com\\\/avatar\\\/a2e5c44652b49873c2c48146547b9e5798ffd79e53a401add97df5a579086fed?s=96&d=mm&r=g\",\"url\":\"https:\\\/\\\/secure.gravatar.com\\\/avatar\\\/a2e5c44652b49873c2c48146547b9e5798ffd79e53a401add97df5a579086fed?s=96&d=mm&r=g\",\"contentUrl\":\"https:\\\/\\\/secure.gravatar.com\\\/avatar\\\/a2e5c44652b49873c2c48146547b9e5798ffd79e53a401add97df5a579086fed?s=96&d=mm&r=g\",\"caption\":\"Prensa_Tenerife\"},\"url\":\"https:\\\/\\\/www.fecanbm.es\\\/tenerife\\\/author\\\/ruyherodriguez\\\/\"}]}<\/script>\n<!-- \/ Yoast SEO plugin. -->","yoast_head_json":{"title":"FICHAJE - Federaci\u00f3n Insular de Tenerife","robots":{"index":"index","follow":"follow","max-snippet":"max-snippet:-1","max-image-preview":"max-image-preview:large","max-video-preview":"max-video-preview:-1"},"canonical":"https:\/\/www.fecanbm.es\/tenerife\/fichaje\/","og_locale":"es_ES","og_type":"article","og_title":"FICHAJE - Federaci\u00f3n Insular de Tenerife","og_description":"El guardameta Jos\u00e9 Manuel Urrutia \u00abTxema\u00bb se incorpora a las filas de Balonmano Tacoronte y ser\u00e1 un refuerzo muy importante para el equipo. Despu\u00e9s de jugar las dos \u00faltimas temporadas en Balonmano Barakaldo, trae consigo una valiosa experiencia. Txema, criado en las categor\u00edas inferiores del Torrelavega donde fue creciendo y pasando por todas sus categor\u00edas [&hellip;]","og_url":"https:\/\/www.fecanbm.es\/tenerife\/fichaje\/","og_site_name":"Federaci\u00f3n Insular de Tenerife","article_published_time":"2025-07-30T23:33:14+00:00","article_modified_time":"2025-07-30T23:40:54+00:00","og_image":[{"width":1080,"height":1044,"url":"https:\/\/www.fecanbm.es\/tenerife\/wp-content\/uploads\/sites\/2\/2025\/07\/526114062_1271178158136170_8594072203877312498_n.webp","type":"image\/jpeg"}],"author":"Prensa_Tenerife","twitter_card":"summary_large_image","twitter_misc":{"Escrito por":"Prensa_Tenerife","Tiempo de lectura":"1 minuto"},"schema":{"@context":"https:\/\/schema.org","@graph":[{"@type":"Article","@id":"https:\/\/www.fecanbm.es\/tenerife\/fichaje\/#article","isPartOf":{"@id":"https:\/\/www.fecanbm.es\/tenerife\/fichaje\/"},"author":{"name":"Prensa_Tenerife","@id":"https:\/\/www.fecanbm.es\/tenerife\/#\/schema\/person\/8dc4f7faa1d1529422d09ce29bfaff34"},"headline":"FICHAJE","datePublished":"2025-07-30T23:33:14+00:00","dateModified":"2025-07-30T23:40:54+00:00","mainEntityOfPage":{"@id":"https:\/\/www.fecanbm.es\/tenerife\/fichaje\/"},"wordCount":110,"image":{"@id":"https:\/\/www.fecanbm.es\/tenerife\/fichaje\/#primaryimage"},"thumbnailUrl":"https:\/\/www.fecanbm.es\/tenerife\/wp-content\/uploads\/sites\/2\/2025\/07\/526114062_1271178158136170_8594072203877312498_n.webp","articleSection":["Insular Tenerife","Noticias","Portada"],"inLanguage":"es"},{"@type":"WebPage","@id":"https:\/\/www.fecanbm.es\/tenerife\/fichaje\/","url":"https:\/\/www.fecanbm.es\/tenerife\/fichaje\/","name":"FICHAJE - Federaci\u00f3n Insular de Tenerife","isPartOf":{"@id":"https:\/\/www.fecanbm.es\/tenerife\/#website"},"primaryImageOfPage":{"@id":"https:\/\/www.fecanbm.es\/tenerife\/fichaje\/#primaryimage"},"image":{"@id":"https:\/\/www.fecanbm.es\/tenerife\/fichaje\/#primaryimage"},"thumbnailUrl":"https:\/\/www.fecanbm.es\/tenerife\/wp-content\/uploads\/sites\/2\/2025\/07\/526114062_1271178158136170_8594072203877312498_n.webp","datePublished":"2025-07-30T23:33:14+00:00","dateModified":"2025-07-30T23:40:54+00:00","author":{"@id":"https:\/\/www.fecanbm.es\/tenerife\/#\/schema\/person\/8dc4f7faa1d1529422d09ce29bfaff34"},"breadcrumb":{"@id":"https:\/\/www.fecanbm.es\/tenerife\/fichaje\/#breadcrumb"},"inLanguage":"es","potentialAction":[{"@type":"ReadAction","target":["https:\/\/www.fecanbm.es\/tenerife\/fichaje\/"]}]},{"@type":"ImageObject","inLanguage":"es","@id":"https:\/\/www.fecanbm.es\/tenerife\/fichaje\/#primaryimage","url":"https:\/\/www.fecanbm.es\/tenerife\/wp-content\/uploads\/sites\/2\/2025\/07\/526114062_1271178158136170_8594072203877312498_n.webp","contentUrl":"https:\/\/www.fecanbm.es\/tenerife\/wp-content\/uploads\/sites\/2\/2025\/07\/526114062_1271178158136170_8594072203877312498_n.webp","width":1080,"height":1044},{"@type":"BreadcrumbList","@id":"https:\/\/www.fecanbm.es\/tenerife\/fichaje\/#breadcrumb","itemListElement":[{"@type":"ListItem","position":1,"name":"Portada","item":"https:\/\/www.fecanbm.es\/tenerife\/"},{"@type":"ListItem","position":2,"name":"FICHAJE"}]},{"@type":"WebSite","@id":"https:\/\/www.fecanbm.es\/tenerife\/#website","url":"https:\/\/www.fecanbm.es\/tenerife\/","name":"Federaci\u00f3n Insular de Tenerife","description":"Federaci\u00f3n Insular de Tenerife","potentialAction":[{"@type":"SearchAction","target":{"@type":"EntryPoint","urlTemplate":"https:\/\/www.fecanbm.es\/tenerife\/?s={search_term_string}"},"query-input":{"@type":"PropertyValueSpecification","valueRequired":true,"valueName":"search_term_string"}}],"inLanguage":"es"},{"@type":"Person","@id":"https:\/\/www.fecanbm.es\/tenerife\/#\/schema\/person\/8dc4f7faa1d1529422d09ce29bfaff34","name":"Prensa_Tenerife","image":{"@type":"ImageObject","inLanguage":"es","@id":"https:\/\/secure.gravatar.com\/avatar\/a2e5c44652b49873c2c48146547b9e5798ffd79e53a401add97df5a579086fed?s=96&d=mm&r=g","url":"https:\/\/secure.gravatar.com\/avatar\/a2e5c44652b49873c2c48146547b9e5798ffd79e53a401add97df5a579086fed?s=96&d=mm&r=g","contentUrl":"https:\/\/secure.gravatar.com\/avatar\/a2e5c44652b49873c2c48146547b9e5798ffd79e53a401add97df5a579086fed?s=96&d=mm&r=g","caption":"Prensa_Tenerife"},"url":"https:\/\/www.fecanbm.es\/tenerife\/author\/ruyherodriguez\/"}]}},"_links":{"self":[{"href":"https:\/\/www.fecanbm.es\/tenerife\/wp-json\/wp\/v2\/posts\/13433","targetHints":{"allow":["GET"]}}],"collection":[{"href":"https:\/\/www.fecanbm.es\/tenerife\/wp-json\/wp\/v2\/posts"}],"about":[{"href":"https:\/\/www.fecanbm.es\/tenerife\/wp-json\/wp\/v2\/types\/post"}],"author":[{"embeddable":true,"href":"https:\/\/www.fecanbm.es\/tenerife\/wp-json\/wp\/v2\/users\/11"}],"replies":[{"embeddable":true,"href":"https:\/\/www.fecanbm.es\/tenerife\/wp-json\/wp\/v2\/comments?post=13433"}],"version-history":[{"count":1,"href":"https:\/\/www.fecanbm.es\/tenerife\/wp-json\/wp\/v2\/posts\/13433\/revisions"}],"predecessor-version":[{"id":13435,"href":"https:\/\/www.fecanbm.es\/tenerife\/wp-json\/wp\/v2\/posts\/13433\/revisions\/13435"}],"wp:featuredmedia":[{"embeddable":true,"href":"https:\/\/www.fecanbm.es\/tenerife\/wp-json\/wp\/v2\/media\/13434"}],"wp:attachment":[{"href":"https:\/\/www.fecanbm.es\/tenerife\/wp-json\/wp\/v2\/media?parent=13433"}],"wp:term":[{"taxonomy":"category","embeddable":true,"href":"https:\/\/www.fecanbm.es\/tenerife\/wp-json\/wp\/v2\/categories?post=13433"},{"taxonomy":"post_tag","embeddable":true,"href":"https:\/\/www.fecanbm.es\/tenerife\/wp-json\/wp\/v2\/tags?post=13433"}],"curies":[{"name":"wp","href":"https:\/\/api.w.org\/{rel}","templated":true}]}}