{"id":12047,"date":"2025-04-25T02:27:14","date_gmt":"2025-04-25T00:27:14","guid":{"rendered":"https:\/\/www.fecanbm.es\/tenerife\/?p=12047"},"modified":"2025-06-16T13:20:20","modified_gmt":"2025-06-16T11:20:20","slug":"campeonato-de-canarias-3","status":"publish","type":"post","link":"https:\/\/www.fecanbm.es\/tenerife\/campeonato-de-canarias-3\/","title":{"rendered":"CAMPEONATO DE CANARIAS"},"content":{"rendered":"\n<p>FUERTEVENTURA SER\u00c1 EL ESCENARIO DE LAS COMPETICIONES CADETES DONDE TACORONTE Y REALEJOS SER\u00c1N LOS REPRESENTANTES TINERFE\u00d1OS EN CATEGOR\u00cdA MASCULINA.<\/p>\n\n\n\n<figure class=\"wp-block-image aligncenter size-large is-resized\"><img fetchpriority=\"high\" decoding=\"async\" width=\"1024\" height=\"682\" src=\"https:\/\/www.fecanbm.es\/tenerife\/wp-content\/uploads\/sites\/2\/2025\/04\/e6ab925c-2b83-4f8a-9e8c-fecb745c511d-1024x682.jpg\" alt=\"\" class=\"wp-image-12048\" style=\"width:652px;height:auto\" srcset=\"https:\/\/www.fecanbm.es\/tenerife\/wp-content\/uploads\/sites\/2\/2025\/04\/e6ab925c-2b83-4f8a-9e8c-fecb745c511d-1024x682.jpg 1024w, https:\/\/www.fecanbm.es\/tenerife\/wp-content\/uploads\/sites\/2\/2025\/04\/e6ab925c-2b83-4f8a-9e8c-fecb745c511d-300x200.jpg 300w, https:\/\/www.fecanbm.es\/tenerife\/wp-content\/uploads\/sites\/2\/2025\/04\/e6ab925c-2b83-4f8a-9e8c-fecb745c511d-768x512.jpg 768w, https:\/\/www.fecanbm.es\/tenerife\/wp-content\/uploads\/sites\/2\/2025\/04\/e6ab925c-2b83-4f8a-9e8c-fecb745c511d-1536x1023.jpg 1536w, https:\/\/www.fecanbm.es\/tenerife\/wp-content\/uploads\/sites\/2\/2025\/04\/e6ab925c-2b83-4f8a-9e8c-fecb745c511d-280x187.jpg 280w, https:\/\/www.fecanbm.es\/tenerife\/wp-content\/uploads\/sites\/2\/2025\/04\/e6ab925c-2b83-4f8a-9e8c-fecb745c511d-1170x780.jpg 1170w, https:\/\/www.fecanbm.es\/tenerife\/wp-content\/uploads\/sites\/2\/2025\/04\/e6ab925c-2b83-4f8a-9e8c-fecb745c511d.jpg 1600w\" sizes=\"(max-width: 1024px) 100vw, 1024px\" \/><\/figure>\n\n\n\n<p>Los campeones insulares han quedado encuadrados en el Grupo A junto con Balonmano G\u00e1ldar y Ciudad de Puerto. Su debut est\u00e1 previsto para este viernes a las 10:00 frente al equipo grancanario quedando para el s\u00e1bado a las 09:30 se segundo encuentro en esta primera fase ante los anfitriones. Cabe recordar que los de Jos\u00e9 Correa, el Cer\u00e1micas Tacoronte es uno de los serios aspirantes al t\u00edtulo debido a su gran calidad t\u00e9cnico &#8211; t\u00e1ctica.<\/p>\n\n\n\n<figure class=\"wp-block-image aligncenter size-large is-resized\"><img decoding=\"async\" width=\"1024\" height=\"682\" src=\"https:\/\/www.fecanbm.es\/tenerife\/wp-content\/uploads\/sites\/2\/2025\/03\/WhatsApp-Image-2025-03-23-at-23.33.46-1024x682.jpeg\" alt=\"\" class=\"wp-image-12033\" style=\"width:629px;height:auto\" srcset=\"https:\/\/www.fecanbm.es\/tenerife\/wp-content\/uploads\/sites\/2\/2025\/03\/WhatsApp-Image-2025-03-23-at-23.33.46-1024x682.jpeg 1024w, https:\/\/www.fecanbm.es\/tenerife\/wp-content\/uploads\/sites\/2\/2025\/03\/WhatsApp-Image-2025-03-23-at-23.33.46-300x200.jpeg 300w, https:\/\/www.fecanbm.es\/tenerife\/wp-content\/uploads\/sites\/2\/2025\/03\/WhatsApp-Image-2025-03-23-at-23.33.46-768x512.jpeg 768w, https:\/\/www.fecanbm.es\/tenerife\/wp-content\/uploads\/sites\/2\/2025\/03\/WhatsApp-Image-2025-03-23-at-23.33.46-1536x1023.jpeg 1536w, https:\/\/www.fecanbm.es\/tenerife\/wp-content\/uploads\/sites\/2\/2025\/03\/WhatsApp-Image-2025-03-23-at-23.33.46-280x187.jpeg 280w, https:\/\/www.fecanbm.es\/tenerife\/wp-content\/uploads\/sites\/2\/2025\/03\/WhatsApp-Image-2025-03-23-at-23.33.46-1170x780.jpeg 1170w, https:\/\/www.fecanbm.es\/tenerife\/wp-content\/uploads\/sites\/2\/2025\/03\/WhatsApp-Image-2025-03-23-at-23.33.46.jpeg 1600w\" sizes=\"(max-width: 1024px) 100vw, 1024px\" \/><\/figure>\n\n\n\n<p>El Serigraf\u00eda Cucas Realejos jugar\u00e1 son dos primeros encuentros en el Grupo B. El primero de ellos frente el viernes a las 12:00 ante Chinijos mientras que el s\u00e1bado lo har\u00e1 frente al AMFM Moya Tilover.<\/p>\n\n\n\n<p>Una vez conocidos los resultados de las tres primeras jornadas de cada grupo se conocer\u00e1n los cruces de semifinales de una competici\u00f3n que se jugar\u00e1 integramente en el Pabell\u00f3n Insular isla de Fuerteventura.<\/p>\n","protected":false},"excerpt":{"rendered":"<p>FUERTEVENTURA SER\u00c1 EL ESCENARIO DE LAS COMPETICIONES CADETES DONDE TACORONTE Y REALEJOS SER\u00c1N LOS REPRESENTANTES TINERFE\u00d1OS EN CATEGOR\u00cdA MASCULINA. Los campeones insulares han quedado encuadrados en el Grupo A junto con Balonmano G\u00e1ldar y Ciudad de Puerto. Su debut est\u00e1 previsto para este viernes a las 10:00 frente al equipo grancanario quedando para el s\u00e1bado [&hellip;]<\/p>\n","protected":false},"author":11,"featured_media":12118,"comment_status":"closed","ping_status":"closed","sticky":false,"template":"","format":"standard","meta":{"ngg_post_thumbnail":0,"footnotes":""},"categories":[1,522],"tags":[],"class_list":["post-12047","post","type-post","status-publish","format-standard","has-post-thumbnail","hentry","category-noticias","category-portada"],"yoast_head":"<!-- This site is optimized with the Yoast SEO plugin v27.5 - https:\/\/yoast.com\/product\/yoast-seo-wordpress\/ -->\n<title>CAMPEONATO DE CANARIAS - Federaci\u00f3n Insular de Tenerife<\/title>\n<meta name=\"robots\" content=\"index, follow, max-snippet:-1, max-image-preview:large, max-video-preview:-1\" \/>\n<link rel=\"canonical\" href=\"https:\/\/www.fecanbm.es\/tenerife\/campeonato-de-canarias-3\/\" \/>\n<meta property=\"og:locale\" content=\"es_ES\" \/>\n<meta property=\"og:type\" content=\"article\" \/>\n<meta property=\"og:title\" content=\"CAMPEONATO DE CANARIAS - Federaci\u00f3n Insular de Tenerife\" \/>\n<meta property=\"og:description\" content=\"FUERTEVENTURA SER\u00c1 EL ESCENARIO DE LAS COMPETICIONES CADETES DONDE TACORONTE Y REALEJOS SER\u00c1N LOS REPRESENTANTES TINERFE\u00d1OS EN CATEGOR\u00cdA MASCULINA. Los campeones insulares han quedado encuadrados en el Grupo A junto con Balonmano G\u00e1ldar y Ciudad de Puerto. Su debut est\u00e1 previsto para este viernes a las 10:00 frente al equipo grancanario quedando para el s\u00e1bado [&hellip;]\" \/>\n<meta property=\"og:url\" content=\"https:\/\/www.fecanbm.es\/tenerife\/campeonato-de-canarias-3\/\" \/>\n<meta property=\"og:site_name\" content=\"Federaci\u00f3n Insular de Tenerife\" \/>\n<meta property=\"article:published_time\" content=\"2025-04-25T00:27:14+00:00\" \/>\n<meta property=\"article:modified_time\" content=\"2025-06-16T11:20:20+00:00\" \/>\n<meta property=\"og:image\" content=\"https:\/\/www.fecanbm.es\/tenerife\/wp-content\/uploads\/sites\/2\/2025\/04\/e6ab925c-2b83-4f8a-9e8c-fecb745c511d-1024x682-1.webp\" \/>\n\t<meta property=\"og:image:width\" content=\"1024\" \/>\n\t<meta property=\"og:image:height\" content=\"682\" \/>\n\t<meta property=\"og:image:type\" content=\"image\/jpeg\" \/>\n<meta name=\"author\" content=\"Prensa_Tenerife\" \/>\n<meta name=\"twitter:card\" content=\"summary_large_image\" \/>\n<meta name=\"twitter:label1\" content=\"Escrito por\" \/>\n\t<meta name=\"twitter:data1\" content=\"Prensa_Tenerife\" \/>\n\t<meta name=\"twitter:label2\" content=\"Tiempo de lectura\" \/>\n\t<meta name=\"twitter:data2\" content=\"2 minutos\" \/>\n<script type=\"application\/ld+json\" class=\"yoast-schema-graph\">{\"@context\":\"https:\\\/\\\/schema.org\",\"@graph\":[{\"@type\":\"Article\",\"@id\":\"https:\\\/\\\/www.fecanbm.es\\\/tenerife\\\/campeonato-de-canarias-3\\\/#article\",\"isPartOf\":{\"@id\":\"https:\\\/\\\/www.fecanbm.es\\\/tenerife\\\/campeonato-de-canarias-3\\\/\"},\"author\":{\"name\":\"Prensa_Tenerife\",\"@id\":\"https:\\\/\\\/www.fecanbm.es\\\/tenerife\\\/#\\\/schema\\\/person\\\/8dc4f7faa1d1529422d09ce29bfaff34\"},\"headline\":\"CAMPEONATO DE CANARIAS\",\"datePublished\":\"2025-04-25T00:27:14+00:00\",\"dateModified\":\"2025-06-16T11:20:20+00:00\",\"mainEntityOfPage\":{\"@id\":\"https:\\\/\\\/www.fecanbm.es\\\/tenerife\\\/campeonato-de-canarias-3\\\/\"},\"wordCount\":177,\"image\":{\"@id\":\"https:\\\/\\\/www.fecanbm.es\\\/tenerife\\\/campeonato-de-canarias-3\\\/#primaryimage\"},\"thumbnailUrl\":\"https:\\\/\\\/www.fecanbm.es\\\/tenerife\\\/wp-content\\\/uploads\\\/sites\\\/2\\\/2025\\\/04\\\/e6ab925c-2b83-4f8a-9e8c-fecb745c511d-1024x682-1.webp\",\"articleSection\":[\"Noticias\",\"Portada\"],\"inLanguage\":\"es\"},{\"@type\":\"WebPage\",\"@id\":\"https:\\\/\\\/www.fecanbm.es\\\/tenerife\\\/campeonato-de-canarias-3\\\/\",\"url\":\"https:\\\/\\\/www.fecanbm.es\\\/tenerife\\\/campeonato-de-canarias-3\\\/\",\"name\":\"CAMPEONATO DE CANARIAS - Federaci\u00f3n Insular de Tenerife\",\"isPartOf\":{\"@id\":\"https:\\\/\\\/www.fecanbm.es\\\/tenerife\\\/#website\"},\"primaryImageOfPage\":{\"@id\":\"https:\\\/\\\/www.fecanbm.es\\\/tenerife\\\/campeonato-de-canarias-3\\\/#primaryimage\"},\"image\":{\"@id\":\"https:\\\/\\\/www.fecanbm.es\\\/tenerife\\\/campeonato-de-canarias-3\\\/#primaryimage\"},\"thumbnailUrl\":\"https:\\\/\\\/www.fecanbm.es\\\/tenerife\\\/wp-content\\\/uploads\\\/sites\\\/2\\\/2025\\\/04\\\/e6ab925c-2b83-4f8a-9e8c-fecb745c511d-1024x682-1.webp\",\"datePublished\":\"2025-04-25T00:27:14+00:00\",\"dateModified\":\"2025-06-16T11:20:20+00:00\",\"author\":{\"@id\":\"https:\\\/\\\/www.fecanbm.es\\\/tenerife\\\/#\\\/schema\\\/person\\\/8dc4f7faa1d1529422d09ce29bfaff34\"},\"breadcrumb\":{\"@id\":\"https:\\\/\\\/www.fecanbm.es\\\/tenerife\\\/campeonato-de-canarias-3\\\/#breadcrumb\"},\"inLanguage\":\"es\",\"potentialAction\":[{\"@type\":\"ReadAction\",\"target\":[\"https:\\\/\\\/www.fecanbm.es\\\/tenerife\\\/campeonato-de-canarias-3\\\/\"]}]},{\"@type\":\"ImageObject\",\"inLanguage\":\"es\",\"@id\":\"https:\\\/\\\/www.fecanbm.es\\\/tenerife\\\/campeonato-de-canarias-3\\\/#primaryimage\",\"url\":\"https:\\\/\\\/www.fecanbm.es\\\/tenerife\\\/wp-content\\\/uploads\\\/sites\\\/2\\\/2025\\\/04\\\/e6ab925c-2b83-4f8a-9e8c-fecb745c511d-1024x682-1.webp\",\"contentUrl\":\"https:\\\/\\\/www.fecanbm.es\\\/tenerife\\\/wp-content\\\/uploads\\\/sites\\\/2\\\/2025\\\/04\\\/e6ab925c-2b83-4f8a-9e8c-fecb745c511d-1024x682-1.webp\",\"width\":1024,\"height\":682},{\"@type\":\"BreadcrumbList\",\"@id\":\"https:\\\/\\\/www.fecanbm.es\\\/tenerife\\\/campeonato-de-canarias-3\\\/#breadcrumb\",\"itemListElement\":[{\"@type\":\"ListItem\",\"position\":1,\"name\":\"Portada\",\"item\":\"https:\\\/\\\/www.fecanbm.es\\\/tenerife\\\/\"},{\"@type\":\"ListItem\",\"position\":2,\"name\":\"CAMPEONATO DE CANARIAS\"}]},{\"@type\":\"WebSite\",\"@id\":\"https:\\\/\\\/www.fecanbm.es\\\/tenerife\\\/#website\",\"url\":\"https:\\\/\\\/www.fecanbm.es\\\/tenerife\\\/\",\"name\":\"Federaci\u00f3n Insular de Tenerife\",\"description\":\"Federaci\u00f3n Insular de Tenerife\",\"potentialAction\":[{\"@type\":\"SearchAction\",\"target\":{\"@type\":\"EntryPoint\",\"urlTemplate\":\"https:\\\/\\\/www.fecanbm.es\\\/tenerife\\\/?s={search_term_string}\"},\"query-input\":{\"@type\":\"PropertyValueSpecification\",\"valueRequired\":true,\"valueName\":\"search_term_string\"}}],\"inLanguage\":\"es\"},{\"@type\":\"Person\",\"@id\":\"https:\\\/\\\/www.fecanbm.es\\\/tenerife\\\/#\\\/schema\\\/person\\\/8dc4f7faa1d1529422d09ce29bfaff34\",\"name\":\"Prensa_Tenerife\",\"image\":{\"@type\":\"ImageObject\",\"inLanguage\":\"es\",\"@id\":\"https:\\\/\\\/secure.gravatar.com\\\/avatar\\\/a2e5c44652b49873c2c48146547b9e5798ffd79e53a401add97df5a579086fed?s=96&d=mm&r=g\",\"url\":\"https:\\\/\\\/secure.gravatar.com\\\/avatar\\\/a2e5c44652b49873c2c48146547b9e5798ffd79e53a401add97df5a579086fed?s=96&d=mm&r=g\",\"contentUrl\":\"https:\\\/\\\/secure.gravatar.com\\\/avatar\\\/a2e5c44652b49873c2c48146547b9e5798ffd79e53a401add97df5a579086fed?s=96&d=mm&r=g\",\"caption\":\"Prensa_Tenerife\"},\"url\":\"https:\\\/\\\/www.fecanbm.es\\\/tenerife\\\/author\\\/ruyherodriguez\\\/\"}]}<\/script>\n<!-- \/ Yoast SEO plugin. -->","yoast_head_json":{"title":"CAMPEONATO DE CANARIAS - Federaci\u00f3n Insular de Tenerife","robots":{"index":"index","follow":"follow","max-snippet":"max-snippet:-1","max-image-preview":"max-image-preview:large","max-video-preview":"max-video-preview:-1"},"canonical":"https:\/\/www.fecanbm.es\/tenerife\/campeonato-de-canarias-3\/","og_locale":"es_ES","og_type":"article","og_title":"CAMPEONATO DE CANARIAS - Federaci\u00f3n Insular de Tenerife","og_description":"FUERTEVENTURA SER\u00c1 EL ESCENARIO DE LAS COMPETICIONES CADETES DONDE TACORONTE Y REALEJOS SER\u00c1N LOS REPRESENTANTES TINERFE\u00d1OS EN CATEGOR\u00cdA MASCULINA. Los campeones insulares han quedado encuadrados en el Grupo A junto con Balonmano G\u00e1ldar y Ciudad de Puerto. Su debut est\u00e1 previsto para este viernes a las 10:00 frente al equipo grancanario quedando para el s\u00e1bado [&hellip;]","og_url":"https:\/\/www.fecanbm.es\/tenerife\/campeonato-de-canarias-3\/","og_site_name":"Federaci\u00f3n Insular de Tenerife","article_published_time":"2025-04-25T00:27:14+00:00","article_modified_time":"2025-06-16T11:20:20+00:00","og_image":[{"width":1024,"height":682,"url":"https:\/\/www.fecanbm.es\/tenerife\/wp-content\/uploads\/sites\/2\/2025\/04\/e6ab925c-2b83-4f8a-9e8c-fecb745c511d-1024x682-1.webp","type":"image\/jpeg"}],"author":"Prensa_Tenerife","twitter_card":"summary_large_image","twitter_misc":{"Escrito por":"Prensa_Tenerife","Tiempo de lectura":"2 minutos"},"schema":{"@context":"https:\/\/schema.org","@graph":[{"@type":"Article","@id":"https:\/\/www.fecanbm.es\/tenerife\/campeonato-de-canarias-3\/#article","isPartOf":{"@id":"https:\/\/www.fecanbm.es\/tenerife\/campeonato-de-canarias-3\/"},"author":{"name":"Prensa_Tenerife","@id":"https:\/\/www.fecanbm.es\/tenerife\/#\/schema\/person\/8dc4f7faa1d1529422d09ce29bfaff34"},"headline":"CAMPEONATO DE CANARIAS","datePublished":"2025-04-25T00:27:14+00:00","dateModified":"2025-06-16T11:20:20+00:00","mainEntityOfPage":{"@id":"https:\/\/www.fecanbm.es\/tenerife\/campeonato-de-canarias-3\/"},"wordCount":177,"image":{"@id":"https:\/\/www.fecanbm.es\/tenerife\/campeonato-de-canarias-3\/#primaryimage"},"thumbnailUrl":"https:\/\/www.fecanbm.es\/tenerife\/wp-content\/uploads\/sites\/2\/2025\/04\/e6ab925c-2b83-4f8a-9e8c-fecb745c511d-1024x682-1.webp","articleSection":["Noticias","Portada"],"inLanguage":"es"},{"@type":"WebPage","@id":"https:\/\/www.fecanbm.es\/tenerife\/campeonato-de-canarias-3\/","url":"https:\/\/www.fecanbm.es\/tenerife\/campeonato-de-canarias-3\/","name":"CAMPEONATO DE CANARIAS - Federaci\u00f3n Insular de Tenerife","isPartOf":{"@id":"https:\/\/www.fecanbm.es\/tenerife\/#website"},"primaryImageOfPage":{"@id":"https:\/\/www.fecanbm.es\/tenerife\/campeonato-de-canarias-3\/#primaryimage"},"image":{"@id":"https:\/\/www.fecanbm.es\/tenerife\/campeonato-de-canarias-3\/#primaryimage"},"thumbnailUrl":"https:\/\/www.fecanbm.es\/tenerife\/wp-content\/uploads\/sites\/2\/2025\/04\/e6ab925c-2b83-4f8a-9e8c-fecb745c511d-1024x682-1.webp","datePublished":"2025-04-25T00:27:14+00:00","dateModified":"2025-06-16T11:20:20+00:00","author":{"@id":"https:\/\/www.fecanbm.es\/tenerife\/#\/schema\/person\/8dc4f7faa1d1529422d09ce29bfaff34"},"breadcrumb":{"@id":"https:\/\/www.fecanbm.es\/tenerife\/campeonato-de-canarias-3\/#breadcrumb"},"inLanguage":"es","potentialAction":[{"@type":"ReadAction","target":["https:\/\/www.fecanbm.es\/tenerife\/campeonato-de-canarias-3\/"]}]},{"@type":"ImageObject","inLanguage":"es","@id":"https:\/\/www.fecanbm.es\/tenerife\/campeonato-de-canarias-3\/#primaryimage","url":"https:\/\/www.fecanbm.es\/tenerife\/wp-content\/uploads\/sites\/2\/2025\/04\/e6ab925c-2b83-4f8a-9e8c-fecb745c511d-1024x682-1.webp","contentUrl":"https:\/\/www.fecanbm.es\/tenerife\/wp-content\/uploads\/sites\/2\/2025\/04\/e6ab925c-2b83-4f8a-9e8c-fecb745c511d-1024x682-1.webp","width":1024,"height":682},{"@type":"BreadcrumbList","@id":"https:\/\/www.fecanbm.es\/tenerife\/campeonato-de-canarias-3\/#breadcrumb","itemListElement":[{"@type":"ListItem","position":1,"name":"Portada","item":"https:\/\/www.fecanbm.es\/tenerife\/"},{"@type":"ListItem","position":2,"name":"CAMPEONATO DE CANARIAS"}]},{"@type":"WebSite","@id":"https:\/\/www.fecanbm.es\/tenerife\/#website","url":"https:\/\/www.fecanbm.es\/tenerife\/","name":"Federaci\u00f3n Insular de Tenerife","description":"Federaci\u00f3n Insular de Tenerife","potentialAction":[{"@type":"SearchAction","target":{"@type":"EntryPoint","urlTemplate":"https:\/\/www.fecanbm.es\/tenerife\/?s={search_term_string}"},"query-input":{"@type":"PropertyValueSpecification","valueRequired":true,"valueName":"search_term_string"}}],"inLanguage":"es"},{"@type":"Person","@id":"https:\/\/www.fecanbm.es\/tenerife\/#\/schema\/person\/8dc4f7faa1d1529422d09ce29bfaff34","name":"Prensa_Tenerife","image":{"@type":"ImageObject","inLanguage":"es","@id":"https:\/\/secure.gravatar.com\/avatar\/a2e5c44652b49873c2c48146547b9e5798ffd79e53a401add97df5a579086fed?s=96&d=mm&r=g","url":"https:\/\/secure.gravatar.com\/avatar\/a2e5c44652b49873c2c48146547b9e5798ffd79e53a401add97df5a579086fed?s=96&d=mm&r=g","contentUrl":"https:\/\/secure.gravatar.com\/avatar\/a2e5c44652b49873c2c48146547b9e5798ffd79e53a401add97df5a579086fed?s=96&d=mm&r=g","caption":"Prensa_Tenerife"},"url":"https:\/\/www.fecanbm.es\/tenerife\/author\/ruyherodriguez\/"}]}},"_links":{"self":[{"href":"https:\/\/www.fecanbm.es\/tenerife\/wp-json\/wp\/v2\/posts\/12047","targetHints":{"allow":["GET"]}}],"collection":[{"href":"https:\/\/www.fecanbm.es\/tenerife\/wp-json\/wp\/v2\/posts"}],"about":[{"href":"https:\/\/www.fecanbm.es\/tenerife\/wp-json\/wp\/v2\/types\/post"}],"author":[{"embeddable":true,"href":"https:\/\/www.fecanbm.es\/tenerife\/wp-json\/wp\/v2\/users\/11"}],"replies":[{"embeddable":true,"href":"https:\/\/www.fecanbm.es\/tenerife\/wp-json\/wp\/v2\/comments?post=12047"}],"version-history":[{"count":1,"href":"https:\/\/www.fecanbm.es\/tenerife\/wp-json\/wp\/v2\/posts\/12047\/revisions"}],"predecessor-version":[{"id":12049,"href":"https:\/\/www.fecanbm.es\/tenerife\/wp-json\/wp\/v2\/posts\/12047\/revisions\/12049"}],"wp:featuredmedia":[{"embeddable":true,"href":"https:\/\/www.fecanbm.es\/tenerife\/wp-json\/wp\/v2\/media\/12118"}],"wp:attachment":[{"href":"https:\/\/www.fecanbm.es\/tenerife\/wp-json\/wp\/v2\/media?parent=12047"}],"wp:term":[{"taxonomy":"category","embeddable":true,"href":"https:\/\/www.fecanbm.es\/tenerife\/wp-json\/wp\/v2\/categories?post=12047"},{"taxonomy":"post_tag","embeddable":true,"href":"https:\/\/www.fecanbm.es\/tenerife\/wp-json\/wp\/v2\/tags?post=12047"}],"curies":[{"name":"wp","href":"https:\/\/api.w.org\/{rel}","templated":true}]}}