{"id":12038,"date":"2025-03-26T20:57:26","date_gmt":"2025-03-26T19:57:26","guid":{"rendered":"https:\/\/www.fecanbm.es\/tenerife\/?p=12038"},"modified":"2025-06-16T13:22:28","modified_gmt":"2025-06-16T11:22:28","slug":"intenso-fin-de-semana-2","status":"publish","type":"post","link":"https:\/\/www.fecanbm.es\/tenerife\/intenso-fin-de-semana-2\/","title":{"rendered":"INTENSO FIN DE SEMANA"},"content":{"rendered":"\n<p>Tres ser\u00e1n los puntos de atenci\u00f3n en cuanto a competiciones de base se refiere para este fin de semana en Tenerife<\/p>\n\n\n\n<p>En categor\u00eda cadete ser\u00e1 finalmente el Pabell\u00f3n Celestino Hern\u00e1ndez de la Perdoma el escenario donde se disputen los partidos de la segunda jornada de la fase final, en el que Balonmano Tacoronte y Club Balonmano Arona se jugar\u00e1n el t\u00edtulo insular, mientras que EVM Realejos y Costa Adeje luchar\u00e1n por el bronce.<\/p>\n\n\n\n<figure class=\"wp-block-image aligncenter size-large is-resized\"><img fetchpriority=\"high\" decoding=\"async\" width=\"1024\" height=\"1024\" src=\"https:\/\/www.fecanbm.es\/tenerife\/wp-content\/uploads\/sites\/2\/2025\/03\/WhatsApp-Image-2025-03-25-at-15.55.30-1024x1024.jpeg\" alt=\"\" class=\"wp-image-12039\" style=\"width:600px;height:auto\" srcset=\"https:\/\/www.fecanbm.es\/tenerife\/wp-content\/uploads\/sites\/2\/2025\/03\/WhatsApp-Image-2025-03-25-at-15.55.30-1024x1024.jpeg 1024w, https:\/\/www.fecanbm.es\/tenerife\/wp-content\/uploads\/sites\/2\/2025\/03\/WhatsApp-Image-2025-03-25-at-15.55.30-300x300.jpeg 300w, https:\/\/www.fecanbm.es\/tenerife\/wp-content\/uploads\/sites\/2\/2025\/03\/WhatsApp-Image-2025-03-25-at-15.55.30-150x150.jpeg 150w, https:\/\/www.fecanbm.es\/tenerife\/wp-content\/uploads\/sites\/2\/2025\/03\/WhatsApp-Image-2025-03-25-at-15.55.30-768x768.jpeg 768w, https:\/\/www.fecanbm.es\/tenerife\/wp-content\/uploads\/sites\/2\/2025\/03\/WhatsApp-Image-2025-03-25-at-15.55.30-1536x1536.jpeg 1536w, https:\/\/www.fecanbm.es\/tenerife\/wp-content\/uploads\/sites\/2\/2025\/03\/WhatsApp-Image-2025-03-25-at-15.55.30-187x187.jpeg 187w, https:\/\/www.fecanbm.es\/tenerife\/wp-content\/uploads\/sites\/2\/2025\/03\/WhatsApp-Image-2025-03-25-at-15.55.30-1170x1170.jpeg 1170w, https:\/\/www.fecanbm.es\/tenerife\/wp-content\/uploads\/sites\/2\/2025\/03\/WhatsApp-Image-2025-03-25-at-15.55.30.jpeg 1600w\" sizes=\"(max-width: 1024px) 100vw, 1024px\" \/><\/figure>\n\n\n\n<p>Ya en categor\u00eda alev\u00edn tendremos la Fase Final de la Liga Cabildo de Tenerife en el IES Cruz Santa del Municipio de Los Realejos. Entre el viernes y el s\u00e1bado cuatro ser\u00e1n los equipos que luchar\u00e1n por hacerse con el t\u00edtulo. EVM Balonmano Realejos (Campe\u00f3n de la Fase Regular) Balonmano Tegueste Jard\u00edn del Sol, Cer\u00e1micas Tacoronte La Salle, y Club Balonmano Costa Adeje. En la primera semifinal los teguesteros se enfrentan al equipo de la capital de la isla, mientras que los anfitriones se ver\u00e1n las caras con los del sur. <\/p>\n\n\n\n<figure class=\"wp-block-image aligncenter size-large is-resized\"><img decoding=\"async\" width=\"1024\" height=\"1024\" src=\"https:\/\/www.fecanbm.es\/tenerife\/wp-content\/uploads\/sites\/2\/2025\/03\/WhatsApp-Image-2025-03-26-at-09.33.30-1024x1024.jpeg\" alt=\"\" class=\"wp-image-12040\" style=\"width:600px;height:auto\" srcset=\"https:\/\/www.fecanbm.es\/tenerife\/wp-content\/uploads\/sites\/2\/2025\/03\/WhatsApp-Image-2025-03-26-at-09.33.30-1024x1024.jpeg 1024w, https:\/\/www.fecanbm.es\/tenerife\/wp-content\/uploads\/sites\/2\/2025\/03\/WhatsApp-Image-2025-03-26-at-09.33.30-300x300.jpeg 300w, https:\/\/www.fecanbm.es\/tenerife\/wp-content\/uploads\/sites\/2\/2025\/03\/WhatsApp-Image-2025-03-26-at-09.33.30-150x150.jpeg 150w, https:\/\/www.fecanbm.es\/tenerife\/wp-content\/uploads\/sites\/2\/2025\/03\/WhatsApp-Image-2025-03-26-at-09.33.30-768x768.jpeg 768w, https:\/\/www.fecanbm.es\/tenerife\/wp-content\/uploads\/sites\/2\/2025\/03\/WhatsApp-Image-2025-03-26-at-09.33.30-187x187.jpeg 187w, https:\/\/www.fecanbm.es\/tenerife\/wp-content\/uploads\/sites\/2\/2025\/03\/WhatsApp-Image-2025-03-26-at-09.33.30.jpeg 1080w\" sizes=\"(max-width: 1024px) 100vw, 1024px\" \/><\/figure>\n\n\n\n<p>Ya en la ma\u00f1ana del domingo las instalaciones del Pabell\u00f3n Celestino Hern\u00e1ndez acoger\u00e1n una nueva concentraci\u00f3n en edad benjam\u00edn desde las 10:00 hasta a las 11:30 donde podremos disfrutar de la evoluci\u00f3n de l@s peque\u00f1@as de nuestro deporte.<\/p>\n\n\n\n<figure class=\"wp-block-image aligncenter size-large is-resized\"><img decoding=\"async\" width=\"1024\" height=\"1024\" src=\"https:\/\/www.fecanbm.es\/tenerife\/wp-content\/uploads\/sites\/2\/2025\/03\/Brown-Volleyball-Match-up-Instagram-Post-1024x1024.png\" alt=\"\" class=\"wp-image-12041\" style=\"width:600px;height:auto\" srcset=\"https:\/\/www.fecanbm.es\/tenerife\/wp-content\/uploads\/sites\/2\/2025\/03\/Brown-Volleyball-Match-up-Instagram-Post-1024x1024.png 1024w, https:\/\/www.fecanbm.es\/tenerife\/wp-content\/uploads\/sites\/2\/2025\/03\/Brown-Volleyball-Match-up-Instagram-Post-300x300.png 300w, https:\/\/www.fecanbm.es\/tenerife\/wp-content\/uploads\/sites\/2\/2025\/03\/Brown-Volleyball-Match-up-Instagram-Post-150x150.png 150w, https:\/\/www.fecanbm.es\/tenerife\/wp-content\/uploads\/sites\/2\/2025\/03\/Brown-Volleyball-Match-up-Instagram-Post-768x768.png 768w, https:\/\/www.fecanbm.es\/tenerife\/wp-content\/uploads\/sites\/2\/2025\/03\/Brown-Volleyball-Match-up-Instagram-Post-187x187.png 187w, https:\/\/www.fecanbm.es\/tenerife\/wp-content\/uploads\/sites\/2\/2025\/03\/Brown-Volleyball-Match-up-Instagram-Post.png 1080w\" sizes=\"(max-width: 1024px) 100vw, 1024px\" \/><\/figure>\n","protected":false},"excerpt":{"rendered":"<p>Tres ser\u00e1n los puntos de atenci\u00f3n en cuanto a competiciones de base se refiere para este fin de semana en Tenerife En categor\u00eda cadete ser\u00e1 finalmente el Pabell\u00f3n Celestino Hern\u00e1ndez de la Perdoma el escenario donde se disputen los partidos de la segunda jornada de la fase final, en el que Balonmano Tacoronte y Club [&hellip;]<\/p>\n","protected":false},"author":11,"featured_media":12119,"comment_status":"closed","ping_status":"closed","sticky":false,"template":"","format":"standard","meta":{"ngg_post_thumbnail":0,"footnotes":""},"categories":[1,522],"tags":[],"class_list":["post-12038","post","type-post","status-publish","format-standard","has-post-thumbnail","hentry","category-noticias","category-portada"],"yoast_head":"<!-- This site is optimized with the Yoast SEO plugin v27.5 - https:\/\/yoast.com\/product\/yoast-seo-wordpress\/ -->\n<title>INTENSO FIN DE SEMANA - Federaci\u00f3n Insular de Tenerife<\/title>\n<meta name=\"robots\" content=\"index, follow, max-snippet:-1, max-image-preview:large, max-video-preview:-1\" \/>\n<link rel=\"canonical\" href=\"https:\/\/www.fecanbm.es\/tenerife\/intenso-fin-de-semana-2\/\" \/>\n<meta property=\"og:locale\" content=\"es_ES\" \/>\n<meta property=\"og:type\" content=\"article\" \/>\n<meta property=\"og:title\" content=\"INTENSO FIN DE SEMANA - Federaci\u00f3n Insular de Tenerife\" \/>\n<meta property=\"og:description\" content=\"Tres ser\u00e1n los puntos de atenci\u00f3n en cuanto a competiciones de base se refiere para este fin de semana en Tenerife En categor\u00eda cadete ser\u00e1 finalmente el Pabell\u00f3n Celestino Hern\u00e1ndez de la Perdoma el escenario donde se disputen los partidos de la segunda jornada de la fase final, en el que Balonmano Tacoronte y Club [&hellip;]\" \/>\n<meta property=\"og:url\" content=\"https:\/\/www.fecanbm.es\/tenerife\/intenso-fin-de-semana-2\/\" \/>\n<meta property=\"og:site_name\" content=\"Federaci\u00f3n Insular de Tenerife\" \/>\n<meta property=\"article:published_time\" content=\"2025-03-26T19:57:26+00:00\" \/>\n<meta property=\"article:modified_time\" content=\"2025-06-16T11:22:28+00:00\" \/>\n<meta property=\"og:image\" content=\"https:\/\/www.fecanbm.es\/tenerife\/wp-content\/uploads\/sites\/2\/2025\/03\/WhatsApp-Image-2025-03-25-at-15.55.30-1024x1024-1.webp\" \/>\n\t<meta property=\"og:image:width\" content=\"1024\" \/>\n\t<meta property=\"og:image:height\" content=\"1024\" \/>\n\t<meta property=\"og:image:type\" content=\"image\/jpeg\" \/>\n<meta name=\"author\" content=\"Prensa_Tenerife\" \/>\n<meta name=\"twitter:card\" content=\"summary_large_image\" \/>\n<meta name=\"twitter:label1\" content=\"Escrito por\" \/>\n\t<meta name=\"twitter:data1\" content=\"Prensa_Tenerife\" \/>\n\t<meta name=\"twitter:label2\" content=\"Tiempo de lectura\" \/>\n\t<meta name=\"twitter:data2\" content=\"2 minutos\" \/>\n<script type=\"application\/ld+json\" class=\"yoast-schema-graph\">{\"@context\":\"https:\\\/\\\/schema.org\",\"@graph\":[{\"@type\":\"Article\",\"@id\":\"https:\\\/\\\/www.fecanbm.es\\\/tenerife\\\/intenso-fin-de-semana-2\\\/#article\",\"isPartOf\":{\"@id\":\"https:\\\/\\\/www.fecanbm.es\\\/tenerife\\\/intenso-fin-de-semana-2\\\/\"},\"author\":{\"name\":\"Prensa_Tenerife\",\"@id\":\"https:\\\/\\\/www.fecanbm.es\\\/tenerife\\\/#\\\/schema\\\/person\\\/8dc4f7faa1d1529422d09ce29bfaff34\"},\"headline\":\"INTENSO FIN DE SEMANA\",\"datePublished\":\"2025-03-26T19:57:26+00:00\",\"dateModified\":\"2025-06-16T11:22:28+00:00\",\"mainEntityOfPage\":{\"@id\":\"https:\\\/\\\/www.fecanbm.es\\\/tenerife\\\/intenso-fin-de-semana-2\\\/\"},\"wordCount\":231,\"image\":{\"@id\":\"https:\\\/\\\/www.fecanbm.es\\\/tenerife\\\/intenso-fin-de-semana-2\\\/#primaryimage\"},\"thumbnailUrl\":\"https:\\\/\\\/www.fecanbm.es\\\/tenerife\\\/wp-content\\\/uploads\\\/sites\\\/2\\\/2025\\\/03\\\/WhatsApp-Image-2025-03-25-at-15.55.30-1024x1024-1.webp\",\"articleSection\":[\"Noticias\",\"Portada\"],\"inLanguage\":\"es\"},{\"@type\":\"WebPage\",\"@id\":\"https:\\\/\\\/www.fecanbm.es\\\/tenerife\\\/intenso-fin-de-semana-2\\\/\",\"url\":\"https:\\\/\\\/www.fecanbm.es\\\/tenerife\\\/intenso-fin-de-semana-2\\\/\",\"name\":\"INTENSO FIN DE SEMANA - Federaci\u00f3n Insular de Tenerife\",\"isPartOf\":{\"@id\":\"https:\\\/\\\/www.fecanbm.es\\\/tenerife\\\/#website\"},\"primaryImageOfPage\":{\"@id\":\"https:\\\/\\\/www.fecanbm.es\\\/tenerife\\\/intenso-fin-de-semana-2\\\/#primaryimage\"},\"image\":{\"@id\":\"https:\\\/\\\/www.fecanbm.es\\\/tenerife\\\/intenso-fin-de-semana-2\\\/#primaryimage\"},\"thumbnailUrl\":\"https:\\\/\\\/www.fecanbm.es\\\/tenerife\\\/wp-content\\\/uploads\\\/sites\\\/2\\\/2025\\\/03\\\/WhatsApp-Image-2025-03-25-at-15.55.30-1024x1024-1.webp\",\"datePublished\":\"2025-03-26T19:57:26+00:00\",\"dateModified\":\"2025-06-16T11:22:28+00:00\",\"author\":{\"@id\":\"https:\\\/\\\/www.fecanbm.es\\\/tenerife\\\/#\\\/schema\\\/person\\\/8dc4f7faa1d1529422d09ce29bfaff34\"},\"breadcrumb\":{\"@id\":\"https:\\\/\\\/www.fecanbm.es\\\/tenerife\\\/intenso-fin-de-semana-2\\\/#breadcrumb\"},\"inLanguage\":\"es\",\"potentialAction\":[{\"@type\":\"ReadAction\",\"target\":[\"https:\\\/\\\/www.fecanbm.es\\\/tenerife\\\/intenso-fin-de-semana-2\\\/\"]}]},{\"@type\":\"ImageObject\",\"inLanguage\":\"es\",\"@id\":\"https:\\\/\\\/www.fecanbm.es\\\/tenerife\\\/intenso-fin-de-semana-2\\\/#primaryimage\",\"url\":\"https:\\\/\\\/www.fecanbm.es\\\/tenerife\\\/wp-content\\\/uploads\\\/sites\\\/2\\\/2025\\\/03\\\/WhatsApp-Image-2025-03-25-at-15.55.30-1024x1024-1.webp\",\"contentUrl\":\"https:\\\/\\\/www.fecanbm.es\\\/tenerife\\\/wp-content\\\/uploads\\\/sites\\\/2\\\/2025\\\/03\\\/WhatsApp-Image-2025-03-25-at-15.55.30-1024x1024-1.webp\",\"width\":1024,\"height\":1024},{\"@type\":\"BreadcrumbList\",\"@id\":\"https:\\\/\\\/www.fecanbm.es\\\/tenerife\\\/intenso-fin-de-semana-2\\\/#breadcrumb\",\"itemListElement\":[{\"@type\":\"ListItem\",\"position\":1,\"name\":\"Portada\",\"item\":\"https:\\\/\\\/www.fecanbm.es\\\/tenerife\\\/\"},{\"@type\":\"ListItem\",\"position\":2,\"name\":\"INTENSO FIN DE SEMANA\"}]},{\"@type\":\"WebSite\",\"@id\":\"https:\\\/\\\/www.fecanbm.es\\\/tenerife\\\/#website\",\"url\":\"https:\\\/\\\/www.fecanbm.es\\\/tenerife\\\/\",\"name\":\"Federaci\u00f3n Insular de Tenerife\",\"description\":\"Federaci\u00f3n Insular de Tenerife\",\"potentialAction\":[{\"@type\":\"SearchAction\",\"target\":{\"@type\":\"EntryPoint\",\"urlTemplate\":\"https:\\\/\\\/www.fecanbm.es\\\/tenerife\\\/?s={search_term_string}\"},\"query-input\":{\"@type\":\"PropertyValueSpecification\",\"valueRequired\":true,\"valueName\":\"search_term_string\"}}],\"inLanguage\":\"es\"},{\"@type\":\"Person\",\"@id\":\"https:\\\/\\\/www.fecanbm.es\\\/tenerife\\\/#\\\/schema\\\/person\\\/8dc4f7faa1d1529422d09ce29bfaff34\",\"name\":\"Prensa_Tenerife\",\"image\":{\"@type\":\"ImageObject\",\"inLanguage\":\"es\",\"@id\":\"https:\\\/\\\/secure.gravatar.com\\\/avatar\\\/a2e5c44652b49873c2c48146547b9e5798ffd79e53a401add97df5a579086fed?s=96&d=mm&r=g\",\"url\":\"https:\\\/\\\/secure.gravatar.com\\\/avatar\\\/a2e5c44652b49873c2c48146547b9e5798ffd79e53a401add97df5a579086fed?s=96&d=mm&r=g\",\"contentUrl\":\"https:\\\/\\\/secure.gravatar.com\\\/avatar\\\/a2e5c44652b49873c2c48146547b9e5798ffd79e53a401add97df5a579086fed?s=96&d=mm&r=g\",\"caption\":\"Prensa_Tenerife\"},\"url\":\"https:\\\/\\\/www.fecanbm.es\\\/tenerife\\\/author\\\/ruyherodriguez\\\/\"}]}<\/script>\n<!-- \/ Yoast SEO plugin. -->","yoast_head_json":{"title":"INTENSO FIN DE SEMANA - Federaci\u00f3n Insular de Tenerife","robots":{"index":"index","follow":"follow","max-snippet":"max-snippet:-1","max-image-preview":"max-image-preview:large","max-video-preview":"max-video-preview:-1"},"canonical":"https:\/\/www.fecanbm.es\/tenerife\/intenso-fin-de-semana-2\/","og_locale":"es_ES","og_type":"article","og_title":"INTENSO FIN DE SEMANA - Federaci\u00f3n Insular de Tenerife","og_description":"Tres ser\u00e1n los puntos de atenci\u00f3n en cuanto a competiciones de base se refiere para este fin de semana en Tenerife En categor\u00eda cadete ser\u00e1 finalmente el Pabell\u00f3n Celestino Hern\u00e1ndez de la Perdoma el escenario donde se disputen los partidos de la segunda jornada de la fase final, en el que Balonmano Tacoronte y Club [&hellip;]","og_url":"https:\/\/www.fecanbm.es\/tenerife\/intenso-fin-de-semana-2\/","og_site_name":"Federaci\u00f3n Insular de Tenerife","article_published_time":"2025-03-26T19:57:26+00:00","article_modified_time":"2025-06-16T11:22:28+00:00","og_image":[{"width":1024,"height":1024,"url":"https:\/\/www.fecanbm.es\/tenerife\/wp-content\/uploads\/sites\/2\/2025\/03\/WhatsApp-Image-2025-03-25-at-15.55.30-1024x1024-1.webp","type":"image\/jpeg"}],"author":"Prensa_Tenerife","twitter_card":"summary_large_image","twitter_misc":{"Escrito por":"Prensa_Tenerife","Tiempo de lectura":"2 minutos"},"schema":{"@context":"https:\/\/schema.org","@graph":[{"@type":"Article","@id":"https:\/\/www.fecanbm.es\/tenerife\/intenso-fin-de-semana-2\/#article","isPartOf":{"@id":"https:\/\/www.fecanbm.es\/tenerife\/intenso-fin-de-semana-2\/"},"author":{"name":"Prensa_Tenerife","@id":"https:\/\/www.fecanbm.es\/tenerife\/#\/schema\/person\/8dc4f7faa1d1529422d09ce29bfaff34"},"headline":"INTENSO FIN DE SEMANA","datePublished":"2025-03-26T19:57:26+00:00","dateModified":"2025-06-16T11:22:28+00:00","mainEntityOfPage":{"@id":"https:\/\/www.fecanbm.es\/tenerife\/intenso-fin-de-semana-2\/"},"wordCount":231,"image":{"@id":"https:\/\/www.fecanbm.es\/tenerife\/intenso-fin-de-semana-2\/#primaryimage"},"thumbnailUrl":"https:\/\/www.fecanbm.es\/tenerife\/wp-content\/uploads\/sites\/2\/2025\/03\/WhatsApp-Image-2025-03-25-at-15.55.30-1024x1024-1.webp","articleSection":["Noticias","Portada"],"inLanguage":"es"},{"@type":"WebPage","@id":"https:\/\/www.fecanbm.es\/tenerife\/intenso-fin-de-semana-2\/","url":"https:\/\/www.fecanbm.es\/tenerife\/intenso-fin-de-semana-2\/","name":"INTENSO FIN DE SEMANA - Federaci\u00f3n Insular de Tenerife","isPartOf":{"@id":"https:\/\/www.fecanbm.es\/tenerife\/#website"},"primaryImageOfPage":{"@id":"https:\/\/www.fecanbm.es\/tenerife\/intenso-fin-de-semana-2\/#primaryimage"},"image":{"@id":"https:\/\/www.fecanbm.es\/tenerife\/intenso-fin-de-semana-2\/#primaryimage"},"thumbnailUrl":"https:\/\/www.fecanbm.es\/tenerife\/wp-content\/uploads\/sites\/2\/2025\/03\/WhatsApp-Image-2025-03-25-at-15.55.30-1024x1024-1.webp","datePublished":"2025-03-26T19:57:26+00:00","dateModified":"2025-06-16T11:22:28+00:00","author":{"@id":"https:\/\/www.fecanbm.es\/tenerife\/#\/schema\/person\/8dc4f7faa1d1529422d09ce29bfaff34"},"breadcrumb":{"@id":"https:\/\/www.fecanbm.es\/tenerife\/intenso-fin-de-semana-2\/#breadcrumb"},"inLanguage":"es","potentialAction":[{"@type":"ReadAction","target":["https:\/\/www.fecanbm.es\/tenerife\/intenso-fin-de-semana-2\/"]}]},{"@type":"ImageObject","inLanguage":"es","@id":"https:\/\/www.fecanbm.es\/tenerife\/intenso-fin-de-semana-2\/#primaryimage","url":"https:\/\/www.fecanbm.es\/tenerife\/wp-content\/uploads\/sites\/2\/2025\/03\/WhatsApp-Image-2025-03-25-at-15.55.30-1024x1024-1.webp","contentUrl":"https:\/\/www.fecanbm.es\/tenerife\/wp-content\/uploads\/sites\/2\/2025\/03\/WhatsApp-Image-2025-03-25-at-15.55.30-1024x1024-1.webp","width":1024,"height":1024},{"@type":"BreadcrumbList","@id":"https:\/\/www.fecanbm.es\/tenerife\/intenso-fin-de-semana-2\/#breadcrumb","itemListElement":[{"@type":"ListItem","position":1,"name":"Portada","item":"https:\/\/www.fecanbm.es\/tenerife\/"},{"@type":"ListItem","position":2,"name":"INTENSO FIN DE SEMANA"}]},{"@type":"WebSite","@id":"https:\/\/www.fecanbm.es\/tenerife\/#website","url":"https:\/\/www.fecanbm.es\/tenerife\/","name":"Federaci\u00f3n Insular de Tenerife","description":"Federaci\u00f3n Insular de Tenerife","potentialAction":[{"@type":"SearchAction","target":{"@type":"EntryPoint","urlTemplate":"https:\/\/www.fecanbm.es\/tenerife\/?s={search_term_string}"},"query-input":{"@type":"PropertyValueSpecification","valueRequired":true,"valueName":"search_term_string"}}],"inLanguage":"es"},{"@type":"Person","@id":"https:\/\/www.fecanbm.es\/tenerife\/#\/schema\/person\/8dc4f7faa1d1529422d09ce29bfaff34","name":"Prensa_Tenerife","image":{"@type":"ImageObject","inLanguage":"es","@id":"https:\/\/secure.gravatar.com\/avatar\/a2e5c44652b49873c2c48146547b9e5798ffd79e53a401add97df5a579086fed?s=96&d=mm&r=g","url":"https:\/\/secure.gravatar.com\/avatar\/a2e5c44652b49873c2c48146547b9e5798ffd79e53a401add97df5a579086fed?s=96&d=mm&r=g","contentUrl":"https:\/\/secure.gravatar.com\/avatar\/a2e5c44652b49873c2c48146547b9e5798ffd79e53a401add97df5a579086fed?s=96&d=mm&r=g","caption":"Prensa_Tenerife"},"url":"https:\/\/www.fecanbm.es\/tenerife\/author\/ruyherodriguez\/"}]}},"_links":{"self":[{"href":"https:\/\/www.fecanbm.es\/tenerife\/wp-json\/wp\/v2\/posts\/12038","targetHints":{"allow":["GET"]}}],"collection":[{"href":"https:\/\/www.fecanbm.es\/tenerife\/wp-json\/wp\/v2\/posts"}],"about":[{"href":"https:\/\/www.fecanbm.es\/tenerife\/wp-json\/wp\/v2\/types\/post"}],"author":[{"embeddable":true,"href":"https:\/\/www.fecanbm.es\/tenerife\/wp-json\/wp\/v2\/users\/11"}],"replies":[{"embeddable":true,"href":"https:\/\/www.fecanbm.es\/tenerife\/wp-json\/wp\/v2\/comments?post=12038"}],"version-history":[{"count":1,"href":"https:\/\/www.fecanbm.es\/tenerife\/wp-json\/wp\/v2\/posts\/12038\/revisions"}],"predecessor-version":[{"id":12042,"href":"https:\/\/www.fecanbm.es\/tenerife\/wp-json\/wp\/v2\/posts\/12038\/revisions\/12042"}],"wp:featuredmedia":[{"embeddable":true,"href":"https:\/\/www.fecanbm.es\/tenerife\/wp-json\/wp\/v2\/media\/12119"}],"wp:attachment":[{"href":"https:\/\/www.fecanbm.es\/tenerife\/wp-json\/wp\/v2\/media?parent=12038"}],"wp:term":[{"taxonomy":"category","embeddable":true,"href":"https:\/\/www.fecanbm.es\/tenerife\/wp-json\/wp\/v2\/categories?post=12038"},{"taxonomy":"post_tag","embeddable":true,"href":"https:\/\/www.fecanbm.es\/tenerife\/wp-json\/wp\/v2\/tags?post=12038"}],"curies":[{"name":"wp","href":"https:\/\/api.w.org\/{rel}","templated":true}]}}