{"id":12016,"date":"2025-03-21T00:19:20","date_gmt":"2025-03-20T23:19:20","guid":{"rendered":"https:\/\/www.fecanbm.es\/tenerife\/?p=12016"},"modified":"2025-06-16T13:22:41","modified_gmt":"2025-06-16T11:22:41","slug":"fase-final-cadete-femenina-2","status":"publish","type":"post","link":"https:\/\/www.fecanbm.es\/tenerife\/fase-final-cadete-femenina-2\/","title":{"rendered":"FASE FINAL CADETE FEMENINA"},"content":{"rendered":"\n<p>Agua Garc\u00eda y el Municipal de Tacoronte ser\u00e1n los escenarios este fin de semana de la fase final cadete femenina donde las anfitrionas parten como favoritas.<\/p>\n\n\n\n<figure class=\"wp-block-image aligncenter size-large is-resized\"><img fetchpriority=\"high\" decoding=\"async\" width=\"1024\" height=\"1024\" src=\"https:\/\/www.fecanbm.es\/tenerife\/wp-content\/uploads\/sites\/2\/2025\/03\/485696264_1167355811851739_5250801050650064059_n-1024x1024.jpg\" alt=\"\" class=\"wp-image-12017\" style=\"width:680px;height:auto\" srcset=\"https:\/\/www.fecanbm.es\/tenerife\/wp-content\/uploads\/sites\/2\/2025\/03\/485696264_1167355811851739_5250801050650064059_n-1024x1024.jpg 1024w, https:\/\/www.fecanbm.es\/tenerife\/wp-content\/uploads\/sites\/2\/2025\/03\/485696264_1167355811851739_5250801050650064059_n-300x300.jpg 300w, https:\/\/www.fecanbm.es\/tenerife\/wp-content\/uploads\/sites\/2\/2025\/03\/485696264_1167355811851739_5250801050650064059_n-150x150.jpg 150w, https:\/\/www.fecanbm.es\/tenerife\/wp-content\/uploads\/sites\/2\/2025\/03\/485696264_1167355811851739_5250801050650064059_n-768x768.jpg 768w, https:\/\/www.fecanbm.es\/tenerife\/wp-content\/uploads\/sites\/2\/2025\/03\/485696264_1167355811851739_5250801050650064059_n-187x187.jpg 187w, https:\/\/www.fecanbm.es\/tenerife\/wp-content\/uploads\/sites\/2\/2025\/03\/485696264_1167355811851739_5250801050650064059_n.jpg 1080w\" sizes=\"(max-width: 1024px) 100vw, 1024px\" \/><\/figure>\n\n\n\n<p><\/p>\n\n\n\n<p>La competici\u00f3n comenzar\u00e1 este viernes con el enfrentamiento entre Club Balonmano Arona y EVM Balonmano Realejos a las 17:00 para a continuaci\u00f3n entrar en escena los equipos del Barb\u00f3n Mesa Tacoronte y Costa Adeje, ambos a disputarse en Agua Garc\u00eda.<\/p>\n\n\n\n<p>Para el s\u00e1bado por la ma\u00f1ana quedar\u00e1n los encuentros finales. La lucha por el tercer y cuarto puesto comenzar\u00e1 a las 8:40 mientras que la gran final se disputar\u00e1 a las 10:00 horas. Ambos encuentros tendr\u00e1n como escenario el Pabell\u00f3n Municipal de Tacoronte.<\/p>\n","protected":false},"excerpt":{"rendered":"<p>Agua Garc\u00eda y el Municipal de Tacoronte ser\u00e1n los escenarios este fin de semana de la fase final cadete femenina donde las anfitrionas parten como favoritas. La competici\u00f3n comenzar\u00e1 este viernes con el enfrentamiento entre Club Balonmano Arona y EVM Balonmano Realejos a las 17:00 para a continuaci\u00f3n entrar en escena los equipos del Barb\u00f3n [&hellip;]<\/p>\n","protected":false},"author":11,"featured_media":12122,"comment_status":"closed","ping_status":"closed","sticky":false,"template":"","format":"standard","meta":{"ngg_post_thumbnail":0,"footnotes":""},"categories":[1,522],"tags":[],"class_list":["post-12016","post","type-post","status-publish","format-standard","has-post-thumbnail","hentry","category-noticias","category-portada"],"yoast_head":"<!-- This site is optimized with the Yoast SEO plugin v27.5 - https:\/\/yoast.com\/product\/yoast-seo-wordpress\/ -->\n<title>FASE FINAL CADETE FEMENINA - Federaci\u00f3n Insular de Tenerife<\/title>\n<meta name=\"robots\" content=\"index, follow, max-snippet:-1, max-image-preview:large, max-video-preview:-1\" \/>\n<link rel=\"canonical\" href=\"https:\/\/www.fecanbm.es\/tenerife\/fase-final-cadete-femenina-2\/\" \/>\n<meta property=\"og:locale\" content=\"es_ES\" \/>\n<meta property=\"og:type\" content=\"article\" \/>\n<meta property=\"og:title\" content=\"FASE FINAL CADETE FEMENINA - Federaci\u00f3n Insular de Tenerife\" \/>\n<meta property=\"og:description\" content=\"Agua Garc\u00eda y el Municipal de Tacoronte ser\u00e1n los escenarios este fin de semana de la fase final cadete femenina donde las anfitrionas parten como favoritas. La competici\u00f3n comenzar\u00e1 este viernes con el enfrentamiento entre Club Balonmano Arona y EVM Balonmano Realejos a las 17:00 para a continuaci\u00f3n entrar en escena los equipos del Barb\u00f3n [&hellip;]\" \/>\n<meta property=\"og:url\" content=\"https:\/\/www.fecanbm.es\/tenerife\/fase-final-cadete-femenina-2\/\" \/>\n<meta property=\"og:site_name\" content=\"Federaci\u00f3n Insular de Tenerife\" \/>\n<meta property=\"article:published_time\" content=\"2025-03-20T23:19:20+00:00\" \/>\n<meta property=\"article:modified_time\" content=\"2025-06-16T11:22:41+00:00\" \/>\n<meta property=\"og:image\" content=\"https:\/\/www.fecanbm.es\/tenerife\/wp-content\/uploads\/sites\/2\/2025\/03\/485696264_1167355811851739_5250801050650064059_n-1024x1024-1.webp\" \/>\n\t<meta property=\"og:image:width\" content=\"1024\" \/>\n\t<meta property=\"og:image:height\" content=\"1024\" \/>\n\t<meta property=\"og:image:type\" content=\"image\/jpeg\" \/>\n<meta name=\"author\" content=\"Prensa_Tenerife\" \/>\n<meta name=\"twitter:card\" content=\"summary_large_image\" \/>\n<meta name=\"twitter:label1\" content=\"Escrito por\" \/>\n\t<meta name=\"twitter:data1\" content=\"Prensa_Tenerife\" \/>\n\t<meta name=\"twitter:label2\" content=\"Tiempo de lectura\" \/>\n\t<meta name=\"twitter:data2\" content=\"1 minuto\" \/>\n<script type=\"application\/ld+json\" class=\"yoast-schema-graph\">{\"@context\":\"https:\\\/\\\/schema.org\",\"@graph\":[{\"@type\":\"Article\",\"@id\":\"https:\\\/\\\/www.fecanbm.es\\\/tenerife\\\/fase-final-cadete-femenina-2\\\/#article\",\"isPartOf\":{\"@id\":\"https:\\\/\\\/www.fecanbm.es\\\/tenerife\\\/fase-final-cadete-femenina-2\\\/\"},\"author\":{\"name\":\"Prensa_Tenerife\",\"@id\":\"https:\\\/\\\/www.fecanbm.es\\\/tenerife\\\/#\\\/schema\\\/person\\\/8dc4f7faa1d1529422d09ce29bfaff34\"},\"headline\":\"FASE FINAL CADETE FEMENINA\",\"datePublished\":\"2025-03-20T23:19:20+00:00\",\"dateModified\":\"2025-06-16T11:22:41+00:00\",\"mainEntityOfPage\":{\"@id\":\"https:\\\/\\\/www.fecanbm.es\\\/tenerife\\\/fase-final-cadete-femenina-2\\\/\"},\"wordCount\":121,\"image\":{\"@id\":\"https:\\\/\\\/www.fecanbm.es\\\/tenerife\\\/fase-final-cadete-femenina-2\\\/#primaryimage\"},\"thumbnailUrl\":\"https:\\\/\\\/www.fecanbm.es\\\/tenerife\\\/wp-content\\\/uploads\\\/sites\\\/2\\\/2025\\\/03\\\/485696264_1167355811851739_5250801050650064059_n-1024x1024-1.webp\",\"articleSection\":[\"Noticias\",\"Portada\"],\"inLanguage\":\"es\"},{\"@type\":\"WebPage\",\"@id\":\"https:\\\/\\\/www.fecanbm.es\\\/tenerife\\\/fase-final-cadete-femenina-2\\\/\",\"url\":\"https:\\\/\\\/www.fecanbm.es\\\/tenerife\\\/fase-final-cadete-femenina-2\\\/\",\"name\":\"FASE FINAL CADETE FEMENINA - Federaci\u00f3n Insular de Tenerife\",\"isPartOf\":{\"@id\":\"https:\\\/\\\/www.fecanbm.es\\\/tenerife\\\/#website\"},\"primaryImageOfPage\":{\"@id\":\"https:\\\/\\\/www.fecanbm.es\\\/tenerife\\\/fase-final-cadete-femenina-2\\\/#primaryimage\"},\"image\":{\"@id\":\"https:\\\/\\\/www.fecanbm.es\\\/tenerife\\\/fase-final-cadete-femenina-2\\\/#primaryimage\"},\"thumbnailUrl\":\"https:\\\/\\\/www.fecanbm.es\\\/tenerife\\\/wp-content\\\/uploads\\\/sites\\\/2\\\/2025\\\/03\\\/485696264_1167355811851739_5250801050650064059_n-1024x1024-1.webp\",\"datePublished\":\"2025-03-20T23:19:20+00:00\",\"dateModified\":\"2025-06-16T11:22:41+00:00\",\"author\":{\"@id\":\"https:\\\/\\\/www.fecanbm.es\\\/tenerife\\\/#\\\/schema\\\/person\\\/8dc4f7faa1d1529422d09ce29bfaff34\"},\"breadcrumb\":{\"@id\":\"https:\\\/\\\/www.fecanbm.es\\\/tenerife\\\/fase-final-cadete-femenina-2\\\/#breadcrumb\"},\"inLanguage\":\"es\",\"potentialAction\":[{\"@type\":\"ReadAction\",\"target\":[\"https:\\\/\\\/www.fecanbm.es\\\/tenerife\\\/fase-final-cadete-femenina-2\\\/\"]}]},{\"@type\":\"ImageObject\",\"inLanguage\":\"es\",\"@id\":\"https:\\\/\\\/www.fecanbm.es\\\/tenerife\\\/fase-final-cadete-femenina-2\\\/#primaryimage\",\"url\":\"https:\\\/\\\/www.fecanbm.es\\\/tenerife\\\/wp-content\\\/uploads\\\/sites\\\/2\\\/2025\\\/03\\\/485696264_1167355811851739_5250801050650064059_n-1024x1024-1.webp\",\"contentUrl\":\"https:\\\/\\\/www.fecanbm.es\\\/tenerife\\\/wp-content\\\/uploads\\\/sites\\\/2\\\/2025\\\/03\\\/485696264_1167355811851739_5250801050650064059_n-1024x1024-1.webp\",\"width\":1024,\"height\":1024},{\"@type\":\"BreadcrumbList\",\"@id\":\"https:\\\/\\\/www.fecanbm.es\\\/tenerife\\\/fase-final-cadete-femenina-2\\\/#breadcrumb\",\"itemListElement\":[{\"@type\":\"ListItem\",\"position\":1,\"name\":\"Portada\",\"item\":\"https:\\\/\\\/www.fecanbm.es\\\/tenerife\\\/\"},{\"@type\":\"ListItem\",\"position\":2,\"name\":\"FASE FINAL CADETE FEMENINA\"}]},{\"@type\":\"WebSite\",\"@id\":\"https:\\\/\\\/www.fecanbm.es\\\/tenerife\\\/#website\",\"url\":\"https:\\\/\\\/www.fecanbm.es\\\/tenerife\\\/\",\"name\":\"Federaci\u00f3n Insular de Tenerife\",\"description\":\"Federaci\u00f3n Insular de Tenerife\",\"potentialAction\":[{\"@type\":\"SearchAction\",\"target\":{\"@type\":\"EntryPoint\",\"urlTemplate\":\"https:\\\/\\\/www.fecanbm.es\\\/tenerife\\\/?s={search_term_string}\"},\"query-input\":{\"@type\":\"PropertyValueSpecification\",\"valueRequired\":true,\"valueName\":\"search_term_string\"}}],\"inLanguage\":\"es\"},{\"@type\":\"Person\",\"@id\":\"https:\\\/\\\/www.fecanbm.es\\\/tenerife\\\/#\\\/schema\\\/person\\\/8dc4f7faa1d1529422d09ce29bfaff34\",\"name\":\"Prensa_Tenerife\",\"image\":{\"@type\":\"ImageObject\",\"inLanguage\":\"es\",\"@id\":\"https:\\\/\\\/secure.gravatar.com\\\/avatar\\\/a2e5c44652b49873c2c48146547b9e5798ffd79e53a401add97df5a579086fed?s=96&d=mm&r=g\",\"url\":\"https:\\\/\\\/secure.gravatar.com\\\/avatar\\\/a2e5c44652b49873c2c48146547b9e5798ffd79e53a401add97df5a579086fed?s=96&d=mm&r=g\",\"contentUrl\":\"https:\\\/\\\/secure.gravatar.com\\\/avatar\\\/a2e5c44652b49873c2c48146547b9e5798ffd79e53a401add97df5a579086fed?s=96&d=mm&r=g\",\"caption\":\"Prensa_Tenerife\"},\"url\":\"https:\\\/\\\/www.fecanbm.es\\\/tenerife\\\/author\\\/ruyherodriguez\\\/\"}]}<\/script>\n<!-- \/ Yoast SEO plugin. -->","yoast_head_json":{"title":"FASE FINAL CADETE FEMENINA - Federaci\u00f3n Insular de Tenerife","robots":{"index":"index","follow":"follow","max-snippet":"max-snippet:-1","max-image-preview":"max-image-preview:large","max-video-preview":"max-video-preview:-1"},"canonical":"https:\/\/www.fecanbm.es\/tenerife\/fase-final-cadete-femenina-2\/","og_locale":"es_ES","og_type":"article","og_title":"FASE FINAL CADETE FEMENINA - Federaci\u00f3n Insular de Tenerife","og_description":"Agua Garc\u00eda y el Municipal de Tacoronte ser\u00e1n los escenarios este fin de semana de la fase final cadete femenina donde las anfitrionas parten como favoritas. La competici\u00f3n comenzar\u00e1 este viernes con el enfrentamiento entre Club Balonmano Arona y EVM Balonmano Realejos a las 17:00 para a continuaci\u00f3n entrar en escena los equipos del Barb\u00f3n [&hellip;]","og_url":"https:\/\/www.fecanbm.es\/tenerife\/fase-final-cadete-femenina-2\/","og_site_name":"Federaci\u00f3n Insular de Tenerife","article_published_time":"2025-03-20T23:19:20+00:00","article_modified_time":"2025-06-16T11:22:41+00:00","og_image":[{"width":1024,"height":1024,"url":"https:\/\/www.fecanbm.es\/tenerife\/wp-content\/uploads\/sites\/2\/2025\/03\/485696264_1167355811851739_5250801050650064059_n-1024x1024-1.webp","type":"image\/jpeg"}],"author":"Prensa_Tenerife","twitter_card":"summary_large_image","twitter_misc":{"Escrito por":"Prensa_Tenerife","Tiempo de lectura":"1 minuto"},"schema":{"@context":"https:\/\/schema.org","@graph":[{"@type":"Article","@id":"https:\/\/www.fecanbm.es\/tenerife\/fase-final-cadete-femenina-2\/#article","isPartOf":{"@id":"https:\/\/www.fecanbm.es\/tenerife\/fase-final-cadete-femenina-2\/"},"author":{"name":"Prensa_Tenerife","@id":"https:\/\/www.fecanbm.es\/tenerife\/#\/schema\/person\/8dc4f7faa1d1529422d09ce29bfaff34"},"headline":"FASE FINAL CADETE FEMENINA","datePublished":"2025-03-20T23:19:20+00:00","dateModified":"2025-06-16T11:22:41+00:00","mainEntityOfPage":{"@id":"https:\/\/www.fecanbm.es\/tenerife\/fase-final-cadete-femenina-2\/"},"wordCount":121,"image":{"@id":"https:\/\/www.fecanbm.es\/tenerife\/fase-final-cadete-femenina-2\/#primaryimage"},"thumbnailUrl":"https:\/\/www.fecanbm.es\/tenerife\/wp-content\/uploads\/sites\/2\/2025\/03\/485696264_1167355811851739_5250801050650064059_n-1024x1024-1.webp","articleSection":["Noticias","Portada"],"inLanguage":"es"},{"@type":"WebPage","@id":"https:\/\/www.fecanbm.es\/tenerife\/fase-final-cadete-femenina-2\/","url":"https:\/\/www.fecanbm.es\/tenerife\/fase-final-cadete-femenina-2\/","name":"FASE FINAL CADETE FEMENINA - Federaci\u00f3n Insular de Tenerife","isPartOf":{"@id":"https:\/\/www.fecanbm.es\/tenerife\/#website"},"primaryImageOfPage":{"@id":"https:\/\/www.fecanbm.es\/tenerife\/fase-final-cadete-femenina-2\/#primaryimage"},"image":{"@id":"https:\/\/www.fecanbm.es\/tenerife\/fase-final-cadete-femenina-2\/#primaryimage"},"thumbnailUrl":"https:\/\/www.fecanbm.es\/tenerife\/wp-content\/uploads\/sites\/2\/2025\/03\/485696264_1167355811851739_5250801050650064059_n-1024x1024-1.webp","datePublished":"2025-03-20T23:19:20+00:00","dateModified":"2025-06-16T11:22:41+00:00","author":{"@id":"https:\/\/www.fecanbm.es\/tenerife\/#\/schema\/person\/8dc4f7faa1d1529422d09ce29bfaff34"},"breadcrumb":{"@id":"https:\/\/www.fecanbm.es\/tenerife\/fase-final-cadete-femenina-2\/#breadcrumb"},"inLanguage":"es","potentialAction":[{"@type":"ReadAction","target":["https:\/\/www.fecanbm.es\/tenerife\/fase-final-cadete-femenina-2\/"]}]},{"@type":"ImageObject","inLanguage":"es","@id":"https:\/\/www.fecanbm.es\/tenerife\/fase-final-cadete-femenina-2\/#primaryimage","url":"https:\/\/www.fecanbm.es\/tenerife\/wp-content\/uploads\/sites\/2\/2025\/03\/485696264_1167355811851739_5250801050650064059_n-1024x1024-1.webp","contentUrl":"https:\/\/www.fecanbm.es\/tenerife\/wp-content\/uploads\/sites\/2\/2025\/03\/485696264_1167355811851739_5250801050650064059_n-1024x1024-1.webp","width":1024,"height":1024},{"@type":"BreadcrumbList","@id":"https:\/\/www.fecanbm.es\/tenerife\/fase-final-cadete-femenina-2\/#breadcrumb","itemListElement":[{"@type":"ListItem","position":1,"name":"Portada","item":"https:\/\/www.fecanbm.es\/tenerife\/"},{"@type":"ListItem","position":2,"name":"FASE FINAL CADETE FEMENINA"}]},{"@type":"WebSite","@id":"https:\/\/www.fecanbm.es\/tenerife\/#website","url":"https:\/\/www.fecanbm.es\/tenerife\/","name":"Federaci\u00f3n Insular de Tenerife","description":"Federaci\u00f3n Insular de Tenerife","potentialAction":[{"@type":"SearchAction","target":{"@type":"EntryPoint","urlTemplate":"https:\/\/www.fecanbm.es\/tenerife\/?s={search_term_string}"},"query-input":{"@type":"PropertyValueSpecification","valueRequired":true,"valueName":"search_term_string"}}],"inLanguage":"es"},{"@type":"Person","@id":"https:\/\/www.fecanbm.es\/tenerife\/#\/schema\/person\/8dc4f7faa1d1529422d09ce29bfaff34","name":"Prensa_Tenerife","image":{"@type":"ImageObject","inLanguage":"es","@id":"https:\/\/secure.gravatar.com\/avatar\/a2e5c44652b49873c2c48146547b9e5798ffd79e53a401add97df5a579086fed?s=96&d=mm&r=g","url":"https:\/\/secure.gravatar.com\/avatar\/a2e5c44652b49873c2c48146547b9e5798ffd79e53a401add97df5a579086fed?s=96&d=mm&r=g","contentUrl":"https:\/\/secure.gravatar.com\/avatar\/a2e5c44652b49873c2c48146547b9e5798ffd79e53a401add97df5a579086fed?s=96&d=mm&r=g","caption":"Prensa_Tenerife"},"url":"https:\/\/www.fecanbm.es\/tenerife\/author\/ruyherodriguez\/"}]}},"_links":{"self":[{"href":"https:\/\/www.fecanbm.es\/tenerife\/wp-json\/wp\/v2\/posts\/12016","targetHints":{"allow":["GET"]}}],"collection":[{"href":"https:\/\/www.fecanbm.es\/tenerife\/wp-json\/wp\/v2\/posts"}],"about":[{"href":"https:\/\/www.fecanbm.es\/tenerife\/wp-json\/wp\/v2\/types\/post"}],"author":[{"embeddable":true,"href":"https:\/\/www.fecanbm.es\/tenerife\/wp-json\/wp\/v2\/users\/11"}],"replies":[{"embeddable":true,"href":"https:\/\/www.fecanbm.es\/tenerife\/wp-json\/wp\/v2\/comments?post=12016"}],"version-history":[{"count":1,"href":"https:\/\/www.fecanbm.es\/tenerife\/wp-json\/wp\/v2\/posts\/12016\/revisions"}],"predecessor-version":[{"id":12018,"href":"https:\/\/www.fecanbm.es\/tenerife\/wp-json\/wp\/v2\/posts\/12016\/revisions\/12018"}],"wp:featuredmedia":[{"embeddable":true,"href":"https:\/\/www.fecanbm.es\/tenerife\/wp-json\/wp\/v2\/media\/12122"}],"wp:attachment":[{"href":"https:\/\/www.fecanbm.es\/tenerife\/wp-json\/wp\/v2\/media?parent=12016"}],"wp:term":[{"taxonomy":"category","embeddable":true,"href":"https:\/\/www.fecanbm.es\/tenerife\/wp-json\/wp\/v2\/categories?post=12016"},{"taxonomy":"post_tag","embeddable":true,"href":"https:\/\/www.fecanbm.es\/tenerife\/wp-json\/wp\/v2\/tags?post=12016"}],"curies":[{"name":"wp","href":"https:\/\/api.w.org\/{rel}","templated":true}]}}