{"id":11998,"date":"2025-03-16T17:31:35","date_gmt":"2025-03-16T16:31:35","guid":{"rendered":"https:\/\/www.fecanbm.es\/tenerife\/?p=11998"},"modified":"2025-06-16T13:22:46","modified_gmt":"2025-06-16T11:22:46","slug":"campeonas-de-tenerife","status":"publish","type":"post","link":"https:\/\/www.fecanbm.es\/tenerife\/campeonas-de-tenerife\/","title":{"rendered":"CAMPEONAS DE TENERIFE"},"content":{"rendered":"\n<p>El Multi\u00f3pticas Orotava Perdoma se alza con el t\u00edtulo de la Liga Cabildo de Tenerife tras una gran final.<\/p>\n\n\n\n<figure class=\"wp-block-image size-large\"><img fetchpriority=\"high\" decoding=\"async\" width=\"1024\" height=\"683\" src=\"https:\/\/www.fecanbm.es\/tenerife\/wp-content\/uploads\/sites\/2\/2025\/03\/WhatsApp-Image-2025-03-16-at-13.53.29-1024x683.jpeg\" alt=\"\" class=\"wp-image-12008\" srcset=\"https:\/\/www.fecanbm.es\/tenerife\/wp-content\/uploads\/sites\/2\/2025\/03\/WhatsApp-Image-2025-03-16-at-13.53.29-1024x683.jpeg 1024w, https:\/\/www.fecanbm.es\/tenerife\/wp-content\/uploads\/sites\/2\/2025\/03\/WhatsApp-Image-2025-03-16-at-13.53.29-300x200.jpeg 300w, https:\/\/www.fecanbm.es\/tenerife\/wp-content\/uploads\/sites\/2\/2025\/03\/WhatsApp-Image-2025-03-16-at-13.53.29-768x512.jpeg 768w, https:\/\/www.fecanbm.es\/tenerife\/wp-content\/uploads\/sites\/2\/2025\/03\/WhatsApp-Image-2025-03-16-at-13.53.29-1536x1024.jpeg 1536w, https:\/\/www.fecanbm.es\/tenerife\/wp-content\/uploads\/sites\/2\/2025\/03\/WhatsApp-Image-2025-03-16-at-13.53.29-280x187.jpeg 280w, https:\/\/www.fecanbm.es\/tenerife\/wp-content\/uploads\/sites\/2\/2025\/03\/WhatsApp-Image-2025-03-16-at-13.53.29-1170x780.jpeg 1170w, https:\/\/www.fecanbm.es\/tenerife\/wp-content\/uploads\/sites\/2\/2025\/03\/WhatsApp-Image-2025-03-16-at-13.53.29.jpeg 1920w\" sizes=\"(max-width: 1024px) 100vw, 1024px\" \/><figcaption class=\"wp-element-caption\">MULTI\u00d3PTICAS OROTAVA PERDOMA. CAMPE\u00d3N DE TENERIFE<\/figcaption><\/figure>\n\n\n\n<p>El recinto orotavense del Celestino Hern\u00e1ndez fue el escenario este fin de semana de la fase final infantil femenina donde el Multi\u00f3pticas Orotava Perdoma se hizo con el t\u00edtulo tras vencer en la final al Club Balonmano Arona. En la lucha por el tercer y cuarto puesto el Escayesco Balonmano Tacoronte se hizo con la victoria, relegando a la cuarta posici\u00f3n al EVM Balonmano Realejos.<\/p>\n\n\n\n<figure class=\"wp-block-gallery has-nested-images columns-default is-cropped wp-block-gallery-1 is-layout-flex wp-block-gallery-is-layout-flex\">\n<figure class=\"wp-block-image size-large\"><img decoding=\"async\" width=\"1024\" height=\"768\" data-id=\"12001\" src=\"https:\/\/www.fecanbm.es\/tenerife\/wp-content\/uploads\/sites\/2\/2025\/03\/WhatsApp-Image-2025-03-16-at-14.27.19-7-1-1024x768.jpeg\" alt=\"\" class=\"wp-image-12001\" srcset=\"https:\/\/www.fecanbm.es\/tenerife\/wp-content\/uploads\/sites\/2\/2025\/03\/WhatsApp-Image-2025-03-16-at-14.27.19-7-1-1024x768.jpeg 1024w, https:\/\/www.fecanbm.es\/tenerife\/wp-content\/uploads\/sites\/2\/2025\/03\/WhatsApp-Image-2025-03-16-at-14.27.19-7-1-300x225.jpeg 300w, https:\/\/www.fecanbm.es\/tenerife\/wp-content\/uploads\/sites\/2\/2025\/03\/WhatsApp-Image-2025-03-16-at-14.27.19-7-1-768x576.jpeg 768w, https:\/\/www.fecanbm.es\/tenerife\/wp-content\/uploads\/sites\/2\/2025\/03\/WhatsApp-Image-2025-03-16-at-14.27.19-7-1-1536x1152.jpeg 1536w, https:\/\/www.fecanbm.es\/tenerife\/wp-content\/uploads\/sites\/2\/2025\/03\/WhatsApp-Image-2025-03-16-at-14.27.19-7-1-249x187.jpeg 249w, https:\/\/www.fecanbm.es\/tenerife\/wp-content\/uploads\/sites\/2\/2025\/03\/WhatsApp-Image-2025-03-16-at-14.27.19-7-1-1170x878.jpeg 1170w, https:\/\/www.fecanbm.es\/tenerife\/wp-content\/uploads\/sites\/2\/2025\/03\/WhatsApp-Image-2025-03-16-at-14.27.19-7-1.jpeg 1600w\" sizes=\"(max-width: 1024px) 100vw, 1024px\" \/><figcaption class=\"wp-element-caption\">CB Arona, Subcampe\u00f3n<\/figcaption><\/figure>\n\n\n\n<figure class=\"wp-block-image size-large\"><img decoding=\"async\" width=\"1024\" height=\"768\" data-id=\"12002\" src=\"https:\/\/www.fecanbm.es\/tenerife\/wp-content\/uploads\/sites\/2\/2025\/03\/WhatsApp-Image-2025-03-16-at-14.27.18-1-1024x768.jpeg\" alt=\"\" class=\"wp-image-12002\" srcset=\"https:\/\/www.fecanbm.es\/tenerife\/wp-content\/uploads\/sites\/2\/2025\/03\/WhatsApp-Image-2025-03-16-at-14.27.18-1-1024x768.jpeg 1024w, https:\/\/www.fecanbm.es\/tenerife\/wp-content\/uploads\/sites\/2\/2025\/03\/WhatsApp-Image-2025-03-16-at-14.27.18-1-300x225.jpeg 300w, https:\/\/www.fecanbm.es\/tenerife\/wp-content\/uploads\/sites\/2\/2025\/03\/WhatsApp-Image-2025-03-16-at-14.27.18-1-768x576.jpeg 768w, https:\/\/www.fecanbm.es\/tenerife\/wp-content\/uploads\/sites\/2\/2025\/03\/WhatsApp-Image-2025-03-16-at-14.27.18-1-1536x1152.jpeg 1536w, https:\/\/www.fecanbm.es\/tenerife\/wp-content\/uploads\/sites\/2\/2025\/03\/WhatsApp-Image-2025-03-16-at-14.27.18-1-249x187.jpeg 249w, https:\/\/www.fecanbm.es\/tenerife\/wp-content\/uploads\/sites\/2\/2025\/03\/WhatsApp-Image-2025-03-16-at-14.27.18-1-1170x878.jpeg 1170w, https:\/\/www.fecanbm.es\/tenerife\/wp-content\/uploads\/sites\/2\/2025\/03\/WhatsApp-Image-2025-03-16-at-14.27.18-1.jpeg 1600w\" sizes=\"(max-width: 1024px) 100vw, 1024px\" \/><figcaption class=\"wp-element-caption\">Escayesco BM Tacoronte, 3\u00ba clasificado<\/figcaption><\/figure>\n\n\n\n<figure class=\"wp-block-image size-large\"><img loading=\"lazy\" decoding=\"async\" width=\"1024\" height=\"768\" data-id=\"12003\" src=\"https:\/\/www.fecanbm.es\/tenerife\/wp-content\/uploads\/sites\/2\/2025\/03\/WhatsApp-Image-2025-03-16-at-14.27.19-1-1024x768.jpeg\" alt=\"\" class=\"wp-image-12003\" srcset=\"https:\/\/www.fecanbm.es\/tenerife\/wp-content\/uploads\/sites\/2\/2025\/03\/WhatsApp-Image-2025-03-16-at-14.27.19-1-1024x768.jpeg 1024w, https:\/\/www.fecanbm.es\/tenerife\/wp-content\/uploads\/sites\/2\/2025\/03\/WhatsApp-Image-2025-03-16-at-14.27.19-1-300x225.jpeg 300w, https:\/\/www.fecanbm.es\/tenerife\/wp-content\/uploads\/sites\/2\/2025\/03\/WhatsApp-Image-2025-03-16-at-14.27.19-1-768x576.jpeg 768w, https:\/\/www.fecanbm.es\/tenerife\/wp-content\/uploads\/sites\/2\/2025\/03\/WhatsApp-Image-2025-03-16-at-14.27.19-1-1536x1152.jpeg 1536w, https:\/\/www.fecanbm.es\/tenerife\/wp-content\/uploads\/sites\/2\/2025\/03\/WhatsApp-Image-2025-03-16-at-14.27.19-1-249x187.jpeg 249w, https:\/\/www.fecanbm.es\/tenerife\/wp-content\/uploads\/sites\/2\/2025\/03\/WhatsApp-Image-2025-03-16-at-14.27.19-1-1170x878.jpeg 1170w, https:\/\/www.fecanbm.es\/tenerife\/wp-content\/uploads\/sites\/2\/2025\/03\/WhatsApp-Image-2025-03-16-at-14.27.19-1.jpeg 1600w\" sizes=\"(max-width: 1024px) 100vw, 1024px\" \/><figcaption class=\"wp-element-caption\">EVM BM Realejos, 4\u00ba Clasificado<\/figcaption><\/figure>\n<\/figure>\n\n\n\n<figure class=\"wp-block-gallery has-nested-images columns-default is-cropped wp-block-gallery-2 is-layout-flex wp-block-gallery-is-layout-flex\"><\/figure>\n\n\n\n<figure class=\"wp-block-gallery has-nested-images columns-default is-cropped wp-block-gallery-3 is-layout-flex wp-block-gallery-is-layout-flex\"><\/figure>\n\n\n\n<p>Si en los chicos los trofeos recayeron en Daniel Rodr\u00edguez como mejor jugador y Erik Gonz\u00e1lez como mejor guardameta, en las f\u00e9minas fue nombrada mejor jugadora Efe Ohuwuc (BM Arona) y Alianny Izquierdo (Multi\u00f3pticas Orotava Perdoma) como portera.<\/p>\n","protected":false},"excerpt":{"rendered":"<p>El Multi\u00f3pticas Orotava Perdoma se alza con el t\u00edtulo de la Liga Cabildo de Tenerife tras una gran final. El recinto orotavense del Celestino Hern\u00e1ndez fue el escenario este fin de semana de la fase final infantil femenina donde el Multi\u00f3pticas Orotava Perdoma se hizo con el t\u00edtulo tras vencer en la final al Club [&hellip;]<\/p>\n","protected":false},"author":11,"featured_media":12123,"comment_status":"closed","ping_status":"closed","sticky":false,"template":"","format":"standard","meta":{"ngg_post_thumbnail":0,"footnotes":""},"categories":[1,522],"tags":[],"class_list":["post-11998","post","type-post","status-publish","format-standard","has-post-thumbnail","hentry","category-noticias","category-portada"],"yoast_head":"<!-- This site is optimized with the Yoast SEO plugin v27.5 - https:\/\/yoast.com\/product\/yoast-seo-wordpress\/ -->\n<title>CAMPEONAS DE TENERIFE - Federaci\u00f3n Insular de Tenerife<\/title>\n<meta name=\"robots\" content=\"index, follow, max-snippet:-1, max-image-preview:large, max-video-preview:-1\" \/>\n<link rel=\"canonical\" href=\"https:\/\/www.fecanbm.es\/tenerife\/campeonas-de-tenerife\/\" \/>\n<meta property=\"og:locale\" content=\"es_ES\" \/>\n<meta property=\"og:type\" content=\"article\" \/>\n<meta property=\"og:title\" content=\"CAMPEONAS DE TENERIFE - Federaci\u00f3n Insular de Tenerife\" \/>\n<meta property=\"og:description\" content=\"El Multi\u00f3pticas Orotava Perdoma se alza con el t\u00edtulo de la Liga Cabildo de Tenerife tras una gran final. El recinto orotavense del Celestino Hern\u00e1ndez fue el escenario este fin de semana de la fase final infantil femenina donde el Multi\u00f3pticas Orotava Perdoma se hizo con el t\u00edtulo tras vencer en la final al Club [&hellip;]\" \/>\n<meta property=\"og:url\" content=\"https:\/\/www.fecanbm.es\/tenerife\/campeonas-de-tenerife\/\" \/>\n<meta property=\"og:site_name\" content=\"Federaci\u00f3n Insular de Tenerife\" \/>\n<meta property=\"article:published_time\" content=\"2025-03-16T16:31:35+00:00\" \/>\n<meta property=\"article:modified_time\" content=\"2025-06-16T11:22:46+00:00\" \/>\n<meta property=\"og:image\" content=\"https:\/\/www.fecanbm.es\/tenerife\/wp-content\/uploads\/sites\/2\/2025\/03\/WhatsApp-Image-2025-03-16-at-13.53.29-1024x683-1.webp\" \/>\n\t<meta property=\"og:image:width\" content=\"1024\" \/>\n\t<meta property=\"og:image:height\" content=\"683\" \/>\n\t<meta property=\"og:image:type\" content=\"image\/jpeg\" \/>\n<meta name=\"author\" content=\"Prensa_Tenerife\" \/>\n<meta name=\"twitter:card\" content=\"summary_large_image\" \/>\n<meta name=\"twitter:label1\" content=\"Escrito por\" \/>\n\t<meta name=\"twitter:data1\" content=\"Prensa_Tenerife\" \/>\n\t<meta name=\"twitter:label2\" content=\"Tiempo de lectura\" \/>\n\t<meta name=\"twitter:data2\" content=\"2 minutos\" \/>\n<script type=\"application\/ld+json\" class=\"yoast-schema-graph\">{\"@context\":\"https:\\\/\\\/schema.org\",\"@graph\":[{\"@type\":\"Article\",\"@id\":\"https:\\\/\\\/www.fecanbm.es\\\/tenerife\\\/campeonas-de-tenerife\\\/#article\",\"isPartOf\":{\"@id\":\"https:\\\/\\\/www.fecanbm.es\\\/tenerife\\\/campeonas-de-tenerife\\\/\"},\"author\":{\"name\":\"Prensa_Tenerife\",\"@id\":\"https:\\\/\\\/www.fecanbm.es\\\/tenerife\\\/#\\\/schema\\\/person\\\/8dc4f7faa1d1529422d09ce29bfaff34\"},\"headline\":\"CAMPEONAS DE TENERIFE\",\"datePublished\":\"2025-03-16T16:31:35+00:00\",\"dateModified\":\"2025-06-16T11:22:46+00:00\",\"mainEntityOfPage\":{\"@id\":\"https:\\\/\\\/www.fecanbm.es\\\/tenerife\\\/campeonas-de-tenerife\\\/\"},\"wordCount\":155,\"image\":{\"@id\":\"https:\\\/\\\/www.fecanbm.es\\\/tenerife\\\/campeonas-de-tenerife\\\/#primaryimage\"},\"thumbnailUrl\":\"https:\\\/\\\/www.fecanbm.es\\\/tenerife\\\/wp-content\\\/uploads\\\/sites\\\/2\\\/2025\\\/03\\\/WhatsApp-Image-2025-03-16-at-13.53.29-1024x683-1.webp\",\"articleSection\":[\"Noticias\",\"Portada\"],\"inLanguage\":\"es\"},{\"@type\":\"WebPage\",\"@id\":\"https:\\\/\\\/www.fecanbm.es\\\/tenerife\\\/campeonas-de-tenerife\\\/\",\"url\":\"https:\\\/\\\/www.fecanbm.es\\\/tenerife\\\/campeonas-de-tenerife\\\/\",\"name\":\"CAMPEONAS DE TENERIFE - Federaci\u00f3n Insular de Tenerife\",\"isPartOf\":{\"@id\":\"https:\\\/\\\/www.fecanbm.es\\\/tenerife\\\/#website\"},\"primaryImageOfPage\":{\"@id\":\"https:\\\/\\\/www.fecanbm.es\\\/tenerife\\\/campeonas-de-tenerife\\\/#primaryimage\"},\"image\":{\"@id\":\"https:\\\/\\\/www.fecanbm.es\\\/tenerife\\\/campeonas-de-tenerife\\\/#primaryimage\"},\"thumbnailUrl\":\"https:\\\/\\\/www.fecanbm.es\\\/tenerife\\\/wp-content\\\/uploads\\\/sites\\\/2\\\/2025\\\/03\\\/WhatsApp-Image-2025-03-16-at-13.53.29-1024x683-1.webp\",\"datePublished\":\"2025-03-16T16:31:35+00:00\",\"dateModified\":\"2025-06-16T11:22:46+00:00\",\"author\":{\"@id\":\"https:\\\/\\\/www.fecanbm.es\\\/tenerife\\\/#\\\/schema\\\/person\\\/8dc4f7faa1d1529422d09ce29bfaff34\"},\"breadcrumb\":{\"@id\":\"https:\\\/\\\/www.fecanbm.es\\\/tenerife\\\/campeonas-de-tenerife\\\/#breadcrumb\"},\"inLanguage\":\"es\",\"potentialAction\":[{\"@type\":\"ReadAction\",\"target\":[\"https:\\\/\\\/www.fecanbm.es\\\/tenerife\\\/campeonas-de-tenerife\\\/\"]}]},{\"@type\":\"ImageObject\",\"inLanguage\":\"es\",\"@id\":\"https:\\\/\\\/www.fecanbm.es\\\/tenerife\\\/campeonas-de-tenerife\\\/#primaryimage\",\"url\":\"https:\\\/\\\/www.fecanbm.es\\\/tenerife\\\/wp-content\\\/uploads\\\/sites\\\/2\\\/2025\\\/03\\\/WhatsApp-Image-2025-03-16-at-13.53.29-1024x683-1.webp\",\"contentUrl\":\"https:\\\/\\\/www.fecanbm.es\\\/tenerife\\\/wp-content\\\/uploads\\\/sites\\\/2\\\/2025\\\/03\\\/WhatsApp-Image-2025-03-16-at-13.53.29-1024x683-1.webp\",\"width\":1024,\"height\":683},{\"@type\":\"BreadcrumbList\",\"@id\":\"https:\\\/\\\/www.fecanbm.es\\\/tenerife\\\/campeonas-de-tenerife\\\/#breadcrumb\",\"itemListElement\":[{\"@type\":\"ListItem\",\"position\":1,\"name\":\"Portada\",\"item\":\"https:\\\/\\\/www.fecanbm.es\\\/tenerife\\\/\"},{\"@type\":\"ListItem\",\"position\":2,\"name\":\"CAMPEONAS DE TENERIFE\"}]},{\"@type\":\"WebSite\",\"@id\":\"https:\\\/\\\/www.fecanbm.es\\\/tenerife\\\/#website\",\"url\":\"https:\\\/\\\/www.fecanbm.es\\\/tenerife\\\/\",\"name\":\"Federaci\u00f3n Insular de Tenerife\",\"description\":\"Federaci\u00f3n Insular de Tenerife\",\"potentialAction\":[{\"@type\":\"SearchAction\",\"target\":{\"@type\":\"EntryPoint\",\"urlTemplate\":\"https:\\\/\\\/www.fecanbm.es\\\/tenerife\\\/?s={search_term_string}\"},\"query-input\":{\"@type\":\"PropertyValueSpecification\",\"valueRequired\":true,\"valueName\":\"search_term_string\"}}],\"inLanguage\":\"es\"},{\"@type\":\"Person\",\"@id\":\"https:\\\/\\\/www.fecanbm.es\\\/tenerife\\\/#\\\/schema\\\/person\\\/8dc4f7faa1d1529422d09ce29bfaff34\",\"name\":\"Prensa_Tenerife\",\"image\":{\"@type\":\"ImageObject\",\"inLanguage\":\"es\",\"@id\":\"https:\\\/\\\/secure.gravatar.com\\\/avatar\\\/a2e5c44652b49873c2c48146547b9e5798ffd79e53a401add97df5a579086fed?s=96&d=mm&r=g\",\"url\":\"https:\\\/\\\/secure.gravatar.com\\\/avatar\\\/a2e5c44652b49873c2c48146547b9e5798ffd79e53a401add97df5a579086fed?s=96&d=mm&r=g\",\"contentUrl\":\"https:\\\/\\\/secure.gravatar.com\\\/avatar\\\/a2e5c44652b49873c2c48146547b9e5798ffd79e53a401add97df5a579086fed?s=96&d=mm&r=g\",\"caption\":\"Prensa_Tenerife\"},\"url\":\"https:\\\/\\\/www.fecanbm.es\\\/tenerife\\\/author\\\/ruyherodriguez\\\/\"}]}<\/script>\n<!-- \/ Yoast SEO plugin. -->","yoast_head_json":{"title":"CAMPEONAS DE TENERIFE - Federaci\u00f3n Insular de Tenerife","robots":{"index":"index","follow":"follow","max-snippet":"max-snippet:-1","max-image-preview":"max-image-preview:large","max-video-preview":"max-video-preview:-1"},"canonical":"https:\/\/www.fecanbm.es\/tenerife\/campeonas-de-tenerife\/","og_locale":"es_ES","og_type":"article","og_title":"CAMPEONAS DE TENERIFE - Federaci\u00f3n Insular de Tenerife","og_description":"El Multi\u00f3pticas Orotava Perdoma se alza con el t\u00edtulo de la Liga Cabildo de Tenerife tras una gran final. El recinto orotavense del Celestino Hern\u00e1ndez fue el escenario este fin de semana de la fase final infantil femenina donde el Multi\u00f3pticas Orotava Perdoma se hizo con el t\u00edtulo tras vencer en la final al Club [&hellip;]","og_url":"https:\/\/www.fecanbm.es\/tenerife\/campeonas-de-tenerife\/","og_site_name":"Federaci\u00f3n Insular de Tenerife","article_published_time":"2025-03-16T16:31:35+00:00","article_modified_time":"2025-06-16T11:22:46+00:00","og_image":[{"width":1024,"height":683,"url":"https:\/\/www.fecanbm.es\/tenerife\/wp-content\/uploads\/sites\/2\/2025\/03\/WhatsApp-Image-2025-03-16-at-13.53.29-1024x683-1.webp","type":"image\/jpeg"}],"author":"Prensa_Tenerife","twitter_card":"summary_large_image","twitter_misc":{"Escrito por":"Prensa_Tenerife","Tiempo de lectura":"2 minutos"},"schema":{"@context":"https:\/\/schema.org","@graph":[{"@type":"Article","@id":"https:\/\/www.fecanbm.es\/tenerife\/campeonas-de-tenerife\/#article","isPartOf":{"@id":"https:\/\/www.fecanbm.es\/tenerife\/campeonas-de-tenerife\/"},"author":{"name":"Prensa_Tenerife","@id":"https:\/\/www.fecanbm.es\/tenerife\/#\/schema\/person\/8dc4f7faa1d1529422d09ce29bfaff34"},"headline":"CAMPEONAS DE TENERIFE","datePublished":"2025-03-16T16:31:35+00:00","dateModified":"2025-06-16T11:22:46+00:00","mainEntityOfPage":{"@id":"https:\/\/www.fecanbm.es\/tenerife\/campeonas-de-tenerife\/"},"wordCount":155,"image":{"@id":"https:\/\/www.fecanbm.es\/tenerife\/campeonas-de-tenerife\/#primaryimage"},"thumbnailUrl":"https:\/\/www.fecanbm.es\/tenerife\/wp-content\/uploads\/sites\/2\/2025\/03\/WhatsApp-Image-2025-03-16-at-13.53.29-1024x683-1.webp","articleSection":["Noticias","Portada"],"inLanguage":"es"},{"@type":"WebPage","@id":"https:\/\/www.fecanbm.es\/tenerife\/campeonas-de-tenerife\/","url":"https:\/\/www.fecanbm.es\/tenerife\/campeonas-de-tenerife\/","name":"CAMPEONAS DE TENERIFE - Federaci\u00f3n Insular de Tenerife","isPartOf":{"@id":"https:\/\/www.fecanbm.es\/tenerife\/#website"},"primaryImageOfPage":{"@id":"https:\/\/www.fecanbm.es\/tenerife\/campeonas-de-tenerife\/#primaryimage"},"image":{"@id":"https:\/\/www.fecanbm.es\/tenerife\/campeonas-de-tenerife\/#primaryimage"},"thumbnailUrl":"https:\/\/www.fecanbm.es\/tenerife\/wp-content\/uploads\/sites\/2\/2025\/03\/WhatsApp-Image-2025-03-16-at-13.53.29-1024x683-1.webp","datePublished":"2025-03-16T16:31:35+00:00","dateModified":"2025-06-16T11:22:46+00:00","author":{"@id":"https:\/\/www.fecanbm.es\/tenerife\/#\/schema\/person\/8dc4f7faa1d1529422d09ce29bfaff34"},"breadcrumb":{"@id":"https:\/\/www.fecanbm.es\/tenerife\/campeonas-de-tenerife\/#breadcrumb"},"inLanguage":"es","potentialAction":[{"@type":"ReadAction","target":["https:\/\/www.fecanbm.es\/tenerife\/campeonas-de-tenerife\/"]}]},{"@type":"ImageObject","inLanguage":"es","@id":"https:\/\/www.fecanbm.es\/tenerife\/campeonas-de-tenerife\/#primaryimage","url":"https:\/\/www.fecanbm.es\/tenerife\/wp-content\/uploads\/sites\/2\/2025\/03\/WhatsApp-Image-2025-03-16-at-13.53.29-1024x683-1.webp","contentUrl":"https:\/\/www.fecanbm.es\/tenerife\/wp-content\/uploads\/sites\/2\/2025\/03\/WhatsApp-Image-2025-03-16-at-13.53.29-1024x683-1.webp","width":1024,"height":683},{"@type":"BreadcrumbList","@id":"https:\/\/www.fecanbm.es\/tenerife\/campeonas-de-tenerife\/#breadcrumb","itemListElement":[{"@type":"ListItem","position":1,"name":"Portada","item":"https:\/\/www.fecanbm.es\/tenerife\/"},{"@type":"ListItem","position":2,"name":"CAMPEONAS DE TENERIFE"}]},{"@type":"WebSite","@id":"https:\/\/www.fecanbm.es\/tenerife\/#website","url":"https:\/\/www.fecanbm.es\/tenerife\/","name":"Federaci\u00f3n Insular de Tenerife","description":"Federaci\u00f3n Insular de Tenerife","potentialAction":[{"@type":"SearchAction","target":{"@type":"EntryPoint","urlTemplate":"https:\/\/www.fecanbm.es\/tenerife\/?s={search_term_string}"},"query-input":{"@type":"PropertyValueSpecification","valueRequired":true,"valueName":"search_term_string"}}],"inLanguage":"es"},{"@type":"Person","@id":"https:\/\/www.fecanbm.es\/tenerife\/#\/schema\/person\/8dc4f7faa1d1529422d09ce29bfaff34","name":"Prensa_Tenerife","image":{"@type":"ImageObject","inLanguage":"es","@id":"https:\/\/secure.gravatar.com\/avatar\/a2e5c44652b49873c2c48146547b9e5798ffd79e53a401add97df5a579086fed?s=96&d=mm&r=g","url":"https:\/\/secure.gravatar.com\/avatar\/a2e5c44652b49873c2c48146547b9e5798ffd79e53a401add97df5a579086fed?s=96&d=mm&r=g","contentUrl":"https:\/\/secure.gravatar.com\/avatar\/a2e5c44652b49873c2c48146547b9e5798ffd79e53a401add97df5a579086fed?s=96&d=mm&r=g","caption":"Prensa_Tenerife"},"url":"https:\/\/www.fecanbm.es\/tenerife\/author\/ruyherodriguez\/"}]}},"_links":{"self":[{"href":"https:\/\/www.fecanbm.es\/tenerife\/wp-json\/wp\/v2\/posts\/11998","targetHints":{"allow":["GET"]}}],"collection":[{"href":"https:\/\/www.fecanbm.es\/tenerife\/wp-json\/wp\/v2\/posts"}],"about":[{"href":"https:\/\/www.fecanbm.es\/tenerife\/wp-json\/wp\/v2\/types\/post"}],"author":[{"embeddable":true,"href":"https:\/\/www.fecanbm.es\/tenerife\/wp-json\/wp\/v2\/users\/11"}],"replies":[{"embeddable":true,"href":"https:\/\/www.fecanbm.es\/tenerife\/wp-json\/wp\/v2\/comments?post=11998"}],"version-history":[{"count":4,"href":"https:\/\/www.fecanbm.es\/tenerife\/wp-json\/wp\/v2\/posts\/11998\/revisions"}],"predecessor-version":[{"id":12014,"href":"https:\/\/www.fecanbm.es\/tenerife\/wp-json\/wp\/v2\/posts\/11998\/revisions\/12014"}],"wp:featuredmedia":[{"embeddable":true,"href":"https:\/\/www.fecanbm.es\/tenerife\/wp-json\/wp\/v2\/media\/12123"}],"wp:attachment":[{"href":"https:\/\/www.fecanbm.es\/tenerife\/wp-json\/wp\/v2\/media?parent=11998"}],"wp:term":[{"taxonomy":"category","embeddable":true,"href":"https:\/\/www.fecanbm.es\/tenerife\/wp-json\/wp\/v2\/categories?post=11998"},{"taxonomy":"post_tag","embeddable":true,"href":"https:\/\/www.fecanbm.es\/tenerife\/wp-json\/wp\/v2\/tags?post=11998"}],"curies":[{"name":"wp","href":"https:\/\/api.w.org\/{rel}","templated":true}]}}