{"id":11987,"date":"2025-03-15T17:13:52","date_gmt":"2025-03-15T16:13:52","guid":{"rendered":"https:\/\/www.fecanbm.es\/tenerife\/?p=11987"},"modified":"2025-06-16T13:22:50","modified_gmt":"2025-06-16T11:22:50","slug":"campeon-de-tenerife","status":"publish","type":"post","link":"https:\/\/www.fecanbm.es\/tenerife\/campeon-de-tenerife\/","title":{"rendered":"CAMPE\u00d3N DE TENERIFE"},"content":{"rendered":"\n<p>EVM BALONMAN REALEJOS<\/p>\n\n\n\n<p>El equipo realejero se impuso en la final a un combativo Tegueste que se ha tenido que conformar con el subcampeona en la Liga Cabildo de Tenerife<\/p>\n\n\n\n<figure class=\"wp-block-image size-large\"><img fetchpriority=\"high\" decoding=\"async\" width=\"1024\" height=\"768\" src=\"https:\/\/www.fecanbm.es\/tenerife\/wp-content\/uploads\/sites\/2\/2025\/03\/WhatsApp-Image-2025-03-15-at-15.43.17-3-1024x768.jpeg\" alt=\"\" class=\"wp-image-11988\" srcset=\"https:\/\/www.fecanbm.es\/tenerife\/wp-content\/uploads\/sites\/2\/2025\/03\/WhatsApp-Image-2025-03-15-at-15.43.17-3-1024x768.jpeg 1024w, https:\/\/www.fecanbm.es\/tenerife\/wp-content\/uploads\/sites\/2\/2025\/03\/WhatsApp-Image-2025-03-15-at-15.43.17-3-300x225.jpeg 300w, https:\/\/www.fecanbm.es\/tenerife\/wp-content\/uploads\/sites\/2\/2025\/03\/WhatsApp-Image-2025-03-15-at-15.43.17-3-768x576.jpeg 768w, https:\/\/www.fecanbm.es\/tenerife\/wp-content\/uploads\/sites\/2\/2025\/03\/WhatsApp-Image-2025-03-15-at-15.43.17-3-1536x1152.jpeg 1536w, https:\/\/www.fecanbm.es\/tenerife\/wp-content\/uploads\/sites\/2\/2025\/03\/WhatsApp-Image-2025-03-15-at-15.43.17-3-249x187.jpeg 249w, https:\/\/www.fecanbm.es\/tenerife\/wp-content\/uploads\/sites\/2\/2025\/03\/WhatsApp-Image-2025-03-15-at-15.43.17-3-1170x878.jpeg 1170w, https:\/\/www.fecanbm.es\/tenerife\/wp-content\/uploads\/sites\/2\/2025\/03\/WhatsApp-Image-2025-03-15-at-15.43.17-3.jpeg 2040w\" sizes=\"(max-width: 1024px) 100vw, 1024px\" \/><figcaption class=\"wp-element-caption\">EVM Realejos, Campe\u00f3n de Tenerife<\/figcaption><\/figure>\n\n\n\n<p><\/p>\n\n\n\n<p>En una final que se acabar\u00e1 convirtiendo en un cl\u00e1sico el equipo anfitri\u00f3n cumpli\u00f3 con los pron\u00f3sticos y se hizo con el t\u00edtulo a nivel insular y representar\u00e1 a nuestra isla en los Campeonatos de Canarias. Los subcampeones deber\u00e1n esperar por alguna plaza vacante que pueda dilucidarse en breve.<\/p>\n\n\n\n<p>En la lucha por la medalla de bronce los chicos de Tacoronte se impusieron a un Costa Adeje que poco a poco se convierte en una firma esperanza de t\u00edtulos.<\/p>\n\n\n\n<figure class=\"wp-block-gallery has-nested-images columns-default is-cropped wp-block-gallery-1 is-layout-flex wp-block-gallery-is-layout-flex\">\n<figure class=\"wp-block-image size-large\"><img decoding=\"async\" width=\"1024\" height=\"768\" data-id=\"11992\" src=\"https:\/\/www.fecanbm.es\/tenerife\/wp-content\/uploads\/sites\/2\/2025\/03\/WhatsApp-Image-2025-03-15-at-15.43.17-2-1-1024x768.jpeg\" alt=\"\" class=\"wp-image-11992\" srcset=\"https:\/\/www.fecanbm.es\/tenerife\/wp-content\/uploads\/sites\/2\/2025\/03\/WhatsApp-Image-2025-03-15-at-15.43.17-2-1-1024x768.jpeg 1024w, https:\/\/www.fecanbm.es\/tenerife\/wp-content\/uploads\/sites\/2\/2025\/03\/WhatsApp-Image-2025-03-15-at-15.43.17-2-1-300x225.jpeg 300w, https:\/\/www.fecanbm.es\/tenerife\/wp-content\/uploads\/sites\/2\/2025\/03\/WhatsApp-Image-2025-03-15-at-15.43.17-2-1-768x576.jpeg 768w, https:\/\/www.fecanbm.es\/tenerife\/wp-content\/uploads\/sites\/2\/2025\/03\/WhatsApp-Image-2025-03-15-at-15.43.17-2-1-1536x1152.jpeg 1536w, https:\/\/www.fecanbm.es\/tenerife\/wp-content\/uploads\/sites\/2\/2025\/03\/WhatsApp-Image-2025-03-15-at-15.43.17-2-1-249x187.jpeg 249w, https:\/\/www.fecanbm.es\/tenerife\/wp-content\/uploads\/sites\/2\/2025\/03\/WhatsApp-Image-2025-03-15-at-15.43.17-2-1-1170x878.jpeg 1170w, https:\/\/www.fecanbm.es\/tenerife\/wp-content\/uploads\/sites\/2\/2025\/03\/WhatsApp-Image-2025-03-15-at-15.43.17-2-1.jpeg 2040w\" sizes=\"(max-width: 1024px) 100vw, 1024px\" \/><figcaption class=\"wp-element-caption\">BM Tegueste, subcampe\u00f3n<\/figcaption><\/figure>\n\n\n\n<figure class=\"wp-block-image size-large\"><img decoding=\"async\" width=\"1024\" height=\"768\" data-id=\"11993\" src=\"https:\/\/www.fecanbm.es\/tenerife\/wp-content\/uploads\/sites\/2\/2025\/03\/WhatsApp-Image-2025-03-15-at-15.43.17-1-1-1024x768.jpeg\" alt=\"\" class=\"wp-image-11993\" srcset=\"https:\/\/www.fecanbm.es\/tenerife\/wp-content\/uploads\/sites\/2\/2025\/03\/WhatsApp-Image-2025-03-15-at-15.43.17-1-1-1024x768.jpeg 1024w, https:\/\/www.fecanbm.es\/tenerife\/wp-content\/uploads\/sites\/2\/2025\/03\/WhatsApp-Image-2025-03-15-at-15.43.17-1-1-300x225.jpeg 300w, https:\/\/www.fecanbm.es\/tenerife\/wp-content\/uploads\/sites\/2\/2025\/03\/WhatsApp-Image-2025-03-15-at-15.43.17-1-1-768x576.jpeg 768w, https:\/\/www.fecanbm.es\/tenerife\/wp-content\/uploads\/sites\/2\/2025\/03\/WhatsApp-Image-2025-03-15-at-15.43.17-1-1-1536x1152.jpeg 1536w, https:\/\/www.fecanbm.es\/tenerife\/wp-content\/uploads\/sites\/2\/2025\/03\/WhatsApp-Image-2025-03-15-at-15.43.17-1-1-249x187.jpeg 249w, https:\/\/www.fecanbm.es\/tenerife\/wp-content\/uploads\/sites\/2\/2025\/03\/WhatsApp-Image-2025-03-15-at-15.43.17-1-1-1170x878.jpeg 1170w, https:\/\/www.fecanbm.es\/tenerife\/wp-content\/uploads\/sites\/2\/2025\/03\/WhatsApp-Image-2025-03-15-at-15.43.17-1-1.jpeg 2040w\" sizes=\"(max-width: 1024px) 100vw, 1024px\" \/><figcaption class=\"wp-element-caption\">BM Tacoronte, 3\u00ba Clasificado<\/figcaption><\/figure>\n\n\n\n<figure class=\"wp-block-image size-large\"><img loading=\"lazy\" decoding=\"async\" width=\"1024\" height=\"768\" data-id=\"11994\" src=\"https:\/\/www.fecanbm.es\/tenerife\/wp-content\/uploads\/sites\/2\/2025\/03\/WhatsApp-Image-2025-03-15-at-15.43.17-4-1-1024x768.jpeg\" alt=\"\" class=\"wp-image-11994\" srcset=\"https:\/\/www.fecanbm.es\/tenerife\/wp-content\/uploads\/sites\/2\/2025\/03\/WhatsApp-Image-2025-03-15-at-15.43.17-4-1-1024x768.jpeg 1024w, https:\/\/www.fecanbm.es\/tenerife\/wp-content\/uploads\/sites\/2\/2025\/03\/WhatsApp-Image-2025-03-15-at-15.43.17-4-1-300x225.jpeg 300w, https:\/\/www.fecanbm.es\/tenerife\/wp-content\/uploads\/sites\/2\/2025\/03\/WhatsApp-Image-2025-03-15-at-15.43.17-4-1-768x576.jpeg 768w, https:\/\/www.fecanbm.es\/tenerife\/wp-content\/uploads\/sites\/2\/2025\/03\/WhatsApp-Image-2025-03-15-at-15.43.17-4-1-1536x1152.jpeg 1536w, https:\/\/www.fecanbm.es\/tenerife\/wp-content\/uploads\/sites\/2\/2025\/03\/WhatsApp-Image-2025-03-15-at-15.43.17-4-1-249x187.jpeg 249w, https:\/\/www.fecanbm.es\/tenerife\/wp-content\/uploads\/sites\/2\/2025\/03\/WhatsApp-Image-2025-03-15-at-15.43.17-4-1-1170x878.jpeg 1170w, https:\/\/www.fecanbm.es\/tenerife\/wp-content\/uploads\/sites\/2\/2025\/03\/WhatsApp-Image-2025-03-15-at-15.43.17-4-1.jpeg 2040w\" sizes=\"(max-width: 1024px) 100vw, 1024px\" \/><figcaption class=\"wp-element-caption\">Costa Adeje, 4\u00ba Clasificado<\/figcaption><\/figure>\n<\/figure>\n\n\n\n<p><\/p>\n","protected":false},"excerpt":{"rendered":"<p>EVM BALONMAN REALEJOS El equipo realejero se impuso en la final a un combativo Tegueste que se ha tenido que conformar con el subcampeona en la Liga Cabildo de Tenerife En una final que se acabar\u00e1 convirtiendo en un cl\u00e1sico el equipo anfitri\u00f3n cumpli\u00f3 con los pron\u00f3sticos y se hizo con el t\u00edtulo a nivel [&hellip;]<\/p>\n","protected":false},"author":11,"featured_media":12124,"comment_status":"closed","ping_status":"closed","sticky":false,"template":"","format":"standard","meta":{"ngg_post_thumbnail":0,"footnotes":""},"categories":[1,522],"tags":[],"class_list":["post-11987","post","type-post","status-publish","format-standard","has-post-thumbnail","hentry","category-noticias","category-portada"],"yoast_head":"<!-- This site is optimized with the Yoast SEO plugin v27.5 - https:\/\/yoast.com\/product\/yoast-seo-wordpress\/ -->\n<title>CAMPE\u00d3N DE TENERIFE - Federaci\u00f3n Insular de Tenerife<\/title>\n<meta name=\"robots\" content=\"index, follow, max-snippet:-1, max-image-preview:large, max-video-preview:-1\" \/>\n<link rel=\"canonical\" href=\"https:\/\/www.fecanbm.es\/tenerife\/campeon-de-tenerife\/\" \/>\n<meta property=\"og:locale\" content=\"es_ES\" \/>\n<meta property=\"og:type\" content=\"article\" \/>\n<meta property=\"og:title\" content=\"CAMPE\u00d3N DE TENERIFE - Federaci\u00f3n Insular de Tenerife\" \/>\n<meta property=\"og:description\" content=\"EVM BALONMAN REALEJOS El equipo realejero se impuso en la final a un combativo Tegueste que se ha tenido que conformar con el subcampeona en la Liga Cabildo de Tenerife En una final que se acabar\u00e1 convirtiendo en un cl\u00e1sico el equipo anfitri\u00f3n cumpli\u00f3 con los pron\u00f3sticos y se hizo con el t\u00edtulo a nivel [&hellip;]\" \/>\n<meta property=\"og:url\" content=\"https:\/\/www.fecanbm.es\/tenerife\/campeon-de-tenerife\/\" \/>\n<meta property=\"og:site_name\" content=\"Federaci\u00f3n Insular de Tenerife\" \/>\n<meta property=\"article:published_time\" content=\"2025-03-15T16:13:52+00:00\" \/>\n<meta property=\"article:modified_time\" content=\"2025-06-16T11:22:50+00:00\" \/>\n<meta property=\"og:image\" content=\"https:\/\/www.fecanbm.es\/tenerife\/wp-content\/uploads\/sites\/2\/2025\/03\/WhatsApp-Image-2025-03-15-at-15.43.17-3-1024x768-1.webp\" \/>\n\t<meta property=\"og:image:width\" content=\"1024\" \/>\n\t<meta property=\"og:image:height\" content=\"768\" \/>\n\t<meta property=\"og:image:type\" content=\"image\/jpeg\" \/>\n<meta name=\"author\" content=\"Prensa_Tenerife\" \/>\n<meta name=\"twitter:card\" content=\"summary_large_image\" \/>\n<meta name=\"twitter:label1\" content=\"Escrito por\" \/>\n\t<meta name=\"twitter:data1\" content=\"Prensa_Tenerife\" \/>\n\t<meta name=\"twitter:label2\" content=\"Tiempo de lectura\" \/>\n\t<meta name=\"twitter:data2\" content=\"2 minutos\" \/>\n<script type=\"application\/ld+json\" class=\"yoast-schema-graph\">{\"@context\":\"https:\\\/\\\/schema.org\",\"@graph\":[{\"@type\":\"Article\",\"@id\":\"https:\\\/\\\/www.fecanbm.es\\\/tenerife\\\/campeon-de-tenerife\\\/#article\",\"isPartOf\":{\"@id\":\"https:\\\/\\\/www.fecanbm.es\\\/tenerife\\\/campeon-de-tenerife\\\/\"},\"author\":{\"name\":\"Prensa_Tenerife\",\"@id\":\"https:\\\/\\\/www.fecanbm.es\\\/tenerife\\\/#\\\/schema\\\/person\\\/8dc4f7faa1d1529422d09ce29bfaff34\"},\"headline\":\"CAMPE\u00d3N DE TENERIFE\",\"datePublished\":\"2025-03-15T16:13:52+00:00\",\"dateModified\":\"2025-06-16T11:22:50+00:00\",\"mainEntityOfPage\":{\"@id\":\"https:\\\/\\\/www.fecanbm.es\\\/tenerife\\\/campeon-de-tenerife\\\/\"},\"wordCount\":135,\"image\":{\"@id\":\"https:\\\/\\\/www.fecanbm.es\\\/tenerife\\\/campeon-de-tenerife\\\/#primaryimage\"},\"thumbnailUrl\":\"https:\\\/\\\/www.fecanbm.es\\\/tenerife\\\/wp-content\\\/uploads\\\/sites\\\/2\\\/2025\\\/03\\\/WhatsApp-Image-2025-03-15-at-15.43.17-3-1024x768-1.webp\",\"articleSection\":[\"Noticias\",\"Portada\"],\"inLanguage\":\"es\"},{\"@type\":\"WebPage\",\"@id\":\"https:\\\/\\\/www.fecanbm.es\\\/tenerife\\\/campeon-de-tenerife\\\/\",\"url\":\"https:\\\/\\\/www.fecanbm.es\\\/tenerife\\\/campeon-de-tenerife\\\/\",\"name\":\"CAMPE\u00d3N DE TENERIFE - Federaci\u00f3n Insular de Tenerife\",\"isPartOf\":{\"@id\":\"https:\\\/\\\/www.fecanbm.es\\\/tenerife\\\/#website\"},\"primaryImageOfPage\":{\"@id\":\"https:\\\/\\\/www.fecanbm.es\\\/tenerife\\\/campeon-de-tenerife\\\/#primaryimage\"},\"image\":{\"@id\":\"https:\\\/\\\/www.fecanbm.es\\\/tenerife\\\/campeon-de-tenerife\\\/#primaryimage\"},\"thumbnailUrl\":\"https:\\\/\\\/www.fecanbm.es\\\/tenerife\\\/wp-content\\\/uploads\\\/sites\\\/2\\\/2025\\\/03\\\/WhatsApp-Image-2025-03-15-at-15.43.17-3-1024x768-1.webp\",\"datePublished\":\"2025-03-15T16:13:52+00:00\",\"dateModified\":\"2025-06-16T11:22:50+00:00\",\"author\":{\"@id\":\"https:\\\/\\\/www.fecanbm.es\\\/tenerife\\\/#\\\/schema\\\/person\\\/8dc4f7faa1d1529422d09ce29bfaff34\"},\"breadcrumb\":{\"@id\":\"https:\\\/\\\/www.fecanbm.es\\\/tenerife\\\/campeon-de-tenerife\\\/#breadcrumb\"},\"inLanguage\":\"es\",\"potentialAction\":[{\"@type\":\"ReadAction\",\"target\":[\"https:\\\/\\\/www.fecanbm.es\\\/tenerife\\\/campeon-de-tenerife\\\/\"]}]},{\"@type\":\"ImageObject\",\"inLanguage\":\"es\",\"@id\":\"https:\\\/\\\/www.fecanbm.es\\\/tenerife\\\/campeon-de-tenerife\\\/#primaryimage\",\"url\":\"https:\\\/\\\/www.fecanbm.es\\\/tenerife\\\/wp-content\\\/uploads\\\/sites\\\/2\\\/2025\\\/03\\\/WhatsApp-Image-2025-03-15-at-15.43.17-3-1024x768-1.webp\",\"contentUrl\":\"https:\\\/\\\/www.fecanbm.es\\\/tenerife\\\/wp-content\\\/uploads\\\/sites\\\/2\\\/2025\\\/03\\\/WhatsApp-Image-2025-03-15-at-15.43.17-3-1024x768-1.webp\",\"width\":1024,\"height\":768},{\"@type\":\"BreadcrumbList\",\"@id\":\"https:\\\/\\\/www.fecanbm.es\\\/tenerife\\\/campeon-de-tenerife\\\/#breadcrumb\",\"itemListElement\":[{\"@type\":\"ListItem\",\"position\":1,\"name\":\"Portada\",\"item\":\"https:\\\/\\\/www.fecanbm.es\\\/tenerife\\\/\"},{\"@type\":\"ListItem\",\"position\":2,\"name\":\"CAMPE\u00d3N DE TENERIFE\"}]},{\"@type\":\"WebSite\",\"@id\":\"https:\\\/\\\/www.fecanbm.es\\\/tenerife\\\/#website\",\"url\":\"https:\\\/\\\/www.fecanbm.es\\\/tenerife\\\/\",\"name\":\"Federaci\u00f3n Insular de Tenerife\",\"description\":\"Federaci\u00f3n Insular de Tenerife\",\"potentialAction\":[{\"@type\":\"SearchAction\",\"target\":{\"@type\":\"EntryPoint\",\"urlTemplate\":\"https:\\\/\\\/www.fecanbm.es\\\/tenerife\\\/?s={search_term_string}\"},\"query-input\":{\"@type\":\"PropertyValueSpecification\",\"valueRequired\":true,\"valueName\":\"search_term_string\"}}],\"inLanguage\":\"es\"},{\"@type\":\"Person\",\"@id\":\"https:\\\/\\\/www.fecanbm.es\\\/tenerife\\\/#\\\/schema\\\/person\\\/8dc4f7faa1d1529422d09ce29bfaff34\",\"name\":\"Prensa_Tenerife\",\"image\":{\"@type\":\"ImageObject\",\"inLanguage\":\"es\",\"@id\":\"https:\\\/\\\/secure.gravatar.com\\\/avatar\\\/a2e5c44652b49873c2c48146547b9e5798ffd79e53a401add97df5a579086fed?s=96&d=mm&r=g\",\"url\":\"https:\\\/\\\/secure.gravatar.com\\\/avatar\\\/a2e5c44652b49873c2c48146547b9e5798ffd79e53a401add97df5a579086fed?s=96&d=mm&r=g\",\"contentUrl\":\"https:\\\/\\\/secure.gravatar.com\\\/avatar\\\/a2e5c44652b49873c2c48146547b9e5798ffd79e53a401add97df5a579086fed?s=96&d=mm&r=g\",\"caption\":\"Prensa_Tenerife\"},\"url\":\"https:\\\/\\\/www.fecanbm.es\\\/tenerife\\\/author\\\/ruyherodriguez\\\/\"}]}<\/script>\n<!-- \/ Yoast SEO plugin. -->","yoast_head_json":{"title":"CAMPE\u00d3N DE TENERIFE - Federaci\u00f3n Insular de Tenerife","robots":{"index":"index","follow":"follow","max-snippet":"max-snippet:-1","max-image-preview":"max-image-preview:large","max-video-preview":"max-video-preview:-1"},"canonical":"https:\/\/www.fecanbm.es\/tenerife\/campeon-de-tenerife\/","og_locale":"es_ES","og_type":"article","og_title":"CAMPE\u00d3N DE TENERIFE - Federaci\u00f3n Insular de Tenerife","og_description":"EVM BALONMAN REALEJOS El equipo realejero se impuso en la final a un combativo Tegueste que se ha tenido que conformar con el subcampeona en la Liga Cabildo de Tenerife En una final que se acabar\u00e1 convirtiendo en un cl\u00e1sico el equipo anfitri\u00f3n cumpli\u00f3 con los pron\u00f3sticos y se hizo con el t\u00edtulo a nivel [&hellip;]","og_url":"https:\/\/www.fecanbm.es\/tenerife\/campeon-de-tenerife\/","og_site_name":"Federaci\u00f3n Insular de Tenerife","article_published_time":"2025-03-15T16:13:52+00:00","article_modified_time":"2025-06-16T11:22:50+00:00","og_image":[{"width":1024,"height":768,"url":"https:\/\/www.fecanbm.es\/tenerife\/wp-content\/uploads\/sites\/2\/2025\/03\/WhatsApp-Image-2025-03-15-at-15.43.17-3-1024x768-1.webp","type":"image\/jpeg"}],"author":"Prensa_Tenerife","twitter_card":"summary_large_image","twitter_misc":{"Escrito por":"Prensa_Tenerife","Tiempo de lectura":"2 minutos"},"schema":{"@context":"https:\/\/schema.org","@graph":[{"@type":"Article","@id":"https:\/\/www.fecanbm.es\/tenerife\/campeon-de-tenerife\/#article","isPartOf":{"@id":"https:\/\/www.fecanbm.es\/tenerife\/campeon-de-tenerife\/"},"author":{"name":"Prensa_Tenerife","@id":"https:\/\/www.fecanbm.es\/tenerife\/#\/schema\/person\/8dc4f7faa1d1529422d09ce29bfaff34"},"headline":"CAMPE\u00d3N DE TENERIFE","datePublished":"2025-03-15T16:13:52+00:00","dateModified":"2025-06-16T11:22:50+00:00","mainEntityOfPage":{"@id":"https:\/\/www.fecanbm.es\/tenerife\/campeon-de-tenerife\/"},"wordCount":135,"image":{"@id":"https:\/\/www.fecanbm.es\/tenerife\/campeon-de-tenerife\/#primaryimage"},"thumbnailUrl":"https:\/\/www.fecanbm.es\/tenerife\/wp-content\/uploads\/sites\/2\/2025\/03\/WhatsApp-Image-2025-03-15-at-15.43.17-3-1024x768-1.webp","articleSection":["Noticias","Portada"],"inLanguage":"es"},{"@type":"WebPage","@id":"https:\/\/www.fecanbm.es\/tenerife\/campeon-de-tenerife\/","url":"https:\/\/www.fecanbm.es\/tenerife\/campeon-de-tenerife\/","name":"CAMPE\u00d3N DE TENERIFE - Federaci\u00f3n Insular de Tenerife","isPartOf":{"@id":"https:\/\/www.fecanbm.es\/tenerife\/#website"},"primaryImageOfPage":{"@id":"https:\/\/www.fecanbm.es\/tenerife\/campeon-de-tenerife\/#primaryimage"},"image":{"@id":"https:\/\/www.fecanbm.es\/tenerife\/campeon-de-tenerife\/#primaryimage"},"thumbnailUrl":"https:\/\/www.fecanbm.es\/tenerife\/wp-content\/uploads\/sites\/2\/2025\/03\/WhatsApp-Image-2025-03-15-at-15.43.17-3-1024x768-1.webp","datePublished":"2025-03-15T16:13:52+00:00","dateModified":"2025-06-16T11:22:50+00:00","author":{"@id":"https:\/\/www.fecanbm.es\/tenerife\/#\/schema\/person\/8dc4f7faa1d1529422d09ce29bfaff34"},"breadcrumb":{"@id":"https:\/\/www.fecanbm.es\/tenerife\/campeon-de-tenerife\/#breadcrumb"},"inLanguage":"es","potentialAction":[{"@type":"ReadAction","target":["https:\/\/www.fecanbm.es\/tenerife\/campeon-de-tenerife\/"]}]},{"@type":"ImageObject","inLanguage":"es","@id":"https:\/\/www.fecanbm.es\/tenerife\/campeon-de-tenerife\/#primaryimage","url":"https:\/\/www.fecanbm.es\/tenerife\/wp-content\/uploads\/sites\/2\/2025\/03\/WhatsApp-Image-2025-03-15-at-15.43.17-3-1024x768-1.webp","contentUrl":"https:\/\/www.fecanbm.es\/tenerife\/wp-content\/uploads\/sites\/2\/2025\/03\/WhatsApp-Image-2025-03-15-at-15.43.17-3-1024x768-1.webp","width":1024,"height":768},{"@type":"BreadcrumbList","@id":"https:\/\/www.fecanbm.es\/tenerife\/campeon-de-tenerife\/#breadcrumb","itemListElement":[{"@type":"ListItem","position":1,"name":"Portada","item":"https:\/\/www.fecanbm.es\/tenerife\/"},{"@type":"ListItem","position":2,"name":"CAMPE\u00d3N DE TENERIFE"}]},{"@type":"WebSite","@id":"https:\/\/www.fecanbm.es\/tenerife\/#website","url":"https:\/\/www.fecanbm.es\/tenerife\/","name":"Federaci\u00f3n Insular de Tenerife","description":"Federaci\u00f3n Insular de Tenerife","potentialAction":[{"@type":"SearchAction","target":{"@type":"EntryPoint","urlTemplate":"https:\/\/www.fecanbm.es\/tenerife\/?s={search_term_string}"},"query-input":{"@type":"PropertyValueSpecification","valueRequired":true,"valueName":"search_term_string"}}],"inLanguage":"es"},{"@type":"Person","@id":"https:\/\/www.fecanbm.es\/tenerife\/#\/schema\/person\/8dc4f7faa1d1529422d09ce29bfaff34","name":"Prensa_Tenerife","image":{"@type":"ImageObject","inLanguage":"es","@id":"https:\/\/secure.gravatar.com\/avatar\/a2e5c44652b49873c2c48146547b9e5798ffd79e53a401add97df5a579086fed?s=96&d=mm&r=g","url":"https:\/\/secure.gravatar.com\/avatar\/a2e5c44652b49873c2c48146547b9e5798ffd79e53a401add97df5a579086fed?s=96&d=mm&r=g","contentUrl":"https:\/\/secure.gravatar.com\/avatar\/a2e5c44652b49873c2c48146547b9e5798ffd79e53a401add97df5a579086fed?s=96&d=mm&r=g","caption":"Prensa_Tenerife"},"url":"https:\/\/www.fecanbm.es\/tenerife\/author\/ruyherodriguez\/"}]}},"_links":{"self":[{"href":"https:\/\/www.fecanbm.es\/tenerife\/wp-json\/wp\/v2\/posts\/11987","targetHints":{"allow":["GET"]}}],"collection":[{"href":"https:\/\/www.fecanbm.es\/tenerife\/wp-json\/wp\/v2\/posts"}],"about":[{"href":"https:\/\/www.fecanbm.es\/tenerife\/wp-json\/wp\/v2\/types\/post"}],"author":[{"embeddable":true,"href":"https:\/\/www.fecanbm.es\/tenerife\/wp-json\/wp\/v2\/users\/11"}],"replies":[{"embeddable":true,"href":"https:\/\/www.fecanbm.es\/tenerife\/wp-json\/wp\/v2\/comments?post=11987"}],"version-history":[{"count":1,"href":"https:\/\/www.fecanbm.es\/tenerife\/wp-json\/wp\/v2\/posts\/11987\/revisions"}],"predecessor-version":[{"id":11995,"href":"https:\/\/www.fecanbm.es\/tenerife\/wp-json\/wp\/v2\/posts\/11987\/revisions\/11995"}],"wp:featuredmedia":[{"embeddable":true,"href":"https:\/\/www.fecanbm.es\/tenerife\/wp-json\/wp\/v2\/media\/12124"}],"wp:attachment":[{"href":"https:\/\/www.fecanbm.es\/tenerife\/wp-json\/wp\/v2\/media?parent=11987"}],"wp:term":[{"taxonomy":"category","embeddable":true,"href":"https:\/\/www.fecanbm.es\/tenerife\/wp-json\/wp\/v2\/categories?post=11987"},{"taxonomy":"post_tag","embeddable":true,"href":"https:\/\/www.fecanbm.es\/tenerife\/wp-json\/wp\/v2\/tags?post=11987"}],"curies":[{"name":"wp","href":"https:\/\/api.w.org\/{rel}","templated":true}]}}