{"id":11842,"date":"2023-11-03T18:47:17","date_gmt":"2023-11-03T17:47:17","guid":{"rendered":"https:\/\/fecanbm.es\/tenerife\/?p=11842"},"modified":"2025-06-16T13:24:58","modified_gmt":"2025-06-16T11:24:58","slug":"comienza-la-copa-apertura","status":"publish","type":"post","link":"https:\/\/www.fecanbm.es\/tenerife\/comienza-la-copa-apertura\/","title":{"rendered":"COMIENZA LA COPA APERTURA"},"content":{"rendered":"\n<figure class=\"wp-block-image aligncenter size-large\"><img fetchpriority=\"high\" decoding=\"async\" width=\"1024\" height=\"768\" src=\"https:\/\/www.fecanbm.es\/tenerife\/wp-content\/uploads\/sites\/2\/2023\/11\/339320896_187214917422478_5752197091075934368_n-002-1024x768.jpg\" alt=\"\" class=\"wp-image-11843\" srcset=\"https:\/\/www.fecanbm.es\/tenerife\/wp-content\/uploads\/sites\/2\/2023\/11\/339320896_187214917422478_5752197091075934368_n-002-1024x768.jpg 1024w, https:\/\/www.fecanbm.es\/tenerife\/wp-content\/uploads\/sites\/2\/2023\/11\/339320896_187214917422478_5752197091075934368_n-002-300x225.jpg 300w, https:\/\/www.fecanbm.es\/tenerife\/wp-content\/uploads\/sites\/2\/2023\/11\/339320896_187214917422478_5752197091075934368_n-002-768x576.jpg 768w, https:\/\/www.fecanbm.es\/tenerife\/wp-content\/uploads\/sites\/2\/2023\/11\/339320896_187214917422478_5752197091075934368_n-002-1536x1152.jpg 1536w, https:\/\/www.fecanbm.es\/tenerife\/wp-content\/uploads\/sites\/2\/2023\/11\/339320896_187214917422478_5752197091075934368_n-002-249x187.jpg 249w, https:\/\/www.fecanbm.es\/tenerife\/wp-content\/uploads\/sites\/2\/2023\/11\/339320896_187214917422478_5752197091075934368_n-002-1170x878.jpg 1170w, https:\/\/www.fecanbm.es\/tenerife\/wp-content\/uploads\/sites\/2\/2023\/11\/339320896_187214917422478_5752197091075934368_n-002.jpg 2048w\" sizes=\"(max-width: 1024px) 100vw, 1024px\" \/><\/figure>\n\n\n\n<p class=\"has-text-align-center has-medium-font-size\"><strong><em>Este fin de semana da comienzo de manera oficial la competici\u00f3n en categor\u00edas de Base con la disputa de la primera jornada de la Copa Apertura.<\/em><\/strong><\/p>\n\n\n\n<p class=\"has-medium-font-size\">El primero de los encuentros tendr\u00e1 lugar el viernes 3 de noviembre en categor\u00eda juvenil masculina en el que el Club Balonmano Arona recibe al EVM Realejos en el IES Antonio Gonz\u00e1lez de Tejina.<\/p>\n\n\n\n<p class=\"has-medium-font-size\">Ya el s\u00e1bado por la ma\u00f1ana ser\u00e1 el sur de la isla el epicentro de la competici\u00f3n copera. El IES Ichasagua de Los Cristianos ser\u00e1 el escenario de los encuentros de categor\u00eda cadete donde estar\u00e1n presentes el Club Balonmano Arona, EVM Realejos, Cer\u00e1micas Tacoronte Balonmano Tacoronte 13 de Mayo y Multi\u00f3pticas Orotava Perdoma y que se desarrollar\u00e1 desde las 10:00 hasta las 12:30 horas.<\/p>\n\n\n\n<p class=\"has-medium-font-size\">Media hora antes est\u00e1 previsto comience en el Pabell\u00f3n de Villa Isalbel (El Fraile) la competici\u00f3n en categor\u00eda cadete femenina donde estar\u00e1n presentes el Club Balonmano Arona, Multi\u00f3pticas Orotava Perdoma y los dos equipos del Balonmano Tacoronte, Sermarther Balonmano Tacoronte 2009 y 2008.<\/p>\n\n\n\n<p class=\"has-medium-font-size\">Ya por la tarde, Balonmano Tegueste y Pizza 8 Perdoma en categor\u00eda juvenil masculina disputan en el IES Tegueste el segundo encuentro de esta primera jornada de la categor\u00eda en un duelo que ya se vivi\u00f3 en el Memorial Celestino Hern\u00e1ndez.<\/p>\n\n\n\n<p class=\"has-medium-font-size\">Para el domingo en la ma\u00f1ana est\u00e1 prevista se inicie la competici\u00f3n en categor\u00eda alev\u00edn e infantil en el Pabell\u00f3n Celestino Hern\u00e1ndez de La Perdoma y en el que participar\u00e1n equipos del Club Balonmano Perdoma, Club Balonmano Tacoronte Lecomar 13 de Mayo, Club Balonmano Tegueste y Club Balonmano Realejos en una jornada que se prev\u00e9 apasionante.<\/p>\n\n\n\n<p class=\"has-medium-font-size\">Cierra la primera jornada copera el encuentro que tendr\u00e1 lugar el viernes 10 de noviembre en el recinto perdomero entre el Multicentro Comercial el Trompo Perdoma y el Club Balonmano Arona de Categor\u00eda juvenil femenina.<\/p>\n","protected":false},"excerpt":{"rendered":"<p>Este fin de semana da comienzo de manera oficial la competici\u00f3n en categor\u00edas de Base con la disputa de la primera jornada de la Copa Apertura. El primero de los encuentros tendr\u00e1 lugar el viernes 3 de noviembre en categor\u00eda juvenil masculina en el que el Club Balonmano Arona recibe al EVM Realejos en el [&hellip;]<\/p>\n","protected":false},"author":3,"featured_media":12128,"comment_status":"closed","ping_status":"closed","sticky":false,"template":"","format":"standard","meta":{"ngg_post_thumbnail":0,"footnotes":""},"categories":[1],"tags":[],"class_list":["post-11842","post","type-post","status-publish","format-standard","has-post-thumbnail","hentry","category-noticias"],"yoast_head":"<!-- This site is optimized with the Yoast SEO plugin v27.5 - https:\/\/yoast.com\/product\/yoast-seo-wordpress\/ -->\n<title>COMIENZA LA COPA APERTURA - Federaci\u00f3n Insular de Tenerife<\/title>\n<meta name=\"robots\" content=\"index, follow, max-snippet:-1, max-image-preview:large, max-video-preview:-1\" \/>\n<link rel=\"canonical\" href=\"https:\/\/www.fecanbm.es\/tenerife\/comienza-la-copa-apertura\/\" \/>\n<meta property=\"og:locale\" content=\"es_ES\" \/>\n<meta property=\"og:type\" content=\"article\" \/>\n<meta property=\"og:title\" content=\"COMIENZA LA COPA APERTURA - Federaci\u00f3n Insular de Tenerife\" \/>\n<meta property=\"og:description\" content=\"Este fin de semana da comienzo de manera oficial la competici\u00f3n en categor\u00edas de Base con la disputa de la primera jornada de la Copa Apertura. El primero de los encuentros tendr\u00e1 lugar el viernes 3 de noviembre en categor\u00eda juvenil masculina en el que el Club Balonmano Arona recibe al EVM Realejos en el [&hellip;]\" \/>\n<meta property=\"og:url\" content=\"https:\/\/www.fecanbm.es\/tenerife\/comienza-la-copa-apertura\/\" \/>\n<meta property=\"og:site_name\" content=\"Federaci\u00f3n Insular de Tenerife\" \/>\n<meta property=\"article:published_time\" content=\"2023-11-03T17:47:17+00:00\" \/>\n<meta property=\"article:modified_time\" content=\"2025-06-16T11:24:58+00:00\" \/>\n<meta property=\"og:image\" content=\"https:\/\/www.fecanbm.es\/tenerife\/wp-content\/uploads\/sites\/2\/2023\/11\/339320896_187214917422478_5752197091075934368_n-002-1024x768-1.webp\" \/>\n\t<meta property=\"og:image:width\" content=\"1024\" \/>\n\t<meta property=\"og:image:height\" content=\"768\" \/>\n\t<meta property=\"og:image:type\" content=\"image\/jpeg\" \/>\n<meta name=\"author\" content=\"FECANBM\" \/>\n<meta name=\"twitter:card\" content=\"summary_large_image\" \/>\n<meta name=\"twitter:label1\" content=\"Escrito por\" \/>\n\t<meta name=\"twitter:data1\" content=\"FECANBM\" \/>\n\t<meta name=\"twitter:label2\" content=\"Tiempo de lectura\" \/>\n\t<meta name=\"twitter:data2\" content=\"2 minutos\" \/>\n<script type=\"application\/ld+json\" class=\"yoast-schema-graph\">{\"@context\":\"https:\\\/\\\/schema.org\",\"@graph\":[{\"@type\":\"Article\",\"@id\":\"https:\\\/\\\/www.fecanbm.es\\\/tenerife\\\/comienza-la-copa-apertura\\\/#article\",\"isPartOf\":{\"@id\":\"https:\\\/\\\/www.fecanbm.es\\\/tenerife\\\/comienza-la-copa-apertura\\\/\"},\"author\":{\"name\":\"FECANBM\",\"@id\":\"https:\\\/\\\/www.fecanbm.es\\\/tenerife\\\/#\\\/schema\\\/person\\\/1cd2fe3c77da1ca0926bfa1ab10a0f74\"},\"headline\":\"COMIENZA LA COPA APERTURA\",\"datePublished\":\"2023-11-03T17:47:17+00:00\",\"dateModified\":\"2025-06-16T11:24:58+00:00\",\"mainEntityOfPage\":{\"@id\":\"https:\\\/\\\/www.fecanbm.es\\\/tenerife\\\/comienza-la-copa-apertura\\\/\"},\"wordCount\":321,\"image\":{\"@id\":\"https:\\\/\\\/www.fecanbm.es\\\/tenerife\\\/comienza-la-copa-apertura\\\/#primaryimage\"},\"thumbnailUrl\":\"https:\\\/\\\/www.fecanbm.es\\\/tenerife\\\/wp-content\\\/uploads\\\/sites\\\/2\\\/2023\\\/11\\\/339320896_187214917422478_5752197091075934368_n-002-1024x768-1.webp\",\"articleSection\":[\"Noticias\"],\"inLanguage\":\"es\"},{\"@type\":\"WebPage\",\"@id\":\"https:\\\/\\\/www.fecanbm.es\\\/tenerife\\\/comienza-la-copa-apertura\\\/\",\"url\":\"https:\\\/\\\/www.fecanbm.es\\\/tenerife\\\/comienza-la-copa-apertura\\\/\",\"name\":\"COMIENZA LA COPA APERTURA - Federaci\u00f3n Insular de Tenerife\",\"isPartOf\":{\"@id\":\"https:\\\/\\\/www.fecanbm.es\\\/tenerife\\\/#website\"},\"primaryImageOfPage\":{\"@id\":\"https:\\\/\\\/www.fecanbm.es\\\/tenerife\\\/comienza-la-copa-apertura\\\/#primaryimage\"},\"image\":{\"@id\":\"https:\\\/\\\/www.fecanbm.es\\\/tenerife\\\/comienza-la-copa-apertura\\\/#primaryimage\"},\"thumbnailUrl\":\"https:\\\/\\\/www.fecanbm.es\\\/tenerife\\\/wp-content\\\/uploads\\\/sites\\\/2\\\/2023\\\/11\\\/339320896_187214917422478_5752197091075934368_n-002-1024x768-1.webp\",\"datePublished\":\"2023-11-03T17:47:17+00:00\",\"dateModified\":\"2025-06-16T11:24:58+00:00\",\"author\":{\"@id\":\"https:\\\/\\\/www.fecanbm.es\\\/tenerife\\\/#\\\/schema\\\/person\\\/1cd2fe3c77da1ca0926bfa1ab10a0f74\"},\"breadcrumb\":{\"@id\":\"https:\\\/\\\/www.fecanbm.es\\\/tenerife\\\/comienza-la-copa-apertura\\\/#breadcrumb\"},\"inLanguage\":\"es\",\"potentialAction\":[{\"@type\":\"ReadAction\",\"target\":[\"https:\\\/\\\/www.fecanbm.es\\\/tenerife\\\/comienza-la-copa-apertura\\\/\"]}]},{\"@type\":\"ImageObject\",\"inLanguage\":\"es\",\"@id\":\"https:\\\/\\\/www.fecanbm.es\\\/tenerife\\\/comienza-la-copa-apertura\\\/#primaryimage\",\"url\":\"https:\\\/\\\/www.fecanbm.es\\\/tenerife\\\/wp-content\\\/uploads\\\/sites\\\/2\\\/2023\\\/11\\\/339320896_187214917422478_5752197091075934368_n-002-1024x768-1.webp\",\"contentUrl\":\"https:\\\/\\\/www.fecanbm.es\\\/tenerife\\\/wp-content\\\/uploads\\\/sites\\\/2\\\/2023\\\/11\\\/339320896_187214917422478_5752197091075934368_n-002-1024x768-1.webp\",\"width\":1024,\"height\":768},{\"@type\":\"BreadcrumbList\",\"@id\":\"https:\\\/\\\/www.fecanbm.es\\\/tenerife\\\/comienza-la-copa-apertura\\\/#breadcrumb\",\"itemListElement\":[{\"@type\":\"ListItem\",\"position\":1,\"name\":\"Portada\",\"item\":\"https:\\\/\\\/www.fecanbm.es\\\/tenerife\\\/\"},{\"@type\":\"ListItem\",\"position\":2,\"name\":\"COMIENZA LA COPA APERTURA\"}]},{\"@type\":\"WebSite\",\"@id\":\"https:\\\/\\\/www.fecanbm.es\\\/tenerife\\\/#website\",\"url\":\"https:\\\/\\\/www.fecanbm.es\\\/tenerife\\\/\",\"name\":\"Federaci\u00f3n Insular de Tenerife\",\"description\":\"Federaci\u00f3n Insular de Tenerife\",\"potentialAction\":[{\"@type\":\"SearchAction\",\"target\":{\"@type\":\"EntryPoint\",\"urlTemplate\":\"https:\\\/\\\/www.fecanbm.es\\\/tenerife\\\/?s={search_term_string}\"},\"query-input\":{\"@type\":\"PropertyValueSpecification\",\"valueRequired\":true,\"valueName\":\"search_term_string\"}}],\"inLanguage\":\"es\"},{\"@type\":\"Person\",\"@id\":\"https:\\\/\\\/www.fecanbm.es\\\/tenerife\\\/#\\\/schema\\\/person\\\/1cd2fe3c77da1ca0926bfa1ab10a0f74\",\"name\":\"FECANBM\",\"image\":{\"@type\":\"ImageObject\",\"inLanguage\":\"es\",\"@id\":\"https:\\\/\\\/secure.gravatar.com\\\/avatar\\\/61d22156e2a136ed6ba314b16163c810f2633ecf8857f5d456360fa2d1b34fe4?s=96&d=mm&r=g\",\"url\":\"https:\\\/\\\/secure.gravatar.com\\\/avatar\\\/61d22156e2a136ed6ba314b16163c810f2633ecf8857f5d456360fa2d1b34fe4?s=96&d=mm&r=g\",\"contentUrl\":\"https:\\\/\\\/secure.gravatar.com\\\/avatar\\\/61d22156e2a136ed6ba314b16163c810f2633ecf8857f5d456360fa2d1b34fe4?s=96&d=mm&r=g\",\"caption\":\"FECANBM\"},\"sameAs\":[\"tooolssl\"],\"url\":\"https:\\\/\\\/www.fecanbm.es\\\/tenerife\\\/author\\\/fecanbm\\\/\"}]}<\/script>\n<!-- \/ Yoast SEO plugin. -->","yoast_head_json":{"title":"COMIENZA LA COPA APERTURA - Federaci\u00f3n Insular de Tenerife","robots":{"index":"index","follow":"follow","max-snippet":"max-snippet:-1","max-image-preview":"max-image-preview:large","max-video-preview":"max-video-preview:-1"},"canonical":"https:\/\/www.fecanbm.es\/tenerife\/comienza-la-copa-apertura\/","og_locale":"es_ES","og_type":"article","og_title":"COMIENZA LA COPA APERTURA - Federaci\u00f3n Insular de Tenerife","og_description":"Este fin de semana da comienzo de manera oficial la competici\u00f3n en categor\u00edas de Base con la disputa de la primera jornada de la Copa Apertura. El primero de los encuentros tendr\u00e1 lugar el viernes 3 de noviembre en categor\u00eda juvenil masculina en el que el Club Balonmano Arona recibe al EVM Realejos en el [&hellip;]","og_url":"https:\/\/www.fecanbm.es\/tenerife\/comienza-la-copa-apertura\/","og_site_name":"Federaci\u00f3n Insular de Tenerife","article_published_time":"2023-11-03T17:47:17+00:00","article_modified_time":"2025-06-16T11:24:58+00:00","og_image":[{"width":1024,"height":768,"url":"https:\/\/www.fecanbm.es\/tenerife\/wp-content\/uploads\/sites\/2\/2023\/11\/339320896_187214917422478_5752197091075934368_n-002-1024x768-1.webp","type":"image\/jpeg"}],"author":"FECANBM","twitter_card":"summary_large_image","twitter_misc":{"Escrito por":"FECANBM","Tiempo de lectura":"2 minutos"},"schema":{"@context":"https:\/\/schema.org","@graph":[{"@type":"Article","@id":"https:\/\/www.fecanbm.es\/tenerife\/comienza-la-copa-apertura\/#article","isPartOf":{"@id":"https:\/\/www.fecanbm.es\/tenerife\/comienza-la-copa-apertura\/"},"author":{"name":"FECANBM","@id":"https:\/\/www.fecanbm.es\/tenerife\/#\/schema\/person\/1cd2fe3c77da1ca0926bfa1ab10a0f74"},"headline":"COMIENZA LA COPA APERTURA","datePublished":"2023-11-03T17:47:17+00:00","dateModified":"2025-06-16T11:24:58+00:00","mainEntityOfPage":{"@id":"https:\/\/www.fecanbm.es\/tenerife\/comienza-la-copa-apertura\/"},"wordCount":321,"image":{"@id":"https:\/\/www.fecanbm.es\/tenerife\/comienza-la-copa-apertura\/#primaryimage"},"thumbnailUrl":"https:\/\/www.fecanbm.es\/tenerife\/wp-content\/uploads\/sites\/2\/2023\/11\/339320896_187214917422478_5752197091075934368_n-002-1024x768-1.webp","articleSection":["Noticias"],"inLanguage":"es"},{"@type":"WebPage","@id":"https:\/\/www.fecanbm.es\/tenerife\/comienza-la-copa-apertura\/","url":"https:\/\/www.fecanbm.es\/tenerife\/comienza-la-copa-apertura\/","name":"COMIENZA LA COPA APERTURA - Federaci\u00f3n Insular de Tenerife","isPartOf":{"@id":"https:\/\/www.fecanbm.es\/tenerife\/#website"},"primaryImageOfPage":{"@id":"https:\/\/www.fecanbm.es\/tenerife\/comienza-la-copa-apertura\/#primaryimage"},"image":{"@id":"https:\/\/www.fecanbm.es\/tenerife\/comienza-la-copa-apertura\/#primaryimage"},"thumbnailUrl":"https:\/\/www.fecanbm.es\/tenerife\/wp-content\/uploads\/sites\/2\/2023\/11\/339320896_187214917422478_5752197091075934368_n-002-1024x768-1.webp","datePublished":"2023-11-03T17:47:17+00:00","dateModified":"2025-06-16T11:24:58+00:00","author":{"@id":"https:\/\/www.fecanbm.es\/tenerife\/#\/schema\/person\/1cd2fe3c77da1ca0926bfa1ab10a0f74"},"breadcrumb":{"@id":"https:\/\/www.fecanbm.es\/tenerife\/comienza-la-copa-apertura\/#breadcrumb"},"inLanguage":"es","potentialAction":[{"@type":"ReadAction","target":["https:\/\/www.fecanbm.es\/tenerife\/comienza-la-copa-apertura\/"]}]},{"@type":"ImageObject","inLanguage":"es","@id":"https:\/\/www.fecanbm.es\/tenerife\/comienza-la-copa-apertura\/#primaryimage","url":"https:\/\/www.fecanbm.es\/tenerife\/wp-content\/uploads\/sites\/2\/2023\/11\/339320896_187214917422478_5752197091075934368_n-002-1024x768-1.webp","contentUrl":"https:\/\/www.fecanbm.es\/tenerife\/wp-content\/uploads\/sites\/2\/2023\/11\/339320896_187214917422478_5752197091075934368_n-002-1024x768-1.webp","width":1024,"height":768},{"@type":"BreadcrumbList","@id":"https:\/\/www.fecanbm.es\/tenerife\/comienza-la-copa-apertura\/#breadcrumb","itemListElement":[{"@type":"ListItem","position":1,"name":"Portada","item":"https:\/\/www.fecanbm.es\/tenerife\/"},{"@type":"ListItem","position":2,"name":"COMIENZA LA COPA APERTURA"}]},{"@type":"WebSite","@id":"https:\/\/www.fecanbm.es\/tenerife\/#website","url":"https:\/\/www.fecanbm.es\/tenerife\/","name":"Federaci\u00f3n Insular de Tenerife","description":"Federaci\u00f3n Insular de Tenerife","potentialAction":[{"@type":"SearchAction","target":{"@type":"EntryPoint","urlTemplate":"https:\/\/www.fecanbm.es\/tenerife\/?s={search_term_string}"},"query-input":{"@type":"PropertyValueSpecification","valueRequired":true,"valueName":"search_term_string"}}],"inLanguage":"es"},{"@type":"Person","@id":"https:\/\/www.fecanbm.es\/tenerife\/#\/schema\/person\/1cd2fe3c77da1ca0926bfa1ab10a0f74","name":"FECANBM","image":{"@type":"ImageObject","inLanguage":"es","@id":"https:\/\/secure.gravatar.com\/avatar\/61d22156e2a136ed6ba314b16163c810f2633ecf8857f5d456360fa2d1b34fe4?s=96&d=mm&r=g","url":"https:\/\/secure.gravatar.com\/avatar\/61d22156e2a136ed6ba314b16163c810f2633ecf8857f5d456360fa2d1b34fe4?s=96&d=mm&r=g","contentUrl":"https:\/\/secure.gravatar.com\/avatar\/61d22156e2a136ed6ba314b16163c810f2633ecf8857f5d456360fa2d1b34fe4?s=96&d=mm&r=g","caption":"FECANBM"},"sameAs":["tooolssl"],"url":"https:\/\/www.fecanbm.es\/tenerife\/author\/fecanbm\/"}]}},"_links":{"self":[{"href":"https:\/\/www.fecanbm.es\/tenerife\/wp-json\/wp\/v2\/posts\/11842","targetHints":{"allow":["GET"]}}],"collection":[{"href":"https:\/\/www.fecanbm.es\/tenerife\/wp-json\/wp\/v2\/posts"}],"about":[{"href":"https:\/\/www.fecanbm.es\/tenerife\/wp-json\/wp\/v2\/types\/post"}],"author":[{"embeddable":true,"href":"https:\/\/www.fecanbm.es\/tenerife\/wp-json\/wp\/v2\/users\/3"}],"replies":[{"embeddable":true,"href":"https:\/\/www.fecanbm.es\/tenerife\/wp-json\/wp\/v2\/comments?post=11842"}],"version-history":[{"count":1,"href":"https:\/\/www.fecanbm.es\/tenerife\/wp-json\/wp\/v2\/posts\/11842\/revisions"}],"predecessor-version":[{"id":11844,"href":"https:\/\/www.fecanbm.es\/tenerife\/wp-json\/wp\/v2\/posts\/11842\/revisions\/11844"}],"wp:featuredmedia":[{"embeddable":true,"href":"https:\/\/www.fecanbm.es\/tenerife\/wp-json\/wp\/v2\/media\/12128"}],"wp:attachment":[{"href":"https:\/\/www.fecanbm.es\/tenerife\/wp-json\/wp\/v2\/media?parent=11842"}],"wp:term":[{"taxonomy":"category","embeddable":true,"href":"https:\/\/www.fecanbm.es\/tenerife\/wp-json\/wp\/v2\/categories?post=11842"},{"taxonomy":"post_tag","embeddable":true,"href":"https:\/\/www.fecanbm.es\/tenerife\/wp-json\/wp\/v2\/tags?post=11842"}],"curies":[{"name":"wp","href":"https:\/\/api.w.org\/{rel}","templated":true}]}}