{"id":11731,"date":"2023-03-14T17:57:49","date_gmt":"2023-03-14T16:57:49","guid":{"rendered":"https:\/\/fecanbm.es\/tenerife\/?p=11731"},"modified":"2025-06-16T13:25:58","modified_gmt":"2025-06-16T11:25:58","slug":"fase-final-cadete-masculina","status":"publish","type":"post","link":"https:\/\/www.fecanbm.es\/tenerife\/fase-final-cadete-masculina\/","title":{"rendered":"Fase Final Cadete Masculina"},"content":{"rendered":"\n<p>Este fin de semana se disputa en La Perdoma la Fase Final cadete masculina donde se decidir\u00e1 el Campe\u00f3n Insular de la categor\u00eda.<\/p>\n\n\n\n<p>Los equipos participantes ser\u00e1n los cuatro primeros clasificados en la primera fase de la liga: Multi\u00f3pticas Orotava Perdoma, Grupo EVM Realejos, Club Balonmano Arona y Balonmano Tejina. <\/p>\n\n\n\n<p>Todo comenzar\u00e1 el viernes 17 de Marzo con el encuentro entre Grupo EVM Realejos y Balonmano Tejina para dar paso a las 19:00 al encuentro entre Club Balonmano Arona frente a Multi\u00f3pticas Orotava Perdoma<\/p>\n\n\n\n<p>En la jornada del s\u00e1bado abrir\u00e1n la competici\u00f3n el Balonmano Tejina y el Club Balonmano Arona dejando paso a la disputa del encuentro entre los dos primeros clasificados de la Fase Regular, el Grupo EVM Realejos y el Multi\u00f3pticas Orotava Perdoma.<\/p>\n\n\n\n<p>Ya en la jornada del domingo, se disputan los encuentros de la \u00faltima jornada. A las 10:00 se enfrentan Club Balonmano Arona y Grupo EVM Realejos cerrando la competici\u00f3n el duelo entre Multi\u00f3pticas Orotava Perdoma frente al Balonmano Tejina.<\/p>\n\n\n\n<p>Ser\u00e1 un intenso y apasionante fin de semana donde poder disfrutar de cuatro equipos de un buen nivel y que a buen seguro har\u00e1n las delicias de todos los aficionados que se acerquen al barrio de La Perdoma. <\/p>\n\n\n\n<p>Al finalizar la competici\u00f3n se llevar\u00e1 a cabo la entrega de trofeos.<\/p>\n\n\n\n<figure class=\"wp-block-image aligncenter size-large is-resized\"><img fetchpriority=\"high\" decoding=\"async\" src=\"https:\/\/www.fecanbm.es\/tenerife\/wp-content\/uploads\/sites\/2\/2023\/03\/Poster-para-final-deportiva-moderno-naranja6-724x1024.png\" alt=\"\" class=\"wp-image-11733\" width=\"543\" height=\"768\" srcset=\"https:\/\/www.fecanbm.es\/tenerife\/wp-content\/uploads\/sites\/2\/2023\/03\/Poster-para-final-deportiva-moderno-naranja6-724x1024.png 724w, https:\/\/www.fecanbm.es\/tenerife\/wp-content\/uploads\/sites\/2\/2023\/03\/Poster-para-final-deportiva-moderno-naranja6-212x300.png 212w, https:\/\/www.fecanbm.es\/tenerife\/wp-content\/uploads\/sites\/2\/2023\/03\/Poster-para-final-deportiva-moderno-naranja6-768x1086.png 768w, https:\/\/www.fecanbm.es\/tenerife\/wp-content\/uploads\/sites\/2\/2023\/03\/Poster-para-final-deportiva-moderno-naranja6-1086x1536.png 1086w, https:\/\/www.fecanbm.es\/tenerife\/wp-content\/uploads\/sites\/2\/2023\/03\/Poster-para-final-deportiva-moderno-naranja6-1448x2048.png 1448w, https:\/\/www.fecanbm.es\/tenerife\/wp-content\/uploads\/sites\/2\/2023\/03\/Poster-para-final-deportiva-moderno-naranja6-132x187.png 132w, https:\/\/www.fecanbm.es\/tenerife\/wp-content\/uploads\/sites\/2\/2023\/03\/Poster-para-final-deportiva-moderno-naranja6-1170x1655.png 1170w, https:\/\/www.fecanbm.es\/tenerife\/wp-content\/uploads\/sites\/2\/2023\/03\/Poster-para-final-deportiva-moderno-naranja6.png 1587w\" sizes=\"(max-width: 543px) 100vw, 543px\" \/><\/figure>\n","protected":false},"excerpt":{"rendered":"<p>Este fin de semana se disputa en La Perdoma la Fase Final cadete masculina donde se decidir\u00e1 el Campe\u00f3n Insular de la categor\u00eda. Los equipos participantes ser\u00e1n los cuatro primeros clasificados en la primera fase de la liga: Multi\u00f3pticas Orotava Perdoma, Grupo EVM Realejos, Club Balonmano Arona y Balonmano Tejina. Todo comenzar\u00e1 el viernes 17 [&hellip;]<\/p>\n","protected":false},"author":11,"featured_media":12133,"comment_status":"closed","ping_status":"closed","sticky":false,"template":"","format":"standard","meta":{"ngg_post_thumbnail":0,"footnotes":""},"categories":[1,522],"tags":[],"class_list":["post-11731","post","type-post","status-publish","format-standard","has-post-thumbnail","hentry","category-noticias","category-portada"],"yoast_head":"<!-- This site is optimized with the Yoast SEO plugin v27.5 - https:\/\/yoast.com\/product\/yoast-seo-wordpress\/ -->\n<title>Fase Final Cadete Masculina - Federaci\u00f3n Insular de Tenerife<\/title>\n<meta name=\"robots\" content=\"index, follow, max-snippet:-1, max-image-preview:large, max-video-preview:-1\" \/>\n<link rel=\"canonical\" href=\"https:\/\/www.fecanbm.es\/tenerife\/fase-final-cadete-masculina\/\" \/>\n<meta property=\"og:locale\" content=\"es_ES\" \/>\n<meta property=\"og:type\" content=\"article\" \/>\n<meta property=\"og:title\" content=\"Fase Final Cadete Masculina - Federaci\u00f3n Insular de Tenerife\" \/>\n<meta property=\"og:description\" content=\"Este fin de semana se disputa en La Perdoma la Fase Final cadete masculina donde se decidir\u00e1 el Campe\u00f3n Insular de la categor\u00eda. Los equipos participantes ser\u00e1n los cuatro primeros clasificados en la primera fase de la liga: Multi\u00f3pticas Orotava Perdoma, Grupo EVM Realejos, Club Balonmano Arona y Balonmano Tejina. Todo comenzar\u00e1 el viernes 17 [&hellip;]\" \/>\n<meta property=\"og:url\" content=\"https:\/\/www.fecanbm.es\/tenerife\/fase-final-cadete-masculina\/\" \/>\n<meta property=\"og:site_name\" content=\"Federaci\u00f3n Insular de Tenerife\" \/>\n<meta property=\"article:published_time\" content=\"2023-03-14T16:57:49+00:00\" \/>\n<meta property=\"article:modified_time\" content=\"2025-06-16T11:25:58+00:00\" \/>\n<meta property=\"og:image\" content=\"https:\/\/www.fecanbm.es\/tenerife\/wp-content\/uploads\/sites\/2\/2023\/03\/Poster-para-final-deportiva-moderno-naranja6-724x1024-1.webp\" \/>\n\t<meta property=\"og:image:width\" content=\"724\" \/>\n\t<meta property=\"og:image:height\" content=\"1024\" \/>\n\t<meta property=\"og:image:type\" content=\"image\/png\" \/>\n<meta name=\"author\" content=\"Prensa_Tenerife\" \/>\n<meta name=\"twitter:card\" content=\"summary_large_image\" \/>\n<meta name=\"twitter:label1\" content=\"Escrito por\" \/>\n\t<meta name=\"twitter:data1\" content=\"Prensa_Tenerife\" \/>\n\t<meta name=\"twitter:label2\" content=\"Tiempo de lectura\" \/>\n\t<meta name=\"twitter:data2\" content=\"2 minutos\" \/>\n<script type=\"application\/ld+json\" class=\"yoast-schema-graph\">{\"@context\":\"https:\\\/\\\/schema.org\",\"@graph\":[{\"@type\":\"Article\",\"@id\":\"https:\\\/\\\/www.fecanbm.es\\\/tenerife\\\/fase-final-cadete-masculina\\\/#article\",\"isPartOf\":{\"@id\":\"https:\\\/\\\/www.fecanbm.es\\\/tenerife\\\/fase-final-cadete-masculina\\\/\"},\"author\":{\"name\":\"Prensa_Tenerife\",\"@id\":\"https:\\\/\\\/www.fecanbm.es\\\/tenerife\\\/#\\\/schema\\\/person\\\/8dc4f7faa1d1529422d09ce29bfaff34\"},\"headline\":\"Fase Final Cadete Masculina\",\"datePublished\":\"2023-03-14T16:57:49+00:00\",\"dateModified\":\"2025-06-16T11:25:58+00:00\",\"mainEntityOfPage\":{\"@id\":\"https:\\\/\\\/www.fecanbm.es\\\/tenerife\\\/fase-final-cadete-masculina\\\/\"},\"wordCount\":228,\"image\":{\"@id\":\"https:\\\/\\\/www.fecanbm.es\\\/tenerife\\\/fase-final-cadete-masculina\\\/#primaryimage\"},\"thumbnailUrl\":\"https:\\\/\\\/www.fecanbm.es\\\/tenerife\\\/wp-content\\\/uploads\\\/sites\\\/2\\\/2023\\\/03\\\/Poster-para-final-deportiva-moderno-naranja6-724x1024-1.webp\",\"articleSection\":[\"Noticias\",\"Portada\"],\"inLanguage\":\"es\"},{\"@type\":\"WebPage\",\"@id\":\"https:\\\/\\\/www.fecanbm.es\\\/tenerife\\\/fase-final-cadete-masculina\\\/\",\"url\":\"https:\\\/\\\/www.fecanbm.es\\\/tenerife\\\/fase-final-cadete-masculina\\\/\",\"name\":\"Fase Final Cadete Masculina - Federaci\u00f3n Insular de Tenerife\",\"isPartOf\":{\"@id\":\"https:\\\/\\\/www.fecanbm.es\\\/tenerife\\\/#website\"},\"primaryImageOfPage\":{\"@id\":\"https:\\\/\\\/www.fecanbm.es\\\/tenerife\\\/fase-final-cadete-masculina\\\/#primaryimage\"},\"image\":{\"@id\":\"https:\\\/\\\/www.fecanbm.es\\\/tenerife\\\/fase-final-cadete-masculina\\\/#primaryimage\"},\"thumbnailUrl\":\"https:\\\/\\\/www.fecanbm.es\\\/tenerife\\\/wp-content\\\/uploads\\\/sites\\\/2\\\/2023\\\/03\\\/Poster-para-final-deportiva-moderno-naranja6-724x1024-1.webp\",\"datePublished\":\"2023-03-14T16:57:49+00:00\",\"dateModified\":\"2025-06-16T11:25:58+00:00\",\"author\":{\"@id\":\"https:\\\/\\\/www.fecanbm.es\\\/tenerife\\\/#\\\/schema\\\/person\\\/8dc4f7faa1d1529422d09ce29bfaff34\"},\"breadcrumb\":{\"@id\":\"https:\\\/\\\/www.fecanbm.es\\\/tenerife\\\/fase-final-cadete-masculina\\\/#breadcrumb\"},\"inLanguage\":\"es\",\"potentialAction\":[{\"@type\":\"ReadAction\",\"target\":[\"https:\\\/\\\/www.fecanbm.es\\\/tenerife\\\/fase-final-cadete-masculina\\\/\"]}]},{\"@type\":\"ImageObject\",\"inLanguage\":\"es\",\"@id\":\"https:\\\/\\\/www.fecanbm.es\\\/tenerife\\\/fase-final-cadete-masculina\\\/#primaryimage\",\"url\":\"https:\\\/\\\/www.fecanbm.es\\\/tenerife\\\/wp-content\\\/uploads\\\/sites\\\/2\\\/2023\\\/03\\\/Poster-para-final-deportiva-moderno-naranja6-724x1024-1.webp\",\"contentUrl\":\"https:\\\/\\\/www.fecanbm.es\\\/tenerife\\\/wp-content\\\/uploads\\\/sites\\\/2\\\/2023\\\/03\\\/Poster-para-final-deportiva-moderno-naranja6-724x1024-1.webp\",\"width\":724,\"height\":1024},{\"@type\":\"BreadcrumbList\",\"@id\":\"https:\\\/\\\/www.fecanbm.es\\\/tenerife\\\/fase-final-cadete-masculina\\\/#breadcrumb\",\"itemListElement\":[{\"@type\":\"ListItem\",\"position\":1,\"name\":\"Portada\",\"item\":\"https:\\\/\\\/www.fecanbm.es\\\/tenerife\\\/\"},{\"@type\":\"ListItem\",\"position\":2,\"name\":\"Fase Final Cadete Masculina\"}]},{\"@type\":\"WebSite\",\"@id\":\"https:\\\/\\\/www.fecanbm.es\\\/tenerife\\\/#website\",\"url\":\"https:\\\/\\\/www.fecanbm.es\\\/tenerife\\\/\",\"name\":\"Federaci\u00f3n Insular de Tenerife\",\"description\":\"Federaci\u00f3n Insular de Tenerife\",\"potentialAction\":[{\"@type\":\"SearchAction\",\"target\":{\"@type\":\"EntryPoint\",\"urlTemplate\":\"https:\\\/\\\/www.fecanbm.es\\\/tenerife\\\/?s={search_term_string}\"},\"query-input\":{\"@type\":\"PropertyValueSpecification\",\"valueRequired\":true,\"valueName\":\"search_term_string\"}}],\"inLanguage\":\"es\"},{\"@type\":\"Person\",\"@id\":\"https:\\\/\\\/www.fecanbm.es\\\/tenerife\\\/#\\\/schema\\\/person\\\/8dc4f7faa1d1529422d09ce29bfaff34\",\"name\":\"Prensa_Tenerife\",\"image\":{\"@type\":\"ImageObject\",\"inLanguage\":\"es\",\"@id\":\"https:\\\/\\\/secure.gravatar.com\\\/avatar\\\/a2e5c44652b49873c2c48146547b9e5798ffd79e53a401add97df5a579086fed?s=96&d=mm&r=g\",\"url\":\"https:\\\/\\\/secure.gravatar.com\\\/avatar\\\/a2e5c44652b49873c2c48146547b9e5798ffd79e53a401add97df5a579086fed?s=96&d=mm&r=g\",\"contentUrl\":\"https:\\\/\\\/secure.gravatar.com\\\/avatar\\\/a2e5c44652b49873c2c48146547b9e5798ffd79e53a401add97df5a579086fed?s=96&d=mm&r=g\",\"caption\":\"Prensa_Tenerife\"},\"url\":\"https:\\\/\\\/www.fecanbm.es\\\/tenerife\\\/author\\\/ruyherodriguez\\\/\"}]}<\/script>\n<!-- \/ Yoast SEO plugin. -->","yoast_head_json":{"title":"Fase Final Cadete Masculina - Federaci\u00f3n Insular de Tenerife","robots":{"index":"index","follow":"follow","max-snippet":"max-snippet:-1","max-image-preview":"max-image-preview:large","max-video-preview":"max-video-preview:-1"},"canonical":"https:\/\/www.fecanbm.es\/tenerife\/fase-final-cadete-masculina\/","og_locale":"es_ES","og_type":"article","og_title":"Fase Final Cadete Masculina - Federaci\u00f3n Insular de Tenerife","og_description":"Este fin de semana se disputa en La Perdoma la Fase Final cadete masculina donde se decidir\u00e1 el Campe\u00f3n Insular de la categor\u00eda. Los equipos participantes ser\u00e1n los cuatro primeros clasificados en la primera fase de la liga: Multi\u00f3pticas Orotava Perdoma, Grupo EVM Realejos, Club Balonmano Arona y Balonmano Tejina. Todo comenzar\u00e1 el viernes 17 [&hellip;]","og_url":"https:\/\/www.fecanbm.es\/tenerife\/fase-final-cadete-masculina\/","og_site_name":"Federaci\u00f3n Insular de Tenerife","article_published_time":"2023-03-14T16:57:49+00:00","article_modified_time":"2025-06-16T11:25:58+00:00","og_image":[{"width":724,"height":1024,"url":"https:\/\/www.fecanbm.es\/tenerife\/wp-content\/uploads\/sites\/2\/2023\/03\/Poster-para-final-deportiva-moderno-naranja6-724x1024-1.webp","type":"image\/png"}],"author":"Prensa_Tenerife","twitter_card":"summary_large_image","twitter_misc":{"Escrito por":"Prensa_Tenerife","Tiempo de lectura":"2 minutos"},"schema":{"@context":"https:\/\/schema.org","@graph":[{"@type":"Article","@id":"https:\/\/www.fecanbm.es\/tenerife\/fase-final-cadete-masculina\/#article","isPartOf":{"@id":"https:\/\/www.fecanbm.es\/tenerife\/fase-final-cadete-masculina\/"},"author":{"name":"Prensa_Tenerife","@id":"https:\/\/www.fecanbm.es\/tenerife\/#\/schema\/person\/8dc4f7faa1d1529422d09ce29bfaff34"},"headline":"Fase Final Cadete Masculina","datePublished":"2023-03-14T16:57:49+00:00","dateModified":"2025-06-16T11:25:58+00:00","mainEntityOfPage":{"@id":"https:\/\/www.fecanbm.es\/tenerife\/fase-final-cadete-masculina\/"},"wordCount":228,"image":{"@id":"https:\/\/www.fecanbm.es\/tenerife\/fase-final-cadete-masculina\/#primaryimage"},"thumbnailUrl":"https:\/\/www.fecanbm.es\/tenerife\/wp-content\/uploads\/sites\/2\/2023\/03\/Poster-para-final-deportiva-moderno-naranja6-724x1024-1.webp","articleSection":["Noticias","Portada"],"inLanguage":"es"},{"@type":"WebPage","@id":"https:\/\/www.fecanbm.es\/tenerife\/fase-final-cadete-masculina\/","url":"https:\/\/www.fecanbm.es\/tenerife\/fase-final-cadete-masculina\/","name":"Fase Final Cadete Masculina - Federaci\u00f3n Insular de Tenerife","isPartOf":{"@id":"https:\/\/www.fecanbm.es\/tenerife\/#website"},"primaryImageOfPage":{"@id":"https:\/\/www.fecanbm.es\/tenerife\/fase-final-cadete-masculina\/#primaryimage"},"image":{"@id":"https:\/\/www.fecanbm.es\/tenerife\/fase-final-cadete-masculina\/#primaryimage"},"thumbnailUrl":"https:\/\/www.fecanbm.es\/tenerife\/wp-content\/uploads\/sites\/2\/2023\/03\/Poster-para-final-deportiva-moderno-naranja6-724x1024-1.webp","datePublished":"2023-03-14T16:57:49+00:00","dateModified":"2025-06-16T11:25:58+00:00","author":{"@id":"https:\/\/www.fecanbm.es\/tenerife\/#\/schema\/person\/8dc4f7faa1d1529422d09ce29bfaff34"},"breadcrumb":{"@id":"https:\/\/www.fecanbm.es\/tenerife\/fase-final-cadete-masculina\/#breadcrumb"},"inLanguage":"es","potentialAction":[{"@type":"ReadAction","target":["https:\/\/www.fecanbm.es\/tenerife\/fase-final-cadete-masculina\/"]}]},{"@type":"ImageObject","inLanguage":"es","@id":"https:\/\/www.fecanbm.es\/tenerife\/fase-final-cadete-masculina\/#primaryimage","url":"https:\/\/www.fecanbm.es\/tenerife\/wp-content\/uploads\/sites\/2\/2023\/03\/Poster-para-final-deportiva-moderno-naranja6-724x1024-1.webp","contentUrl":"https:\/\/www.fecanbm.es\/tenerife\/wp-content\/uploads\/sites\/2\/2023\/03\/Poster-para-final-deportiva-moderno-naranja6-724x1024-1.webp","width":724,"height":1024},{"@type":"BreadcrumbList","@id":"https:\/\/www.fecanbm.es\/tenerife\/fase-final-cadete-masculina\/#breadcrumb","itemListElement":[{"@type":"ListItem","position":1,"name":"Portada","item":"https:\/\/www.fecanbm.es\/tenerife\/"},{"@type":"ListItem","position":2,"name":"Fase Final Cadete Masculina"}]},{"@type":"WebSite","@id":"https:\/\/www.fecanbm.es\/tenerife\/#website","url":"https:\/\/www.fecanbm.es\/tenerife\/","name":"Federaci\u00f3n Insular de Tenerife","description":"Federaci\u00f3n Insular de Tenerife","potentialAction":[{"@type":"SearchAction","target":{"@type":"EntryPoint","urlTemplate":"https:\/\/www.fecanbm.es\/tenerife\/?s={search_term_string}"},"query-input":{"@type":"PropertyValueSpecification","valueRequired":true,"valueName":"search_term_string"}}],"inLanguage":"es"},{"@type":"Person","@id":"https:\/\/www.fecanbm.es\/tenerife\/#\/schema\/person\/8dc4f7faa1d1529422d09ce29bfaff34","name":"Prensa_Tenerife","image":{"@type":"ImageObject","inLanguage":"es","@id":"https:\/\/secure.gravatar.com\/avatar\/a2e5c44652b49873c2c48146547b9e5798ffd79e53a401add97df5a579086fed?s=96&d=mm&r=g","url":"https:\/\/secure.gravatar.com\/avatar\/a2e5c44652b49873c2c48146547b9e5798ffd79e53a401add97df5a579086fed?s=96&d=mm&r=g","contentUrl":"https:\/\/secure.gravatar.com\/avatar\/a2e5c44652b49873c2c48146547b9e5798ffd79e53a401add97df5a579086fed?s=96&d=mm&r=g","caption":"Prensa_Tenerife"},"url":"https:\/\/www.fecanbm.es\/tenerife\/author\/ruyherodriguez\/"}]}},"_links":{"self":[{"href":"https:\/\/www.fecanbm.es\/tenerife\/wp-json\/wp\/v2\/posts\/11731","targetHints":{"allow":["GET"]}}],"collection":[{"href":"https:\/\/www.fecanbm.es\/tenerife\/wp-json\/wp\/v2\/posts"}],"about":[{"href":"https:\/\/www.fecanbm.es\/tenerife\/wp-json\/wp\/v2\/types\/post"}],"author":[{"embeddable":true,"href":"https:\/\/www.fecanbm.es\/tenerife\/wp-json\/wp\/v2\/users\/11"}],"replies":[{"embeddable":true,"href":"https:\/\/www.fecanbm.es\/tenerife\/wp-json\/wp\/v2\/comments?post=11731"}],"version-history":[{"count":2,"href":"https:\/\/www.fecanbm.es\/tenerife\/wp-json\/wp\/v2\/posts\/11731\/revisions"}],"predecessor-version":[{"id":11736,"href":"https:\/\/www.fecanbm.es\/tenerife\/wp-json\/wp\/v2\/posts\/11731\/revisions\/11736"}],"wp:featuredmedia":[{"embeddable":true,"href":"https:\/\/www.fecanbm.es\/tenerife\/wp-json\/wp\/v2\/media\/12133"}],"wp:attachment":[{"href":"https:\/\/www.fecanbm.es\/tenerife\/wp-json\/wp\/v2\/media?parent=11731"}],"wp:term":[{"taxonomy":"category","embeddable":true,"href":"https:\/\/www.fecanbm.es\/tenerife\/wp-json\/wp\/v2\/categories?post=11731"},{"taxonomy":"post_tag","embeddable":true,"href":"https:\/\/www.fecanbm.es\/tenerife\/wp-json\/wp\/v2\/tags?post=11731"}],"curies":[{"name":"wp","href":"https:\/\/api.w.org\/{rel}","templated":true}]}}