{"id":11524,"date":"2021-06-17T16:17:24","date_gmt":"2021-06-17T14:17:24","guid":{"rendered":"https:\/\/fecanbm.es\/tenerife\/?p=11524"},"modified":"2025-06-16T13:27:14","modified_gmt":"2025-06-16T11:27:14","slug":"jornadas-de-tecnificacion-9","status":"publish","type":"post","link":"https:\/\/www.fecanbm.es\/tenerife\/jornadas-de-tecnificacion-9\/","title":{"rendered":"Jornadas de Tecnificaci\u00f3n"},"content":{"rendered":"\n<p>Este domingo 19 de Junio tendr\u00e1 lugar una nueva jornada de Tecnificaci\u00f3n organizadas por la Direcci\u00f3n T\u00e9cnica de la Federaci\u00f3n Insular.<\/p>\n\n\n\n<figure class=\"wp-block-gallery columns-2 is-cropped wp-block-gallery-1 is-layout-flex wp-block-gallery-is-layout-flex\"><ul class=\"blocks-gallery-grid\"><li class=\"blocks-gallery-item\"><figure><img fetchpriority=\"high\" decoding=\"async\" width=\"1024\" height=\"576\" src=\"https:\/\/www.fecanbm.es\/tenerife\/wp-content\/uploads\/sites\/2\/2021\/06\/IMG20210613121950-1024x576.jpg\" alt=\"\" data-id=\"11495\" data-full-url=\"https:\/\/www.fecanbm.es\/tenerife\/wp-content\/uploads\/sites\/2\/2021\/06\/IMG20210613121950-scaled.jpg\" data-link=\"https:\/\/www.fecanbm.es\/tenerife\/jornadas-de-tecnificacion-8\/img20210613121950\/\" class=\"wp-image-11495\" srcset=\"https:\/\/www.fecanbm.es\/tenerife\/wp-content\/uploads\/sites\/2\/2021\/06\/IMG20210613121950-1024x576.jpg 1024w, https:\/\/www.fecanbm.es\/tenerife\/wp-content\/uploads\/sites\/2\/2021\/06\/IMG20210613121950-300x169.jpg 300w, https:\/\/www.fecanbm.es\/tenerife\/wp-content\/uploads\/sites\/2\/2021\/06\/IMG20210613121950-768x432.jpg 768w, https:\/\/www.fecanbm.es\/tenerife\/wp-content\/uploads\/sites\/2\/2021\/06\/IMG20210613121950-1536x864.jpg 1536w, https:\/\/www.fecanbm.es\/tenerife\/wp-content\/uploads\/sites\/2\/2021\/06\/IMG20210613121950-2048x1152.jpg 2048w, https:\/\/www.fecanbm.es\/tenerife\/wp-content\/uploads\/sites\/2\/2021\/06\/IMG20210613121950-280x158.jpg 280w, https:\/\/www.fecanbm.es\/tenerife\/wp-content\/uploads\/sites\/2\/2021\/06\/IMG20210613121950-1170x658.jpg 1170w\" sizes=\"(max-width: 1024px) 100vw, 1024px\" \/><\/figure><\/li><li class=\"blocks-gallery-item\"><figure><img decoding=\"async\" width=\"1024\" height=\"576\" src=\"https:\/\/www.fecanbm.es\/tenerife\/wp-content\/uploads\/sites\/2\/2021\/06\/S2100009-1024x576.jpg\" alt=\"\" data-id=\"11467\" data-full-url=\"https:\/\/www.fecanbm.es\/tenerife\/wp-content\/uploads\/sites\/2\/2021\/06\/S2100009-scaled.jpg\" data-link=\"https:\/\/www.fecanbm.es\/tenerife\/?attachment_id=11467\" class=\"wp-image-11467\" srcset=\"https:\/\/www.fecanbm.es\/tenerife\/wp-content\/uploads\/sites\/2\/2021\/06\/S2100009-1024x576.jpg 1024w, https:\/\/www.fecanbm.es\/tenerife\/wp-content\/uploads\/sites\/2\/2021\/06\/S2100009-300x169.jpg 300w, https:\/\/www.fecanbm.es\/tenerife\/wp-content\/uploads\/sites\/2\/2021\/06\/S2100009-768x432.jpg 768w, https:\/\/www.fecanbm.es\/tenerife\/wp-content\/uploads\/sites\/2\/2021\/06\/S2100009-1536x864.jpg 1536w, https:\/\/www.fecanbm.es\/tenerife\/wp-content\/uploads\/sites\/2\/2021\/06\/S2100009-2048x1152.jpg 2048w, https:\/\/www.fecanbm.es\/tenerife\/wp-content\/uploads\/sites\/2\/2021\/06\/S2100009-280x158.jpg 280w, https:\/\/www.fecanbm.es\/tenerife\/wp-content\/uploads\/sites\/2\/2021\/06\/S2100009-1170x658.jpg 1170w\" sizes=\"(max-width: 1024px) 100vw, 1024px\" \/><\/figure><\/li><\/ul><\/figure>\n\n\n\n<p>El Pabell\u00f3n Cubierto de Villa Isabel en el sur de la isla ser\u00e1 el escenario de la II Jornada de Tecnificaci\u00f3n de esta temporada dedicada a jugadores\/as nacidos\/as en 2006-07.<\/p>\n\n\n\n<p>A las 10:00 horas se comenzar\u00e1 con el entrenamiento en categor\u00eda masculina, dirigido por Santiago Garc\u00eda (Seleccionador Federaci\u00f3n Canaria Balonmano) y Teresa Martins (Club Balonmano Costa Adeje) para a continuaci\u00f3n, 11:30 horas, comenzar con la categor\u00eda femenina dirigida por Miguel Angel Rodr\u00edguez Santanta y Rosa \u00c1lvarez (Seleccionadores Federaci\u00f3n Canaria de Balonmano) <\/p>\n\n\n\n<p>La siguiente semana, el domingo 27 de Junio, seguiremos con este tipo de evento, donde realizaremos dos concentraciones. Una para los\/as j\u00f3venes nacidos\/as en 2004-05 y una segunda Jornada para los que la pr\u00f3xima jornada formar\u00e1n los equipos infantiles de los clubs de la isla y que ya realizaron una primera concentraci\u00f3n el pasado domingo 13 de Junio.<\/p>\n","protected":false},"excerpt":{"rendered":"<p>Este domingo 19 de Junio tendr\u00e1 lugar una nueva jornada de Tecnificaci\u00f3n organizadas por la Direcci\u00f3n T\u00e9cnica de la Federaci\u00f3n Insular. El Pabell\u00f3n Cubierto de Villa Isabel en el sur de la isla ser\u00e1 el escenario de la II Jornada de Tecnificaci\u00f3n de esta temporada dedicada a jugadores\/as nacidos\/as en 2006-07. A las 10:00 horas [&hellip;]<\/p>\n","protected":false},"author":11,"featured_media":11494,"comment_status":"closed","ping_status":"closed","sticky":false,"template":"","format":"standard","meta":{"ngg_post_thumbnail":0,"footnotes":""},"categories":[1,522],"tags":[],"class_list":["post-11524","post","type-post","status-publish","format-standard","has-post-thumbnail","hentry","category-noticias","category-portada"],"yoast_head":"<!-- This site is optimized with the Yoast SEO plugin v27.5 - https:\/\/yoast.com\/product\/yoast-seo-wordpress\/ -->\n<title>Jornadas de Tecnificaci\u00f3n - Federaci\u00f3n Insular de Tenerife<\/title>\n<meta name=\"robots\" content=\"index, follow, max-snippet:-1, max-image-preview:large, max-video-preview:-1\" \/>\n<link rel=\"canonical\" href=\"https:\/\/www.fecanbm.es\/tenerife\/jornadas-de-tecnificacion-9\/\" \/>\n<meta property=\"og:locale\" content=\"es_ES\" \/>\n<meta property=\"og:type\" content=\"article\" \/>\n<meta property=\"og:title\" content=\"Jornadas de Tecnificaci\u00f3n - Federaci\u00f3n Insular de Tenerife\" \/>\n<meta property=\"og:description\" content=\"Este domingo 19 de Junio tendr\u00e1 lugar una nueva jornada de Tecnificaci\u00f3n organizadas por la Direcci\u00f3n T\u00e9cnica de la Federaci\u00f3n Insular. El Pabell\u00f3n Cubierto de Villa Isabel en el sur de la isla ser\u00e1 el escenario de la II Jornada de Tecnificaci\u00f3n de esta temporada dedicada a jugadores\/as nacidos\/as en 2006-07. A las 10:00 horas [&hellip;]\" \/>\n<meta property=\"og:url\" content=\"https:\/\/www.fecanbm.es\/tenerife\/jornadas-de-tecnificacion-9\/\" \/>\n<meta property=\"og:site_name\" content=\"Federaci\u00f3n Insular de Tenerife\" \/>\n<meta property=\"article:published_time\" content=\"2021-06-17T14:17:24+00:00\" \/>\n<meta property=\"article:modified_time\" content=\"2025-06-16T11:27:14+00:00\" \/>\n<meta property=\"og:image\" content=\"https:\/\/www.fecanbm.es\/tenerife\/wp-content\/uploads\/sites\/2\/2021\/06\/IMG20210613121945-scaled.jpg\" \/>\n\t<meta property=\"og:image:width\" content=\"2560\" \/>\n\t<meta property=\"og:image:height\" content=\"1440\" \/>\n\t<meta property=\"og:image:type\" content=\"image\/jpeg\" \/>\n<meta name=\"author\" content=\"Prensa_Tenerife\" \/>\n<meta name=\"twitter:card\" content=\"summary_large_image\" \/>\n<meta name=\"twitter:label1\" content=\"Escrito por\" \/>\n\t<meta name=\"twitter:data1\" content=\"Prensa_Tenerife\" \/>\n\t<meta name=\"twitter:label2\" content=\"Tiempo de lectura\" \/>\n\t<meta name=\"twitter:data2\" content=\"2 minutos\" \/>\n<script type=\"application\/ld+json\" class=\"yoast-schema-graph\">{\"@context\":\"https:\\\/\\\/schema.org\",\"@graph\":[{\"@type\":\"Article\",\"@id\":\"https:\\\/\\\/www.fecanbm.es\\\/tenerife\\\/jornadas-de-tecnificacion-9\\\/#article\",\"isPartOf\":{\"@id\":\"https:\\\/\\\/www.fecanbm.es\\\/tenerife\\\/jornadas-de-tecnificacion-9\\\/\"},\"author\":{\"name\":\"Prensa_Tenerife\",\"@id\":\"https:\\\/\\\/www.fecanbm.es\\\/tenerife\\\/#\\\/schema\\\/person\\\/8dc4f7faa1d1529422d09ce29bfaff34\"},\"headline\":\"Jornadas de Tecnificaci\u00f3n\",\"datePublished\":\"2021-06-17T14:17:24+00:00\",\"dateModified\":\"2025-06-16T11:27:14+00:00\",\"mainEntityOfPage\":{\"@id\":\"https:\\\/\\\/www.fecanbm.es\\\/tenerife\\\/jornadas-de-tecnificacion-9\\\/\"},\"wordCount\":180,\"image\":{\"@id\":\"https:\\\/\\\/www.fecanbm.es\\\/tenerife\\\/jornadas-de-tecnificacion-9\\\/#primaryimage\"},\"thumbnailUrl\":\"https:\\\/\\\/www.fecanbm.es\\\/tenerife\\\/wp-content\\\/uploads\\\/sites\\\/2\\\/2021\\\/06\\\/IMG20210613121945-scaled.jpg\",\"articleSection\":[\"Noticias\",\"Portada\"],\"inLanguage\":\"es\"},{\"@type\":\"WebPage\",\"@id\":\"https:\\\/\\\/www.fecanbm.es\\\/tenerife\\\/jornadas-de-tecnificacion-9\\\/\",\"url\":\"https:\\\/\\\/www.fecanbm.es\\\/tenerife\\\/jornadas-de-tecnificacion-9\\\/\",\"name\":\"Jornadas de Tecnificaci\u00f3n - Federaci\u00f3n Insular de Tenerife\",\"isPartOf\":{\"@id\":\"https:\\\/\\\/www.fecanbm.es\\\/tenerife\\\/#website\"},\"primaryImageOfPage\":{\"@id\":\"https:\\\/\\\/www.fecanbm.es\\\/tenerife\\\/jornadas-de-tecnificacion-9\\\/#primaryimage\"},\"image\":{\"@id\":\"https:\\\/\\\/www.fecanbm.es\\\/tenerife\\\/jornadas-de-tecnificacion-9\\\/#primaryimage\"},\"thumbnailUrl\":\"https:\\\/\\\/www.fecanbm.es\\\/tenerife\\\/wp-content\\\/uploads\\\/sites\\\/2\\\/2021\\\/06\\\/IMG20210613121945-scaled.jpg\",\"datePublished\":\"2021-06-17T14:17:24+00:00\",\"dateModified\":\"2025-06-16T11:27:14+00:00\",\"author\":{\"@id\":\"https:\\\/\\\/www.fecanbm.es\\\/tenerife\\\/#\\\/schema\\\/person\\\/8dc4f7faa1d1529422d09ce29bfaff34\"},\"breadcrumb\":{\"@id\":\"https:\\\/\\\/www.fecanbm.es\\\/tenerife\\\/jornadas-de-tecnificacion-9\\\/#breadcrumb\"},\"inLanguage\":\"es\",\"potentialAction\":[{\"@type\":\"ReadAction\",\"target\":[\"https:\\\/\\\/www.fecanbm.es\\\/tenerife\\\/jornadas-de-tecnificacion-9\\\/\"]}]},{\"@type\":\"ImageObject\",\"inLanguage\":\"es\",\"@id\":\"https:\\\/\\\/www.fecanbm.es\\\/tenerife\\\/jornadas-de-tecnificacion-9\\\/#primaryimage\",\"url\":\"https:\\\/\\\/www.fecanbm.es\\\/tenerife\\\/wp-content\\\/uploads\\\/sites\\\/2\\\/2021\\\/06\\\/IMG20210613121945-scaled.jpg\",\"contentUrl\":\"https:\\\/\\\/www.fecanbm.es\\\/tenerife\\\/wp-content\\\/uploads\\\/sites\\\/2\\\/2021\\\/06\\\/IMG20210613121945-scaled.jpg\",\"width\":2560,\"height\":1440},{\"@type\":\"BreadcrumbList\",\"@id\":\"https:\\\/\\\/www.fecanbm.es\\\/tenerife\\\/jornadas-de-tecnificacion-9\\\/#breadcrumb\",\"itemListElement\":[{\"@type\":\"ListItem\",\"position\":1,\"name\":\"Portada\",\"item\":\"https:\\\/\\\/www.fecanbm.es\\\/tenerife\\\/\"},{\"@type\":\"ListItem\",\"position\":2,\"name\":\"Jornadas de Tecnificaci\u00f3n\"}]},{\"@type\":\"WebSite\",\"@id\":\"https:\\\/\\\/www.fecanbm.es\\\/tenerife\\\/#website\",\"url\":\"https:\\\/\\\/www.fecanbm.es\\\/tenerife\\\/\",\"name\":\"Federaci\u00f3n Insular de Tenerife\",\"description\":\"Federaci\u00f3n Insular de Tenerife\",\"potentialAction\":[{\"@type\":\"SearchAction\",\"target\":{\"@type\":\"EntryPoint\",\"urlTemplate\":\"https:\\\/\\\/www.fecanbm.es\\\/tenerife\\\/?s={search_term_string}\"},\"query-input\":{\"@type\":\"PropertyValueSpecification\",\"valueRequired\":true,\"valueName\":\"search_term_string\"}}],\"inLanguage\":\"es\"},{\"@type\":\"Person\",\"@id\":\"https:\\\/\\\/www.fecanbm.es\\\/tenerife\\\/#\\\/schema\\\/person\\\/8dc4f7faa1d1529422d09ce29bfaff34\",\"name\":\"Prensa_Tenerife\",\"image\":{\"@type\":\"ImageObject\",\"inLanguage\":\"es\",\"@id\":\"https:\\\/\\\/secure.gravatar.com\\\/avatar\\\/a2e5c44652b49873c2c48146547b9e5798ffd79e53a401add97df5a579086fed?s=96&d=mm&r=g\",\"url\":\"https:\\\/\\\/secure.gravatar.com\\\/avatar\\\/a2e5c44652b49873c2c48146547b9e5798ffd79e53a401add97df5a579086fed?s=96&d=mm&r=g\",\"contentUrl\":\"https:\\\/\\\/secure.gravatar.com\\\/avatar\\\/a2e5c44652b49873c2c48146547b9e5798ffd79e53a401add97df5a579086fed?s=96&d=mm&r=g\",\"caption\":\"Prensa_Tenerife\"},\"url\":\"https:\\\/\\\/www.fecanbm.es\\\/tenerife\\\/author\\\/ruyherodriguez\\\/\"}]}<\/script>\n<!-- \/ Yoast SEO plugin. -->","yoast_head_json":{"title":"Jornadas de Tecnificaci\u00f3n - Federaci\u00f3n Insular de Tenerife","robots":{"index":"index","follow":"follow","max-snippet":"max-snippet:-1","max-image-preview":"max-image-preview:large","max-video-preview":"max-video-preview:-1"},"canonical":"https:\/\/www.fecanbm.es\/tenerife\/jornadas-de-tecnificacion-9\/","og_locale":"es_ES","og_type":"article","og_title":"Jornadas de Tecnificaci\u00f3n - Federaci\u00f3n Insular de Tenerife","og_description":"Este domingo 19 de Junio tendr\u00e1 lugar una nueva jornada de Tecnificaci\u00f3n organizadas por la Direcci\u00f3n T\u00e9cnica de la Federaci\u00f3n Insular. El Pabell\u00f3n Cubierto de Villa Isabel en el sur de la isla ser\u00e1 el escenario de la II Jornada de Tecnificaci\u00f3n de esta temporada dedicada a jugadores\/as nacidos\/as en 2006-07. A las 10:00 horas [&hellip;]","og_url":"https:\/\/www.fecanbm.es\/tenerife\/jornadas-de-tecnificacion-9\/","og_site_name":"Federaci\u00f3n Insular de Tenerife","article_published_time":"2021-06-17T14:17:24+00:00","article_modified_time":"2025-06-16T11:27:14+00:00","og_image":[{"width":2560,"height":1440,"url":"https:\/\/www.fecanbm.es\/tenerife\/wp-content\/uploads\/sites\/2\/2021\/06\/IMG20210613121945-scaled.jpg","type":"image\/jpeg"}],"author":"Prensa_Tenerife","twitter_card":"summary_large_image","twitter_misc":{"Escrito por":"Prensa_Tenerife","Tiempo de lectura":"2 minutos"},"schema":{"@context":"https:\/\/schema.org","@graph":[{"@type":"Article","@id":"https:\/\/www.fecanbm.es\/tenerife\/jornadas-de-tecnificacion-9\/#article","isPartOf":{"@id":"https:\/\/www.fecanbm.es\/tenerife\/jornadas-de-tecnificacion-9\/"},"author":{"name":"Prensa_Tenerife","@id":"https:\/\/www.fecanbm.es\/tenerife\/#\/schema\/person\/8dc4f7faa1d1529422d09ce29bfaff34"},"headline":"Jornadas de Tecnificaci\u00f3n","datePublished":"2021-06-17T14:17:24+00:00","dateModified":"2025-06-16T11:27:14+00:00","mainEntityOfPage":{"@id":"https:\/\/www.fecanbm.es\/tenerife\/jornadas-de-tecnificacion-9\/"},"wordCount":180,"image":{"@id":"https:\/\/www.fecanbm.es\/tenerife\/jornadas-de-tecnificacion-9\/#primaryimage"},"thumbnailUrl":"https:\/\/www.fecanbm.es\/tenerife\/wp-content\/uploads\/sites\/2\/2021\/06\/IMG20210613121945-scaled.jpg","articleSection":["Noticias","Portada"],"inLanguage":"es"},{"@type":"WebPage","@id":"https:\/\/www.fecanbm.es\/tenerife\/jornadas-de-tecnificacion-9\/","url":"https:\/\/www.fecanbm.es\/tenerife\/jornadas-de-tecnificacion-9\/","name":"Jornadas de Tecnificaci\u00f3n - Federaci\u00f3n Insular de Tenerife","isPartOf":{"@id":"https:\/\/www.fecanbm.es\/tenerife\/#website"},"primaryImageOfPage":{"@id":"https:\/\/www.fecanbm.es\/tenerife\/jornadas-de-tecnificacion-9\/#primaryimage"},"image":{"@id":"https:\/\/www.fecanbm.es\/tenerife\/jornadas-de-tecnificacion-9\/#primaryimage"},"thumbnailUrl":"https:\/\/www.fecanbm.es\/tenerife\/wp-content\/uploads\/sites\/2\/2021\/06\/IMG20210613121945-scaled.jpg","datePublished":"2021-06-17T14:17:24+00:00","dateModified":"2025-06-16T11:27:14+00:00","author":{"@id":"https:\/\/www.fecanbm.es\/tenerife\/#\/schema\/person\/8dc4f7faa1d1529422d09ce29bfaff34"},"breadcrumb":{"@id":"https:\/\/www.fecanbm.es\/tenerife\/jornadas-de-tecnificacion-9\/#breadcrumb"},"inLanguage":"es","potentialAction":[{"@type":"ReadAction","target":["https:\/\/www.fecanbm.es\/tenerife\/jornadas-de-tecnificacion-9\/"]}]},{"@type":"ImageObject","inLanguage":"es","@id":"https:\/\/www.fecanbm.es\/tenerife\/jornadas-de-tecnificacion-9\/#primaryimage","url":"https:\/\/www.fecanbm.es\/tenerife\/wp-content\/uploads\/sites\/2\/2021\/06\/IMG20210613121945-scaled.jpg","contentUrl":"https:\/\/www.fecanbm.es\/tenerife\/wp-content\/uploads\/sites\/2\/2021\/06\/IMG20210613121945-scaled.jpg","width":2560,"height":1440},{"@type":"BreadcrumbList","@id":"https:\/\/www.fecanbm.es\/tenerife\/jornadas-de-tecnificacion-9\/#breadcrumb","itemListElement":[{"@type":"ListItem","position":1,"name":"Portada","item":"https:\/\/www.fecanbm.es\/tenerife\/"},{"@type":"ListItem","position":2,"name":"Jornadas de Tecnificaci\u00f3n"}]},{"@type":"WebSite","@id":"https:\/\/www.fecanbm.es\/tenerife\/#website","url":"https:\/\/www.fecanbm.es\/tenerife\/","name":"Federaci\u00f3n Insular de Tenerife","description":"Federaci\u00f3n Insular de Tenerife","potentialAction":[{"@type":"SearchAction","target":{"@type":"EntryPoint","urlTemplate":"https:\/\/www.fecanbm.es\/tenerife\/?s={search_term_string}"},"query-input":{"@type":"PropertyValueSpecification","valueRequired":true,"valueName":"search_term_string"}}],"inLanguage":"es"},{"@type":"Person","@id":"https:\/\/www.fecanbm.es\/tenerife\/#\/schema\/person\/8dc4f7faa1d1529422d09ce29bfaff34","name":"Prensa_Tenerife","image":{"@type":"ImageObject","inLanguage":"es","@id":"https:\/\/secure.gravatar.com\/avatar\/a2e5c44652b49873c2c48146547b9e5798ffd79e53a401add97df5a579086fed?s=96&d=mm&r=g","url":"https:\/\/secure.gravatar.com\/avatar\/a2e5c44652b49873c2c48146547b9e5798ffd79e53a401add97df5a579086fed?s=96&d=mm&r=g","contentUrl":"https:\/\/secure.gravatar.com\/avatar\/a2e5c44652b49873c2c48146547b9e5798ffd79e53a401add97df5a579086fed?s=96&d=mm&r=g","caption":"Prensa_Tenerife"},"url":"https:\/\/www.fecanbm.es\/tenerife\/author\/ruyherodriguez\/"}]}},"_links":{"self":[{"href":"https:\/\/www.fecanbm.es\/tenerife\/wp-json\/wp\/v2\/posts\/11524","targetHints":{"allow":["GET"]}}],"collection":[{"href":"https:\/\/www.fecanbm.es\/tenerife\/wp-json\/wp\/v2\/posts"}],"about":[{"href":"https:\/\/www.fecanbm.es\/tenerife\/wp-json\/wp\/v2\/types\/post"}],"author":[{"embeddable":true,"href":"https:\/\/www.fecanbm.es\/tenerife\/wp-json\/wp\/v2\/users\/11"}],"replies":[{"embeddable":true,"href":"https:\/\/www.fecanbm.es\/tenerife\/wp-json\/wp\/v2\/comments?post=11524"}],"version-history":[{"count":3,"href":"https:\/\/www.fecanbm.es\/tenerife\/wp-json\/wp\/v2\/posts\/11524\/revisions"}],"predecessor-version":[{"id":11529,"href":"https:\/\/www.fecanbm.es\/tenerife\/wp-json\/wp\/v2\/posts\/11524\/revisions\/11529"}],"wp:featuredmedia":[{"embeddable":true,"href":"https:\/\/www.fecanbm.es\/tenerife\/wp-json\/wp\/v2\/media\/11494"}],"wp:attachment":[{"href":"https:\/\/www.fecanbm.es\/tenerife\/wp-json\/wp\/v2\/media?parent=11524"}],"wp:term":[{"taxonomy":"category","embeddable":true,"href":"https:\/\/www.fecanbm.es\/tenerife\/wp-json\/wp\/v2\/categories?post=11524"},{"taxonomy":"post_tag","embeddable":true,"href":"https:\/\/www.fecanbm.es\/tenerife\/wp-json\/wp\/v2\/tags?post=11524"}],"curies":[{"name":"wp","href":"https:\/\/api.w.org\/{rel}","templated":true}]}}