{"id":10915,"date":"2020-10-29T13:09:13","date_gmt":"2020-10-29T12:09:13","guid":{"rendered":"https:\/\/fecanbm.es\/tenerife\/?p=10915"},"modified":"2025-06-16T13:30:17","modified_gmt":"2025-06-16T11:30:17","slug":"copa-apertura","status":"publish","type":"post","link":"https:\/\/www.fecanbm.es\/tenerife\/copa-apertura\/","title":{"rendered":"Copa Apertura"},"content":{"rendered":"\n<div class=\"wp-block-image\"><figure class=\"aligncenter size-large\"><img fetchpriority=\"high\" decoding=\"async\" width=\"1024\" height=\"507\" src=\"https:\/\/www.fecanbm.es\/tenerife\/wp-content\/uploads\/sites\/2\/2020\/10\/Realejos-CF-1024x507.jpg\" alt=\"Copa Apertura\" class=\"wp-image-10916\" srcset=\"https:\/\/www.fecanbm.es\/tenerife\/wp-content\/uploads\/sites\/2\/2020\/10\/Realejos-CF-1024x507.jpg 1024w, https:\/\/www.fecanbm.es\/tenerife\/wp-content\/uploads\/sites\/2\/2020\/10\/Realejos-CF-300x149.jpg 300w, https:\/\/www.fecanbm.es\/tenerife\/wp-content\/uploads\/sites\/2\/2020\/10\/Realejos-CF-768x380.jpg 768w, https:\/\/www.fecanbm.es\/tenerife\/wp-content\/uploads\/sites\/2\/2020\/10\/Realejos-CF-280x139.jpg 280w, https:\/\/www.fecanbm.es\/tenerife\/wp-content\/uploads\/sites\/2\/2020\/10\/Realejos-CF-1170x580.jpg 1170w, https:\/\/www.fecanbm.es\/tenerife\/wp-content\/uploads\/sites\/2\/2020\/10\/Realejos-CF.jpg 1292w\" sizes=\"(max-width: 1024px) 100vw, 1024px\" \/><figcaption>Serigraf\u00eda Cucas Realejos<\/figcaption><\/figure><\/div>\n\n\n\n<p class=\"has-text-align-left\">Este pasado fin de semana dio comienzo la Copa Apertura en categor\u00edas de base, donde los m\u00e1s j\u00f3venes volvieron a disfrutar de nuestro deporte despu\u00e9s de muchos meses de inactividad.<\/p>\n\n\n\n<p><strong>CATEGOR\u00cdA INFANTIL FEMENINA<\/strong><\/p>\n\n\n\n<p>Las locales del <em><strong>ERSM Insurance Brokers C. Balonmano Tacoronte Lecomar 13 Mayo<\/strong><\/em> recib\u00edan la visita del <strong><em>Club Balonmano Arona<\/em><\/strong> en un duelo en el que las sure\u00f1as se mostraron superiores de principio a fin. Pese a ello las tacoronteras demostraron una enorme mejor\u00eda con respecto a la temporada anterior, lo que da muestras del buen trabajo que se lleva a cabo en Tacoronte y que pronto obtendr\u00e1 mejores resultados. <\/p>\n\n\n\n<p><strong>CATEGOR\u00cdA CADETE MASCULINA<\/strong><\/p>\n\n\n\n<p>En esta categor\u00eda, dentro del Grupo A solo se disput\u00f3 un encuentro, el que enfrentaba en el IES Barranco Las Lajas al equipo local del <strong><em>ERSM Insurance Brokers C. Balonmano Tacoronte Lecomar 13 Mayo<\/em><\/strong> frente al <strong><em>CBM Perdoma B<\/em><\/strong>. Los de Jos\u00e9 Correa empezaron algo dubitativos pero poco a poco se fueron haciendo con los mandos logrando la primera victoria de la temporada.<\/p>\n\n\n\n<p>Dentro del Grupo B, los dos grandes favoritos no pasaron apuros en sus respectivos compromisos, disputados en el IES Antonio Gonz\u00e1lez de Tejina. Los de Amit Nadwani, el <strong><em>Balonmano Tejina<\/em><\/strong> demostraron su enorme superioridad ante un batallador <strong><em>Serigraf\u00eda Cucas Realejos<\/em><\/strong>, algo que tambi\u00e9n ocurri\u00f3 entre <strong><em>La Fet Liceo Franc\u00e9s Tejina<\/em><\/strong> y <strong><em>Multi\u00f3pticas Orotava Perdoma<\/em><\/strong>, donde \u00e9stos \u00faltimos demostraron ser hoy por hoy, muy superiores.<\/p>\n\n\n\n<p><strong>CATEGOR\u00cdA CADETE FEMENINA<\/strong><\/p>\n\n\n\n<p>El Pabell\u00f3n Celestino Hern\u00e1ndez de la Perdoma acog\u00eda el primer derbi de la villa entre <strong><em>Arepera La Carajita Perdoma<\/em><\/strong> y <strong><em>Serigraf\u00eda Cucas Realejos<\/em><\/strong>. Un choque que nunca deja indiferente a nadie y que se decant\u00f3 del lado de las de Teresa Gonz\u00e1lez, con una mayor solidez defensiva y eficacia en las transiciones defensa &#8211; ataque.<\/p>\n\n\n\n<p>En el otro duelo de la jornada, el <strong><em>Club Balonmano Arona<\/em><\/strong> no encontr\u00f3 rival en el <strong><em>ERSM Insurance Brokes C. Balonmano Tacoronte Lecomar 13 Mayo<\/em><\/strong>, que pese a su esfuerzo y ganas, nada pudo hacer para evitar la clara victoria de su rival.<\/p>\n\n\n\n<p><strong>CATEGOR\u00cdA JUVENIL MASCULINA<\/strong><\/p>\n\n\n\n<figure class=\"wp-block-image size-large is-resized\"><img decoding=\"async\" src=\"https:\/\/www.fecanbm.es\/tenerife\/wp-content\/uploads\/sites\/2\/2020\/10\/arona-juvenil-masculino.jpg\" alt=\"\" class=\"wp-image-10917\" width=\"368\" height=\"276\" srcset=\"https:\/\/www.fecanbm.es\/tenerife\/wp-content\/uploads\/sites\/2\/2020\/10\/arona-juvenil-masculino.jpg 720w, https:\/\/www.fecanbm.es\/tenerife\/wp-content\/uploads\/sites\/2\/2020\/10\/arona-juvenil-masculino-300x225.jpg 300w, https:\/\/www.fecanbm.es\/tenerife\/wp-content\/uploads\/sites\/2\/2020\/10\/arona-juvenil-masculino-249x187.jpg 249w\" sizes=\"(max-width: 368px) 100vw, 368px\" \/><figcaption>Club Balonmano Arona<\/figcaption><\/figure>\n\n\n\n<p>En cuanto a los \u00abmayores de la base\u00bb, los juveniles del <strong><em>Club Balonmano Arona<\/em><\/strong> rend\u00edan visita al <strong><em>Serigraf\u00eda Cucas Realejos<\/em><\/strong> en el Pabell\u00f3n Basilio Labrador del municipio norte\u00f1o. Pese a ser el primer partido de la temporada para muchos de ellos el nivel exhibido fue bastante alto, y en el que peque\u00f1os detalles dieron la victoria a los del sur de la isla. <\/p>\n","protected":false},"excerpt":{"rendered":"<p>Este pasado fin de semana dio comienzo la Copa Apertura en categor\u00edas de base, donde los m\u00e1s j\u00f3venes volvieron a disfrutar de nuestro deporte despu\u00e9s de muchos meses de inactividad. CATEGOR\u00cdA INFANTIL FEMENINA Las locales del ERSM Insurance Brokers C. Balonmano Tacoronte Lecomar 13 Mayo recib\u00edan la visita del Club Balonmano Arona en un duelo [&hellip;]<\/p>\n","protected":false},"author":11,"featured_media":10916,"comment_status":"closed","ping_status":"closed","sticky":false,"template":"","format":"standard","meta":{"ngg_post_thumbnail":0,"footnotes":""},"categories":[1,522],"tags":[],"class_list":["post-10915","post","type-post","status-publish","format-standard","has-post-thumbnail","hentry","category-noticias","category-portada"],"yoast_head":"<!-- This site is optimized with the Yoast SEO plugin v27.5 - https:\/\/yoast.com\/product\/yoast-seo-wordpress\/ -->\n<title>Copa Apertura - Federaci\u00f3n Insular de Tenerife<\/title>\n<meta name=\"robots\" content=\"index, follow, max-snippet:-1, max-image-preview:large, max-video-preview:-1\" \/>\n<link rel=\"canonical\" href=\"https:\/\/www.fecanbm.es\/tenerife\/copa-apertura\/\" \/>\n<meta property=\"og:locale\" content=\"es_ES\" \/>\n<meta property=\"og:type\" content=\"article\" \/>\n<meta property=\"og:title\" content=\"Copa Apertura - Federaci\u00f3n Insular de Tenerife\" \/>\n<meta property=\"og:description\" content=\"Este pasado fin de semana dio comienzo la Copa Apertura en categor\u00edas de base, donde los m\u00e1s j\u00f3venes volvieron a disfrutar de nuestro deporte despu\u00e9s de muchos meses de inactividad. CATEGOR\u00cdA INFANTIL FEMENINA Las locales del ERSM Insurance Brokers C. Balonmano Tacoronte Lecomar 13 Mayo recib\u00edan la visita del Club Balonmano Arona en un duelo [&hellip;]\" \/>\n<meta property=\"og:url\" content=\"https:\/\/www.fecanbm.es\/tenerife\/copa-apertura\/\" \/>\n<meta property=\"og:site_name\" content=\"Federaci\u00f3n Insular de Tenerife\" \/>\n<meta property=\"article:published_time\" content=\"2020-10-29T12:09:13+00:00\" \/>\n<meta property=\"article:modified_time\" content=\"2025-06-16T11:30:17+00:00\" \/>\n<meta property=\"og:image\" content=\"https:\/\/www.fecanbm.es\/tenerife\/wp-content\/uploads\/sites\/2\/2020\/10\/Realejos-CF.jpg\" \/>\n\t<meta property=\"og:image:width\" content=\"1292\" \/>\n\t<meta property=\"og:image:height\" content=\"640\" \/>\n\t<meta property=\"og:image:type\" content=\"image\/jpeg\" \/>\n<meta name=\"author\" content=\"Prensa_Tenerife\" \/>\n<meta name=\"twitter:card\" content=\"summary_large_image\" \/>\n<meta name=\"twitter:label1\" content=\"Escrito por\" \/>\n\t<meta name=\"twitter:data1\" content=\"Prensa_Tenerife\" \/>\n\t<meta name=\"twitter:label2\" content=\"Tiempo de lectura\" \/>\n\t<meta name=\"twitter:data2\" content=\"2 minutos\" \/>\n<script type=\"application\/ld+json\" class=\"yoast-schema-graph\">{\"@context\":\"https:\\\/\\\/schema.org\",\"@graph\":[{\"@type\":\"Article\",\"@id\":\"https:\\\/\\\/www.fecanbm.es\\\/tenerife\\\/copa-apertura\\\/#article\",\"isPartOf\":{\"@id\":\"https:\\\/\\\/www.fecanbm.es\\\/tenerife\\\/copa-apertura\\\/\"},\"author\":{\"name\":\"Prensa_Tenerife\",\"@id\":\"https:\\\/\\\/www.fecanbm.es\\\/tenerife\\\/#\\\/schema\\\/person\\\/8dc4f7faa1d1529422d09ce29bfaff34\"},\"headline\":\"Copa Apertura\",\"datePublished\":\"2020-10-29T12:09:13+00:00\",\"dateModified\":\"2025-06-16T11:30:17+00:00\",\"mainEntityOfPage\":{\"@id\":\"https:\\\/\\\/www.fecanbm.es\\\/tenerife\\\/copa-apertura\\\/\"},\"wordCount\":432,\"image\":{\"@id\":\"https:\\\/\\\/www.fecanbm.es\\\/tenerife\\\/copa-apertura\\\/#primaryimage\"},\"thumbnailUrl\":\"https:\\\/\\\/www.fecanbm.es\\\/tenerife\\\/wp-content\\\/uploads\\\/sites\\\/2\\\/2020\\\/10\\\/Realejos-CF.jpg\",\"articleSection\":[\"Noticias\",\"Portada\"],\"inLanguage\":\"es\"},{\"@type\":\"WebPage\",\"@id\":\"https:\\\/\\\/www.fecanbm.es\\\/tenerife\\\/copa-apertura\\\/\",\"url\":\"https:\\\/\\\/www.fecanbm.es\\\/tenerife\\\/copa-apertura\\\/\",\"name\":\"Copa Apertura - Federaci\u00f3n Insular de Tenerife\",\"isPartOf\":{\"@id\":\"https:\\\/\\\/www.fecanbm.es\\\/tenerife\\\/#website\"},\"primaryImageOfPage\":{\"@id\":\"https:\\\/\\\/www.fecanbm.es\\\/tenerife\\\/copa-apertura\\\/#primaryimage\"},\"image\":{\"@id\":\"https:\\\/\\\/www.fecanbm.es\\\/tenerife\\\/copa-apertura\\\/#primaryimage\"},\"thumbnailUrl\":\"https:\\\/\\\/www.fecanbm.es\\\/tenerife\\\/wp-content\\\/uploads\\\/sites\\\/2\\\/2020\\\/10\\\/Realejos-CF.jpg\",\"datePublished\":\"2020-10-29T12:09:13+00:00\",\"dateModified\":\"2025-06-16T11:30:17+00:00\",\"author\":{\"@id\":\"https:\\\/\\\/www.fecanbm.es\\\/tenerife\\\/#\\\/schema\\\/person\\\/8dc4f7faa1d1529422d09ce29bfaff34\"},\"breadcrumb\":{\"@id\":\"https:\\\/\\\/www.fecanbm.es\\\/tenerife\\\/copa-apertura\\\/#breadcrumb\"},\"inLanguage\":\"es\",\"potentialAction\":[{\"@type\":\"ReadAction\",\"target\":[\"https:\\\/\\\/www.fecanbm.es\\\/tenerife\\\/copa-apertura\\\/\"]}]},{\"@type\":\"ImageObject\",\"inLanguage\":\"es\",\"@id\":\"https:\\\/\\\/www.fecanbm.es\\\/tenerife\\\/copa-apertura\\\/#primaryimage\",\"url\":\"https:\\\/\\\/www.fecanbm.es\\\/tenerife\\\/wp-content\\\/uploads\\\/sites\\\/2\\\/2020\\\/10\\\/Realejos-CF.jpg\",\"contentUrl\":\"https:\\\/\\\/www.fecanbm.es\\\/tenerife\\\/wp-content\\\/uploads\\\/sites\\\/2\\\/2020\\\/10\\\/Realejos-CF.jpg\",\"width\":1292,\"height\":640,\"caption\":\"Copa Apertura\"},{\"@type\":\"BreadcrumbList\",\"@id\":\"https:\\\/\\\/www.fecanbm.es\\\/tenerife\\\/copa-apertura\\\/#breadcrumb\",\"itemListElement\":[{\"@type\":\"ListItem\",\"position\":1,\"name\":\"Portada\",\"item\":\"https:\\\/\\\/www.fecanbm.es\\\/tenerife\\\/\"},{\"@type\":\"ListItem\",\"position\":2,\"name\":\"Copa Apertura\"}]},{\"@type\":\"WebSite\",\"@id\":\"https:\\\/\\\/www.fecanbm.es\\\/tenerife\\\/#website\",\"url\":\"https:\\\/\\\/www.fecanbm.es\\\/tenerife\\\/\",\"name\":\"Federaci\u00f3n Insular de Tenerife\",\"description\":\"Federaci\u00f3n Insular de Tenerife\",\"potentialAction\":[{\"@type\":\"SearchAction\",\"target\":{\"@type\":\"EntryPoint\",\"urlTemplate\":\"https:\\\/\\\/www.fecanbm.es\\\/tenerife\\\/?s={search_term_string}\"},\"query-input\":{\"@type\":\"PropertyValueSpecification\",\"valueRequired\":true,\"valueName\":\"search_term_string\"}}],\"inLanguage\":\"es\"},{\"@type\":\"Person\",\"@id\":\"https:\\\/\\\/www.fecanbm.es\\\/tenerife\\\/#\\\/schema\\\/person\\\/8dc4f7faa1d1529422d09ce29bfaff34\",\"name\":\"Prensa_Tenerife\",\"image\":{\"@type\":\"ImageObject\",\"inLanguage\":\"es\",\"@id\":\"https:\\\/\\\/secure.gravatar.com\\\/avatar\\\/a2e5c44652b49873c2c48146547b9e5798ffd79e53a401add97df5a579086fed?s=96&d=mm&r=g\",\"url\":\"https:\\\/\\\/secure.gravatar.com\\\/avatar\\\/a2e5c44652b49873c2c48146547b9e5798ffd79e53a401add97df5a579086fed?s=96&d=mm&r=g\",\"contentUrl\":\"https:\\\/\\\/secure.gravatar.com\\\/avatar\\\/a2e5c44652b49873c2c48146547b9e5798ffd79e53a401add97df5a579086fed?s=96&d=mm&r=g\",\"caption\":\"Prensa_Tenerife\"},\"url\":\"https:\\\/\\\/www.fecanbm.es\\\/tenerife\\\/author\\\/ruyherodriguez\\\/\"}]}<\/script>\n<!-- \/ Yoast SEO plugin. -->","yoast_head_json":{"title":"Copa Apertura - Federaci\u00f3n Insular de Tenerife","robots":{"index":"index","follow":"follow","max-snippet":"max-snippet:-1","max-image-preview":"max-image-preview:large","max-video-preview":"max-video-preview:-1"},"canonical":"https:\/\/www.fecanbm.es\/tenerife\/copa-apertura\/","og_locale":"es_ES","og_type":"article","og_title":"Copa Apertura - Federaci\u00f3n Insular de Tenerife","og_description":"Este pasado fin de semana dio comienzo la Copa Apertura en categor\u00edas de base, donde los m\u00e1s j\u00f3venes volvieron a disfrutar de nuestro deporte despu\u00e9s de muchos meses de inactividad. CATEGOR\u00cdA INFANTIL FEMENINA Las locales del ERSM Insurance Brokers C. Balonmano Tacoronte Lecomar 13 Mayo recib\u00edan la visita del Club Balonmano Arona en un duelo [&hellip;]","og_url":"https:\/\/www.fecanbm.es\/tenerife\/copa-apertura\/","og_site_name":"Federaci\u00f3n Insular de Tenerife","article_published_time":"2020-10-29T12:09:13+00:00","article_modified_time":"2025-06-16T11:30:17+00:00","og_image":[{"width":1292,"height":640,"url":"https:\/\/www.fecanbm.es\/tenerife\/wp-content\/uploads\/sites\/2\/2020\/10\/Realejos-CF.jpg","type":"image\/jpeg"}],"author":"Prensa_Tenerife","twitter_card":"summary_large_image","twitter_misc":{"Escrito por":"Prensa_Tenerife","Tiempo de lectura":"2 minutos"},"schema":{"@context":"https:\/\/schema.org","@graph":[{"@type":"Article","@id":"https:\/\/www.fecanbm.es\/tenerife\/copa-apertura\/#article","isPartOf":{"@id":"https:\/\/www.fecanbm.es\/tenerife\/copa-apertura\/"},"author":{"name":"Prensa_Tenerife","@id":"https:\/\/www.fecanbm.es\/tenerife\/#\/schema\/person\/8dc4f7faa1d1529422d09ce29bfaff34"},"headline":"Copa Apertura","datePublished":"2020-10-29T12:09:13+00:00","dateModified":"2025-06-16T11:30:17+00:00","mainEntityOfPage":{"@id":"https:\/\/www.fecanbm.es\/tenerife\/copa-apertura\/"},"wordCount":432,"image":{"@id":"https:\/\/www.fecanbm.es\/tenerife\/copa-apertura\/#primaryimage"},"thumbnailUrl":"https:\/\/www.fecanbm.es\/tenerife\/wp-content\/uploads\/sites\/2\/2020\/10\/Realejos-CF.jpg","articleSection":["Noticias","Portada"],"inLanguage":"es"},{"@type":"WebPage","@id":"https:\/\/www.fecanbm.es\/tenerife\/copa-apertura\/","url":"https:\/\/www.fecanbm.es\/tenerife\/copa-apertura\/","name":"Copa Apertura - Federaci\u00f3n Insular de Tenerife","isPartOf":{"@id":"https:\/\/www.fecanbm.es\/tenerife\/#website"},"primaryImageOfPage":{"@id":"https:\/\/www.fecanbm.es\/tenerife\/copa-apertura\/#primaryimage"},"image":{"@id":"https:\/\/www.fecanbm.es\/tenerife\/copa-apertura\/#primaryimage"},"thumbnailUrl":"https:\/\/www.fecanbm.es\/tenerife\/wp-content\/uploads\/sites\/2\/2020\/10\/Realejos-CF.jpg","datePublished":"2020-10-29T12:09:13+00:00","dateModified":"2025-06-16T11:30:17+00:00","author":{"@id":"https:\/\/www.fecanbm.es\/tenerife\/#\/schema\/person\/8dc4f7faa1d1529422d09ce29bfaff34"},"breadcrumb":{"@id":"https:\/\/www.fecanbm.es\/tenerife\/copa-apertura\/#breadcrumb"},"inLanguage":"es","potentialAction":[{"@type":"ReadAction","target":["https:\/\/www.fecanbm.es\/tenerife\/copa-apertura\/"]}]},{"@type":"ImageObject","inLanguage":"es","@id":"https:\/\/www.fecanbm.es\/tenerife\/copa-apertura\/#primaryimage","url":"https:\/\/www.fecanbm.es\/tenerife\/wp-content\/uploads\/sites\/2\/2020\/10\/Realejos-CF.jpg","contentUrl":"https:\/\/www.fecanbm.es\/tenerife\/wp-content\/uploads\/sites\/2\/2020\/10\/Realejos-CF.jpg","width":1292,"height":640,"caption":"Copa Apertura"},{"@type":"BreadcrumbList","@id":"https:\/\/www.fecanbm.es\/tenerife\/copa-apertura\/#breadcrumb","itemListElement":[{"@type":"ListItem","position":1,"name":"Portada","item":"https:\/\/www.fecanbm.es\/tenerife\/"},{"@type":"ListItem","position":2,"name":"Copa Apertura"}]},{"@type":"WebSite","@id":"https:\/\/www.fecanbm.es\/tenerife\/#website","url":"https:\/\/www.fecanbm.es\/tenerife\/","name":"Federaci\u00f3n Insular de Tenerife","description":"Federaci\u00f3n Insular de Tenerife","potentialAction":[{"@type":"SearchAction","target":{"@type":"EntryPoint","urlTemplate":"https:\/\/www.fecanbm.es\/tenerife\/?s={search_term_string}"},"query-input":{"@type":"PropertyValueSpecification","valueRequired":true,"valueName":"search_term_string"}}],"inLanguage":"es"},{"@type":"Person","@id":"https:\/\/www.fecanbm.es\/tenerife\/#\/schema\/person\/8dc4f7faa1d1529422d09ce29bfaff34","name":"Prensa_Tenerife","image":{"@type":"ImageObject","inLanguage":"es","@id":"https:\/\/secure.gravatar.com\/avatar\/a2e5c44652b49873c2c48146547b9e5798ffd79e53a401add97df5a579086fed?s=96&d=mm&r=g","url":"https:\/\/secure.gravatar.com\/avatar\/a2e5c44652b49873c2c48146547b9e5798ffd79e53a401add97df5a579086fed?s=96&d=mm&r=g","contentUrl":"https:\/\/secure.gravatar.com\/avatar\/a2e5c44652b49873c2c48146547b9e5798ffd79e53a401add97df5a579086fed?s=96&d=mm&r=g","caption":"Prensa_Tenerife"},"url":"https:\/\/www.fecanbm.es\/tenerife\/author\/ruyherodriguez\/"}]}},"_links":{"self":[{"href":"https:\/\/www.fecanbm.es\/tenerife\/wp-json\/wp\/v2\/posts\/10915","targetHints":{"allow":["GET"]}}],"collection":[{"href":"https:\/\/www.fecanbm.es\/tenerife\/wp-json\/wp\/v2\/posts"}],"about":[{"href":"https:\/\/www.fecanbm.es\/tenerife\/wp-json\/wp\/v2\/types\/post"}],"author":[{"embeddable":true,"href":"https:\/\/www.fecanbm.es\/tenerife\/wp-json\/wp\/v2\/users\/11"}],"replies":[{"embeddable":true,"href":"https:\/\/www.fecanbm.es\/tenerife\/wp-json\/wp\/v2\/comments?post=10915"}],"version-history":[{"count":5,"href":"https:\/\/www.fecanbm.es\/tenerife\/wp-json\/wp\/v2\/posts\/10915\/revisions"}],"predecessor-version":[{"id":10923,"href":"https:\/\/www.fecanbm.es\/tenerife\/wp-json\/wp\/v2\/posts\/10915\/revisions\/10923"}],"wp:featuredmedia":[{"embeddable":true,"href":"https:\/\/www.fecanbm.es\/tenerife\/wp-json\/wp\/v2\/media\/10916"}],"wp:attachment":[{"href":"https:\/\/www.fecanbm.es\/tenerife\/wp-json\/wp\/v2\/media?parent=10915"}],"wp:term":[{"taxonomy":"category","embeddable":true,"href":"https:\/\/www.fecanbm.es\/tenerife\/wp-json\/wp\/v2\/categories?post=10915"},{"taxonomy":"post_tag","embeddable":true,"href":"https:\/\/www.fecanbm.es\/tenerife\/wp-json\/wp\/v2\/tags?post=10915"}],"curies":[{"name":"wp","href":"https:\/\/api.w.org\/{rel}","templated":true}]}}