{"id":10610,"date":"2018-03-01T00:00:00","date_gmt":"2018-03-01T00:00:00","guid":{"rendered":"https:\/\/pruebaswp.toools.es\/2018\/03\/01\/comienza-la-copa\/"},"modified":"2025-06-16T13:35:04","modified_gmt":"2025-06-16T11:35:04","slug":"comienza-la-copa","status":"publish","type":"post","link":"https:\/\/www.fecanbm.es\/tenerife\/comienza-la-copa\/","title":{"rendered":"COMIENZA LA COPA"},"content":{"rendered":"<p><img fetchpriority=\"high\" decoding=\"async\" src=\"https:\/\/fecanbm.com\/sites\/default\/files\/imagenes\/23517595_1316405881820058_8148312557998093513_n.jpg\" width=\"960\" height=\"720\" \/><\/p>\n<p>Como cada a\u00f1o, una vez que finaliza la Liga, comienza la competici\u00f3n copera. Las primeras categor\u00edas en hacerlo ser\u00e1n los equipos seniors masculinos y juveniles masculinos, en una competici\u00f3n que constar\u00e1 de un sistema de competici\u00f3n basado en una primera fase en la que se jugar\u00e1 una liga a una sola vuelta, para luego realizar cruces y disputar finales en un d\u00eda determinado.<\/p>\n<p>Tanto en categor\u00eda senior masculina como en juveniles, cuatro son los equipos que participar\u00e1n en la competici\u00f3n, <strong>Serigraf\u00eda Cucas Realejos<\/strong>, <strong>Studio 54 Balonmano Tegueste<\/strong>, <strong>Mcdonald&#8217;s Tenerife <\/strong>y <strong>CBM Perdoma<\/strong>. En la primera jornada Territorial Masculina el <strong>B the travel brand Perdoma <\/strong>recibe en el Pabell\u00f3n Celestino Hern\u00e1ndez al <strong>Studio 54 Balonmano Tegueste<\/strong> el s\u00e1bado a las 17:00 horas, mientras que el <strong>Serigraf\u00eda Cucas Realejos<\/strong> recibir\u00e1 en el Pabell\u00f3n Basilio Labrador a los filiales del <strong>Mcdonald&#8217;s Tenerife<\/strong> a las 20:00 hoas.<\/p>\n<p>Ser\u00e1 sin duda alguna una competici\u00f3n bastante interesante e igualada, donde poder seguir disfrutando de nuestro deporte una vez acabada la liga.<\/p>\n<p><img decoding=\"async\" src=\"https:\/\/fecanbm.com\/sites\/default\/files\/imagenes\/23517595_1316405881820058_8148312557998093513_n.jpg\" width=\"960\" height=\"720\" alt=\"\" \/><\/p>\n","protected":false},"excerpt":{"rendered":"<p>Como cada a\u00f1o, una vez que finaliza la Liga, comienza la competici\u00f3n copera. Las primeras categor\u00edas en hacerlo ser\u00e1n los equipos seniors masculinos y juveniles masculinos, en una competici\u00f3n que constar\u00e1 de un sistema de competici\u00f3n basado en una primera fase en la que se jugar\u00e1 una liga a una sola vuelta, para luego realizar [&hellip;]<\/p>\n","protected":false},"author":3,"featured_media":0,"comment_status":"open","ping_status":"open","sticky":false,"template":"","format":"standard","meta":{"ngg_post_thumbnail":0,"footnotes":""},"categories":[526],"tags":[],"class_list":["post-10610","post","type-post","status-publish","format-standard","hentry","category-insular-tenerife"],"yoast_head":"<!-- This site is optimized with the Yoast SEO plugin v27.5 - https:\/\/yoast.com\/product\/yoast-seo-wordpress\/ -->\n<title>COMIENZA LA COPA - Federaci\u00f3n Insular de Tenerife<\/title>\n<meta name=\"robots\" content=\"index, follow, max-snippet:-1, max-image-preview:large, max-video-preview:-1\" \/>\n<link rel=\"canonical\" href=\"https:\/\/www.fecanbm.es\/tenerife\/comienza-la-copa\/\" \/>\n<meta property=\"og:locale\" content=\"es_ES\" \/>\n<meta property=\"og:type\" content=\"article\" \/>\n<meta property=\"og:title\" content=\"COMIENZA LA COPA - Federaci\u00f3n Insular de Tenerife\" \/>\n<meta property=\"og:description\" content=\"Como cada a\u00f1o, una vez que finaliza la Liga, comienza la competici\u00f3n copera. Las primeras categor\u00edas en hacerlo ser\u00e1n los equipos seniors masculinos y juveniles masculinos, en una competici\u00f3n que constar\u00e1 de un sistema de competici\u00f3n basado en una primera fase en la que se jugar\u00e1 una liga a una sola vuelta, para luego realizar [&hellip;]\" \/>\n<meta property=\"og:url\" content=\"https:\/\/www.fecanbm.es\/tenerife\/comienza-la-copa\/\" \/>\n<meta property=\"og:site_name\" content=\"Federaci\u00f3n Insular de Tenerife\" \/>\n<meta property=\"article:published_time\" content=\"2018-03-01T00:00:00+00:00\" \/>\n<meta property=\"article:modified_time\" content=\"2025-06-16T11:35:04+00:00\" \/>\n<meta property=\"og:image\" content=\"https:\/\/fecanbm.com\/sites\/default\/files\/imagenes\/23517595_1316405881820058_8148312557998093513_n.jpg\" \/>\n<meta name=\"author\" content=\"FECANBM\" \/>\n<meta name=\"twitter:card\" content=\"summary_large_image\" \/>\n<meta name=\"twitter:label1\" content=\"Escrito por\" \/>\n\t<meta name=\"twitter:data1\" content=\"FECANBM\" \/>\n\t<meta name=\"twitter:label2\" content=\"Tiempo de lectura\" \/>\n\t<meta name=\"twitter:data2\" content=\"1 minuto\" \/>\n<script type=\"application\/ld+json\" class=\"yoast-schema-graph\">{\"@context\":\"https:\\\/\\\/schema.org\",\"@graph\":[{\"@type\":\"Article\",\"@id\":\"https:\\\/\\\/www.fecanbm.es\\\/tenerife\\\/comienza-la-copa\\\/#article\",\"isPartOf\":{\"@id\":\"https:\\\/\\\/www.fecanbm.es\\\/tenerife\\\/comienza-la-copa\\\/\"},\"author\":{\"name\":\"FECANBM\",\"@id\":\"https:\\\/\\\/www.fecanbm.es\\\/tenerife\\\/#\\\/schema\\\/person\\\/1cd2fe3c77da1ca0926bfa1ab10a0f74\"},\"headline\":\"COMIENZA LA COPA\",\"datePublished\":\"2018-03-01T00:00:00+00:00\",\"dateModified\":\"2025-06-16T11:35:04+00:00\",\"mainEntityOfPage\":{\"@id\":\"https:\\\/\\\/www.fecanbm.es\\\/tenerife\\\/comienza-la-copa\\\/\"},\"wordCount\":183,\"commentCount\":0,\"image\":{\"@id\":\"https:\\\/\\\/www.fecanbm.es\\\/tenerife\\\/comienza-la-copa\\\/#primaryimage\"},\"thumbnailUrl\":\"https:\\\/\\\/fecanbm.com\\\/sites\\\/default\\\/files\\\/imagenes\\\/23517595_1316405881820058_8148312557998093513_n.jpg\",\"articleSection\":[\"Insular Tenerife\"],\"inLanguage\":\"es\",\"potentialAction\":[{\"@type\":\"CommentAction\",\"name\":\"Comment\",\"target\":[\"https:\\\/\\\/www.fecanbm.es\\\/tenerife\\\/comienza-la-copa\\\/#respond\"]}]},{\"@type\":\"WebPage\",\"@id\":\"https:\\\/\\\/www.fecanbm.es\\\/tenerife\\\/comienza-la-copa\\\/\",\"url\":\"https:\\\/\\\/www.fecanbm.es\\\/tenerife\\\/comienza-la-copa\\\/\",\"name\":\"COMIENZA LA COPA - Federaci\u00f3n Insular de Tenerife\",\"isPartOf\":{\"@id\":\"https:\\\/\\\/www.fecanbm.es\\\/tenerife\\\/#website\"},\"primaryImageOfPage\":{\"@id\":\"https:\\\/\\\/www.fecanbm.es\\\/tenerife\\\/comienza-la-copa\\\/#primaryimage\"},\"image\":{\"@id\":\"https:\\\/\\\/www.fecanbm.es\\\/tenerife\\\/comienza-la-copa\\\/#primaryimage\"},\"thumbnailUrl\":\"https:\\\/\\\/fecanbm.com\\\/sites\\\/default\\\/files\\\/imagenes\\\/23517595_1316405881820058_8148312557998093513_n.jpg\",\"datePublished\":\"2018-03-01T00:00:00+00:00\",\"dateModified\":\"2025-06-16T11:35:04+00:00\",\"author\":{\"@id\":\"https:\\\/\\\/www.fecanbm.es\\\/tenerife\\\/#\\\/schema\\\/person\\\/1cd2fe3c77da1ca0926bfa1ab10a0f74\"},\"breadcrumb\":{\"@id\":\"https:\\\/\\\/www.fecanbm.es\\\/tenerife\\\/comienza-la-copa\\\/#breadcrumb\"},\"inLanguage\":\"es\",\"potentialAction\":[{\"@type\":\"ReadAction\",\"target\":[\"https:\\\/\\\/www.fecanbm.es\\\/tenerife\\\/comienza-la-copa\\\/\"]}]},{\"@type\":\"ImageObject\",\"inLanguage\":\"es\",\"@id\":\"https:\\\/\\\/www.fecanbm.es\\\/tenerife\\\/comienza-la-copa\\\/#primaryimage\",\"url\":\"https:\\\/\\\/fecanbm.com\\\/sites\\\/default\\\/files\\\/imagenes\\\/23517595_1316405881820058_8148312557998093513_n.jpg\",\"contentUrl\":\"https:\\\/\\\/fecanbm.com\\\/sites\\\/default\\\/files\\\/imagenes\\\/23517595_1316405881820058_8148312557998093513_n.jpg\"},{\"@type\":\"BreadcrumbList\",\"@id\":\"https:\\\/\\\/www.fecanbm.es\\\/tenerife\\\/comienza-la-copa\\\/#breadcrumb\",\"itemListElement\":[{\"@type\":\"ListItem\",\"position\":1,\"name\":\"Portada\",\"item\":\"https:\\\/\\\/www.fecanbm.es\\\/tenerife\\\/\"},{\"@type\":\"ListItem\",\"position\":2,\"name\":\"COMIENZA LA COPA\"}]},{\"@type\":\"WebSite\",\"@id\":\"https:\\\/\\\/www.fecanbm.es\\\/tenerife\\\/#website\",\"url\":\"https:\\\/\\\/www.fecanbm.es\\\/tenerife\\\/\",\"name\":\"Federaci\u00f3n Insular de Tenerife\",\"description\":\"Federaci\u00f3n Insular de Tenerife\",\"potentialAction\":[{\"@type\":\"SearchAction\",\"target\":{\"@type\":\"EntryPoint\",\"urlTemplate\":\"https:\\\/\\\/www.fecanbm.es\\\/tenerife\\\/?s={search_term_string}\"},\"query-input\":{\"@type\":\"PropertyValueSpecification\",\"valueRequired\":true,\"valueName\":\"search_term_string\"}}],\"inLanguage\":\"es\"},{\"@type\":\"Person\",\"@id\":\"https:\\\/\\\/www.fecanbm.es\\\/tenerife\\\/#\\\/schema\\\/person\\\/1cd2fe3c77da1ca0926bfa1ab10a0f74\",\"name\":\"FECANBM\",\"image\":{\"@type\":\"ImageObject\",\"inLanguage\":\"es\",\"@id\":\"https:\\\/\\\/secure.gravatar.com\\\/avatar\\\/61d22156e2a136ed6ba314b16163c810f2633ecf8857f5d456360fa2d1b34fe4?s=96&d=mm&r=g\",\"url\":\"https:\\\/\\\/secure.gravatar.com\\\/avatar\\\/61d22156e2a136ed6ba314b16163c810f2633ecf8857f5d456360fa2d1b34fe4?s=96&d=mm&r=g\",\"contentUrl\":\"https:\\\/\\\/secure.gravatar.com\\\/avatar\\\/61d22156e2a136ed6ba314b16163c810f2633ecf8857f5d456360fa2d1b34fe4?s=96&d=mm&r=g\",\"caption\":\"FECANBM\"},\"sameAs\":[\"tooolssl\"],\"url\":\"https:\\\/\\\/www.fecanbm.es\\\/tenerife\\\/author\\\/fecanbm\\\/\"}]}<\/script>\n<!-- \/ Yoast SEO plugin. -->","yoast_head_json":{"title":"COMIENZA LA COPA - Federaci\u00f3n Insular de Tenerife","robots":{"index":"index","follow":"follow","max-snippet":"max-snippet:-1","max-image-preview":"max-image-preview:large","max-video-preview":"max-video-preview:-1"},"canonical":"https:\/\/www.fecanbm.es\/tenerife\/comienza-la-copa\/","og_locale":"es_ES","og_type":"article","og_title":"COMIENZA LA COPA - Federaci\u00f3n Insular de Tenerife","og_description":"Como cada a\u00f1o, una vez que finaliza la Liga, comienza la competici\u00f3n copera. Las primeras categor\u00edas en hacerlo ser\u00e1n los equipos seniors masculinos y juveniles masculinos, en una competici\u00f3n que constar\u00e1 de un sistema de competici\u00f3n basado en una primera fase en la que se jugar\u00e1 una liga a una sola vuelta, para luego realizar [&hellip;]","og_url":"https:\/\/www.fecanbm.es\/tenerife\/comienza-la-copa\/","og_site_name":"Federaci\u00f3n Insular de Tenerife","article_published_time":"2018-03-01T00:00:00+00:00","article_modified_time":"2025-06-16T11:35:04+00:00","og_image":[{"url":"https:\/\/fecanbm.com\/sites\/default\/files\/imagenes\/23517595_1316405881820058_8148312557998093513_n.jpg","type":"","width":"","height":""}],"author":"FECANBM","twitter_card":"summary_large_image","twitter_misc":{"Escrito por":"FECANBM","Tiempo de lectura":"1 minuto"},"schema":{"@context":"https:\/\/schema.org","@graph":[{"@type":"Article","@id":"https:\/\/www.fecanbm.es\/tenerife\/comienza-la-copa\/#article","isPartOf":{"@id":"https:\/\/www.fecanbm.es\/tenerife\/comienza-la-copa\/"},"author":{"name":"FECANBM","@id":"https:\/\/www.fecanbm.es\/tenerife\/#\/schema\/person\/1cd2fe3c77da1ca0926bfa1ab10a0f74"},"headline":"COMIENZA LA COPA","datePublished":"2018-03-01T00:00:00+00:00","dateModified":"2025-06-16T11:35:04+00:00","mainEntityOfPage":{"@id":"https:\/\/www.fecanbm.es\/tenerife\/comienza-la-copa\/"},"wordCount":183,"commentCount":0,"image":{"@id":"https:\/\/www.fecanbm.es\/tenerife\/comienza-la-copa\/#primaryimage"},"thumbnailUrl":"https:\/\/fecanbm.com\/sites\/default\/files\/imagenes\/23517595_1316405881820058_8148312557998093513_n.jpg","articleSection":["Insular Tenerife"],"inLanguage":"es","potentialAction":[{"@type":"CommentAction","name":"Comment","target":["https:\/\/www.fecanbm.es\/tenerife\/comienza-la-copa\/#respond"]}]},{"@type":"WebPage","@id":"https:\/\/www.fecanbm.es\/tenerife\/comienza-la-copa\/","url":"https:\/\/www.fecanbm.es\/tenerife\/comienza-la-copa\/","name":"COMIENZA LA COPA - Federaci\u00f3n Insular de Tenerife","isPartOf":{"@id":"https:\/\/www.fecanbm.es\/tenerife\/#website"},"primaryImageOfPage":{"@id":"https:\/\/www.fecanbm.es\/tenerife\/comienza-la-copa\/#primaryimage"},"image":{"@id":"https:\/\/www.fecanbm.es\/tenerife\/comienza-la-copa\/#primaryimage"},"thumbnailUrl":"https:\/\/fecanbm.com\/sites\/default\/files\/imagenes\/23517595_1316405881820058_8148312557998093513_n.jpg","datePublished":"2018-03-01T00:00:00+00:00","dateModified":"2025-06-16T11:35:04+00:00","author":{"@id":"https:\/\/www.fecanbm.es\/tenerife\/#\/schema\/person\/1cd2fe3c77da1ca0926bfa1ab10a0f74"},"breadcrumb":{"@id":"https:\/\/www.fecanbm.es\/tenerife\/comienza-la-copa\/#breadcrumb"},"inLanguage":"es","potentialAction":[{"@type":"ReadAction","target":["https:\/\/www.fecanbm.es\/tenerife\/comienza-la-copa\/"]}]},{"@type":"ImageObject","inLanguage":"es","@id":"https:\/\/www.fecanbm.es\/tenerife\/comienza-la-copa\/#primaryimage","url":"https:\/\/fecanbm.com\/sites\/default\/files\/imagenes\/23517595_1316405881820058_8148312557998093513_n.jpg","contentUrl":"https:\/\/fecanbm.com\/sites\/default\/files\/imagenes\/23517595_1316405881820058_8148312557998093513_n.jpg"},{"@type":"BreadcrumbList","@id":"https:\/\/www.fecanbm.es\/tenerife\/comienza-la-copa\/#breadcrumb","itemListElement":[{"@type":"ListItem","position":1,"name":"Portada","item":"https:\/\/www.fecanbm.es\/tenerife\/"},{"@type":"ListItem","position":2,"name":"COMIENZA LA COPA"}]},{"@type":"WebSite","@id":"https:\/\/www.fecanbm.es\/tenerife\/#website","url":"https:\/\/www.fecanbm.es\/tenerife\/","name":"Federaci\u00f3n Insular de Tenerife","description":"Federaci\u00f3n Insular de Tenerife","potentialAction":[{"@type":"SearchAction","target":{"@type":"EntryPoint","urlTemplate":"https:\/\/www.fecanbm.es\/tenerife\/?s={search_term_string}"},"query-input":{"@type":"PropertyValueSpecification","valueRequired":true,"valueName":"search_term_string"}}],"inLanguage":"es"},{"@type":"Person","@id":"https:\/\/www.fecanbm.es\/tenerife\/#\/schema\/person\/1cd2fe3c77da1ca0926bfa1ab10a0f74","name":"FECANBM","image":{"@type":"ImageObject","inLanguage":"es","@id":"https:\/\/secure.gravatar.com\/avatar\/61d22156e2a136ed6ba314b16163c810f2633ecf8857f5d456360fa2d1b34fe4?s=96&d=mm&r=g","url":"https:\/\/secure.gravatar.com\/avatar\/61d22156e2a136ed6ba314b16163c810f2633ecf8857f5d456360fa2d1b34fe4?s=96&d=mm&r=g","contentUrl":"https:\/\/secure.gravatar.com\/avatar\/61d22156e2a136ed6ba314b16163c810f2633ecf8857f5d456360fa2d1b34fe4?s=96&d=mm&r=g","caption":"FECANBM"},"sameAs":["tooolssl"],"url":"https:\/\/www.fecanbm.es\/tenerife\/author\/fecanbm\/"}]}},"_links":{"self":[{"href":"https:\/\/www.fecanbm.es\/tenerife\/wp-json\/wp\/v2\/posts\/10610","targetHints":{"allow":["GET"]}}],"collection":[{"href":"https:\/\/www.fecanbm.es\/tenerife\/wp-json\/wp\/v2\/posts"}],"about":[{"href":"https:\/\/www.fecanbm.es\/tenerife\/wp-json\/wp\/v2\/types\/post"}],"author":[{"embeddable":true,"href":"https:\/\/www.fecanbm.es\/tenerife\/wp-json\/wp\/v2\/users\/3"}],"replies":[{"embeddable":true,"href":"https:\/\/www.fecanbm.es\/tenerife\/wp-json\/wp\/v2\/comments?post=10610"}],"version-history":[{"count":1,"href":"https:\/\/www.fecanbm.es\/tenerife\/wp-json\/wp\/v2\/posts\/10610\/revisions"}],"predecessor-version":[{"id":12173,"href":"https:\/\/www.fecanbm.es\/tenerife\/wp-json\/wp\/v2\/posts\/10610\/revisions\/12173"}],"wp:attachment":[{"href":"https:\/\/www.fecanbm.es\/tenerife\/wp-json\/wp\/v2\/media?parent=10610"}],"wp:term":[{"taxonomy":"category","embeddable":true,"href":"https:\/\/www.fecanbm.es\/tenerife\/wp-json\/wp\/v2\/categories?post=10610"},{"taxonomy":"post_tag","embeddable":true,"href":"https:\/\/www.fecanbm.es\/tenerife\/wp-json\/wp\/v2\/tags?post=10610"}],"curies":[{"name":"wp","href":"https:\/\/api.w.org\/{rel}","templated":true}]}}