{"id":10506,"date":"2018-05-11T00:00:00","date_gmt":"2018-05-11T00:00:00","guid":{"rendered":"https:\/\/pruebaswp.toools.es\/2018\/05\/11\/finales-de-copa-cabildo-de-tenerife\/"},"modified":"2025-06-16T13:34:31","modified_gmt":"2025-06-16T11:34:31","slug":"finales-de-copa-cabildo-de-tenerife","status":"publish","type":"post","link":"https:\/\/www.fecanbm.es\/tenerife\/finales-de-copa-cabildo-de-tenerife\/","title":{"rendered":"FINALES DE COPA CABILDO DE TENERIFE"},"content":{"rendered":"<p><img fetchpriority=\"high\" decoding=\"async\" src=\"https:\/\/fecanbm.com\/sites\/default\/files\/imagenes\/whatsapp_image_2018-02-10_at_21.10.40.jpeg\" width=\"1024\" height=\"683\" \/><\/p>\n<p>Este pr\u00f3ximo s\u00e1bado 12 de Mayo lleg\u00e1 la fiesta del Balonmano Base en la isla con la disputa de las finales de Copa Cabildo de Tenerife en las instalaciones del IES Ichasagua y Pabell\u00f3n Los Cristianos en el sur de la isla, donde a la finalizaci\u00f3n de los encuentros se har\u00e1 entrega de los trofeos tanto del torneo copero como de la Liga Cabildo de Tenerife.<\/p>\n<p>La categor\u00eda masculina disputar\u00e1 los encuentros en el IES Ichasagua, con un primer choque entre <strong>Club Balonmano Arona<\/strong> y <strong>Mcdonald&#8217;s Tenerife<\/strong> a partir de las 09:30. Dos equipos que han demostrado una enorme progresi\u00f3n y que a buen seguro nos deleitar\u00e1n con un gran partido, al igual que a partir de las 10:30 horas, donde nuestros dos representantes en los pasados Campeonatos de Canarias, <strong>Balonmano Arona<\/strong> y <strong>Serigraf\u00eda Cucas Realejos<\/strong> volver\u00e1n a verse las caras despu\u00e9s de la victoria de los norte\u00f1os en la lucha por el bronce a nivel regional. Para finalizar, a las 11:45 entrar\u00e1n en escena el campe\u00f3n y subcampe\u00f3n a nivel insular, <strong>Serigraf\u00eda Cucas Realejos<\/strong> y <strong>Balonmano Tejina <\/strong>en categor\u00eda cadete, donde los laguneros intentar\u00e1n dar la sorpresa y hacerse con el \u00faltimo trofeo oficial en juego.<\/p>\n<p>En el Pabell\u00f3n de Los Cristianos tendr\u00e1n lugar las finales en categor\u00eda femenina. A las 10:00 los equipos del <strong>Balommano Arona<\/strong> y <strong>Serigraf\u00eda Cucas Realejos<\/strong> en alevines abrir\u00e1n la competici\u00f3n, donde las norte\u00f1as se presentan como las favoritas. Una hora m\u00e1s tarde, a las 11:00, mismos rivales en infantiles, aunque en este caso las sure\u00f1as, campeonas de liga, son las que llegan como favoritas aunque en el \u00faltimo enfrentamiento entre ellas, las norte\u00f1as lograron empatar a 18. El \u00faltimo choque tambi\u00e9n tendr\u00e1 como protagonista a las chicas del <strong>Balonmano Arona<\/strong>, campeonas de liga, que tendr\u00e1n como rival al <strong>Arepera La Carajita Perdoma<\/strong>, subcampe\u00f3n de liga y que vuelve a tener la oportunidad de poder doblegar a un equipo al que por ahora no ha logrado vencer.<\/p>\n<p>Cierre de campa\u00f1a oficial para disfrutar y ver en acci\u00f3n de nuevo al futuro de nuestro balonmano.<\/p>\n<p><img decoding=\"async\" src=\"https:\/\/fecanbm.com\/sites\/default\/files\/imagenes\/whatsapp_image_2018-02-10_at_21.10.40.jpeg\" width=\"1024\" height=\"683\" alt=\"\" \/><\/p>\n","protected":false},"excerpt":{"rendered":"<p>Este pr\u00f3ximo s\u00e1bado 12 de Mayo lleg\u00e1 la fiesta del Balonmano Base en la isla con la disputa de las finales de Copa Cabildo de Tenerife en las instalaciones del IES Ichasagua y Pabell\u00f3n Los Cristianos en el sur de la isla, donde a la finalizaci\u00f3n de los encuentros se har\u00e1 entrega de los trofeos [&hellip;]<\/p>\n","protected":false},"author":3,"featured_media":0,"comment_status":"open","ping_status":"open","sticky":false,"template":"","format":"standard","meta":{"ngg_post_thumbnail":0,"footnotes":""},"categories":[526],"tags":[],"class_list":["post-10506","post","type-post","status-publish","format-standard","hentry","category-insular-tenerife"],"yoast_head":"<!-- This site is optimized with the Yoast SEO plugin v27.5 - https:\/\/yoast.com\/product\/yoast-seo-wordpress\/ -->\n<title>FINALES DE COPA CABILDO DE TENERIFE - Federaci\u00f3n Insular de Tenerife<\/title>\n<meta name=\"robots\" content=\"index, follow, max-snippet:-1, max-image-preview:large, max-video-preview:-1\" \/>\n<link rel=\"canonical\" href=\"https:\/\/www.fecanbm.es\/tenerife\/finales-de-copa-cabildo-de-tenerife\/\" \/>\n<meta property=\"og:locale\" content=\"es_ES\" \/>\n<meta property=\"og:type\" content=\"article\" \/>\n<meta property=\"og:title\" content=\"FINALES DE COPA CABILDO DE TENERIFE - Federaci\u00f3n Insular de Tenerife\" \/>\n<meta property=\"og:description\" content=\"Este pr\u00f3ximo s\u00e1bado 12 de Mayo lleg\u00e1 la fiesta del Balonmano Base en la isla con la disputa de las finales de Copa Cabildo de Tenerife en las instalaciones del IES Ichasagua y Pabell\u00f3n Los Cristianos en el sur de la isla, donde a la finalizaci\u00f3n de los encuentros se har\u00e1 entrega de los trofeos [&hellip;]\" \/>\n<meta property=\"og:url\" content=\"https:\/\/www.fecanbm.es\/tenerife\/finales-de-copa-cabildo-de-tenerife\/\" \/>\n<meta property=\"og:site_name\" content=\"Federaci\u00f3n Insular de Tenerife\" \/>\n<meta property=\"article:published_time\" content=\"2018-05-11T00:00:00+00:00\" \/>\n<meta property=\"article:modified_time\" content=\"2025-06-16T11:34:31+00:00\" \/>\n<meta property=\"og:image\" content=\"https:\/\/fecanbm.com\/sites\/default\/files\/imagenes\/whatsapp_image_2018-02-10_at_21.10.40.jpeg\" \/>\n<meta name=\"author\" content=\"FECANBM\" \/>\n<meta name=\"twitter:card\" content=\"summary_large_image\" \/>\n<meta name=\"twitter:label1\" content=\"Escrito por\" \/>\n\t<meta name=\"twitter:data1\" content=\"FECANBM\" \/>\n\t<meta name=\"twitter:label2\" content=\"Tiempo de lectura\" \/>\n\t<meta name=\"twitter:data2\" content=\"2 minutos\" \/>\n<script type=\"application\/ld+json\" class=\"yoast-schema-graph\">{\"@context\":\"https:\\\/\\\/schema.org\",\"@graph\":[{\"@type\":\"Article\",\"@id\":\"https:\\\/\\\/www.fecanbm.es\\\/tenerife\\\/finales-de-copa-cabildo-de-tenerife\\\/#article\",\"isPartOf\":{\"@id\":\"https:\\\/\\\/www.fecanbm.es\\\/tenerife\\\/finales-de-copa-cabildo-de-tenerife\\\/\"},\"author\":{\"name\":\"FECANBM\",\"@id\":\"https:\\\/\\\/www.fecanbm.es\\\/tenerife\\\/#\\\/schema\\\/person\\\/1cd2fe3c77da1ca0926bfa1ab10a0f74\"},\"headline\":\"FINALES DE COPA CABILDO DE TENERIFE\",\"datePublished\":\"2018-05-11T00:00:00+00:00\",\"dateModified\":\"2025-06-16T11:34:31+00:00\",\"mainEntityOfPage\":{\"@id\":\"https:\\\/\\\/www.fecanbm.es\\\/tenerife\\\/finales-de-copa-cabildo-de-tenerife\\\/\"},\"wordCount\":372,\"commentCount\":0,\"image\":{\"@id\":\"https:\\\/\\\/www.fecanbm.es\\\/tenerife\\\/finales-de-copa-cabildo-de-tenerife\\\/#primaryimage\"},\"thumbnailUrl\":\"https:\\\/\\\/fecanbm.com\\\/sites\\\/default\\\/files\\\/imagenes\\\/whatsapp_image_2018-02-10_at_21.10.40.jpeg\",\"articleSection\":[\"Insular Tenerife\"],\"inLanguage\":\"es\",\"potentialAction\":[{\"@type\":\"CommentAction\",\"name\":\"Comment\",\"target\":[\"https:\\\/\\\/www.fecanbm.es\\\/tenerife\\\/finales-de-copa-cabildo-de-tenerife\\\/#respond\"]}]},{\"@type\":\"WebPage\",\"@id\":\"https:\\\/\\\/www.fecanbm.es\\\/tenerife\\\/finales-de-copa-cabildo-de-tenerife\\\/\",\"url\":\"https:\\\/\\\/www.fecanbm.es\\\/tenerife\\\/finales-de-copa-cabildo-de-tenerife\\\/\",\"name\":\"FINALES DE COPA CABILDO DE TENERIFE - Federaci\u00f3n Insular de Tenerife\",\"isPartOf\":{\"@id\":\"https:\\\/\\\/www.fecanbm.es\\\/tenerife\\\/#website\"},\"primaryImageOfPage\":{\"@id\":\"https:\\\/\\\/www.fecanbm.es\\\/tenerife\\\/finales-de-copa-cabildo-de-tenerife\\\/#primaryimage\"},\"image\":{\"@id\":\"https:\\\/\\\/www.fecanbm.es\\\/tenerife\\\/finales-de-copa-cabildo-de-tenerife\\\/#primaryimage\"},\"thumbnailUrl\":\"https:\\\/\\\/fecanbm.com\\\/sites\\\/default\\\/files\\\/imagenes\\\/whatsapp_image_2018-02-10_at_21.10.40.jpeg\",\"datePublished\":\"2018-05-11T00:00:00+00:00\",\"dateModified\":\"2025-06-16T11:34:31+00:00\",\"author\":{\"@id\":\"https:\\\/\\\/www.fecanbm.es\\\/tenerife\\\/#\\\/schema\\\/person\\\/1cd2fe3c77da1ca0926bfa1ab10a0f74\"},\"breadcrumb\":{\"@id\":\"https:\\\/\\\/www.fecanbm.es\\\/tenerife\\\/finales-de-copa-cabildo-de-tenerife\\\/#breadcrumb\"},\"inLanguage\":\"es\",\"potentialAction\":[{\"@type\":\"ReadAction\",\"target\":[\"https:\\\/\\\/www.fecanbm.es\\\/tenerife\\\/finales-de-copa-cabildo-de-tenerife\\\/\"]}]},{\"@type\":\"ImageObject\",\"inLanguage\":\"es\",\"@id\":\"https:\\\/\\\/www.fecanbm.es\\\/tenerife\\\/finales-de-copa-cabildo-de-tenerife\\\/#primaryimage\",\"url\":\"https:\\\/\\\/fecanbm.com\\\/sites\\\/default\\\/files\\\/imagenes\\\/whatsapp_image_2018-02-10_at_21.10.40.jpeg\",\"contentUrl\":\"https:\\\/\\\/fecanbm.com\\\/sites\\\/default\\\/files\\\/imagenes\\\/whatsapp_image_2018-02-10_at_21.10.40.jpeg\"},{\"@type\":\"BreadcrumbList\",\"@id\":\"https:\\\/\\\/www.fecanbm.es\\\/tenerife\\\/finales-de-copa-cabildo-de-tenerife\\\/#breadcrumb\",\"itemListElement\":[{\"@type\":\"ListItem\",\"position\":1,\"name\":\"Portada\",\"item\":\"https:\\\/\\\/www.fecanbm.es\\\/tenerife\\\/\"},{\"@type\":\"ListItem\",\"position\":2,\"name\":\"FINALES DE COPA CABILDO DE TENERIFE\"}]},{\"@type\":\"WebSite\",\"@id\":\"https:\\\/\\\/www.fecanbm.es\\\/tenerife\\\/#website\",\"url\":\"https:\\\/\\\/www.fecanbm.es\\\/tenerife\\\/\",\"name\":\"Federaci\u00f3n Insular de Tenerife\",\"description\":\"Federaci\u00f3n Insular de Tenerife\",\"potentialAction\":[{\"@type\":\"SearchAction\",\"target\":{\"@type\":\"EntryPoint\",\"urlTemplate\":\"https:\\\/\\\/www.fecanbm.es\\\/tenerife\\\/?s={search_term_string}\"},\"query-input\":{\"@type\":\"PropertyValueSpecification\",\"valueRequired\":true,\"valueName\":\"search_term_string\"}}],\"inLanguage\":\"es\"},{\"@type\":\"Person\",\"@id\":\"https:\\\/\\\/www.fecanbm.es\\\/tenerife\\\/#\\\/schema\\\/person\\\/1cd2fe3c77da1ca0926bfa1ab10a0f74\",\"name\":\"FECANBM\",\"image\":{\"@type\":\"ImageObject\",\"inLanguage\":\"es\",\"@id\":\"https:\\\/\\\/secure.gravatar.com\\\/avatar\\\/61d22156e2a136ed6ba314b16163c810f2633ecf8857f5d456360fa2d1b34fe4?s=96&d=mm&r=g\",\"url\":\"https:\\\/\\\/secure.gravatar.com\\\/avatar\\\/61d22156e2a136ed6ba314b16163c810f2633ecf8857f5d456360fa2d1b34fe4?s=96&d=mm&r=g\",\"contentUrl\":\"https:\\\/\\\/secure.gravatar.com\\\/avatar\\\/61d22156e2a136ed6ba314b16163c810f2633ecf8857f5d456360fa2d1b34fe4?s=96&d=mm&r=g\",\"caption\":\"FECANBM\"},\"sameAs\":[\"tooolssl\"],\"url\":\"https:\\\/\\\/www.fecanbm.es\\\/tenerife\\\/author\\\/fecanbm\\\/\"}]}<\/script>\n<!-- \/ Yoast SEO plugin. -->","yoast_head_json":{"title":"FINALES DE COPA CABILDO DE TENERIFE - Federaci\u00f3n Insular de Tenerife","robots":{"index":"index","follow":"follow","max-snippet":"max-snippet:-1","max-image-preview":"max-image-preview:large","max-video-preview":"max-video-preview:-1"},"canonical":"https:\/\/www.fecanbm.es\/tenerife\/finales-de-copa-cabildo-de-tenerife\/","og_locale":"es_ES","og_type":"article","og_title":"FINALES DE COPA CABILDO DE TENERIFE - Federaci\u00f3n Insular de Tenerife","og_description":"Este pr\u00f3ximo s\u00e1bado 12 de Mayo lleg\u00e1 la fiesta del Balonmano Base en la isla con la disputa de las finales de Copa Cabildo de Tenerife en las instalaciones del IES Ichasagua y Pabell\u00f3n Los Cristianos en el sur de la isla, donde a la finalizaci\u00f3n de los encuentros se har\u00e1 entrega de los trofeos [&hellip;]","og_url":"https:\/\/www.fecanbm.es\/tenerife\/finales-de-copa-cabildo-de-tenerife\/","og_site_name":"Federaci\u00f3n Insular de Tenerife","article_published_time":"2018-05-11T00:00:00+00:00","article_modified_time":"2025-06-16T11:34:31+00:00","og_image":[{"url":"https:\/\/fecanbm.com\/sites\/default\/files\/imagenes\/whatsapp_image_2018-02-10_at_21.10.40.jpeg","type":"","width":"","height":""}],"author":"FECANBM","twitter_card":"summary_large_image","twitter_misc":{"Escrito por":"FECANBM","Tiempo de lectura":"2 minutos"},"schema":{"@context":"https:\/\/schema.org","@graph":[{"@type":"Article","@id":"https:\/\/www.fecanbm.es\/tenerife\/finales-de-copa-cabildo-de-tenerife\/#article","isPartOf":{"@id":"https:\/\/www.fecanbm.es\/tenerife\/finales-de-copa-cabildo-de-tenerife\/"},"author":{"name":"FECANBM","@id":"https:\/\/www.fecanbm.es\/tenerife\/#\/schema\/person\/1cd2fe3c77da1ca0926bfa1ab10a0f74"},"headline":"FINALES DE COPA CABILDO DE TENERIFE","datePublished":"2018-05-11T00:00:00+00:00","dateModified":"2025-06-16T11:34:31+00:00","mainEntityOfPage":{"@id":"https:\/\/www.fecanbm.es\/tenerife\/finales-de-copa-cabildo-de-tenerife\/"},"wordCount":372,"commentCount":0,"image":{"@id":"https:\/\/www.fecanbm.es\/tenerife\/finales-de-copa-cabildo-de-tenerife\/#primaryimage"},"thumbnailUrl":"https:\/\/fecanbm.com\/sites\/default\/files\/imagenes\/whatsapp_image_2018-02-10_at_21.10.40.jpeg","articleSection":["Insular Tenerife"],"inLanguage":"es","potentialAction":[{"@type":"CommentAction","name":"Comment","target":["https:\/\/www.fecanbm.es\/tenerife\/finales-de-copa-cabildo-de-tenerife\/#respond"]}]},{"@type":"WebPage","@id":"https:\/\/www.fecanbm.es\/tenerife\/finales-de-copa-cabildo-de-tenerife\/","url":"https:\/\/www.fecanbm.es\/tenerife\/finales-de-copa-cabildo-de-tenerife\/","name":"FINALES DE COPA CABILDO DE TENERIFE - Federaci\u00f3n Insular de Tenerife","isPartOf":{"@id":"https:\/\/www.fecanbm.es\/tenerife\/#website"},"primaryImageOfPage":{"@id":"https:\/\/www.fecanbm.es\/tenerife\/finales-de-copa-cabildo-de-tenerife\/#primaryimage"},"image":{"@id":"https:\/\/www.fecanbm.es\/tenerife\/finales-de-copa-cabildo-de-tenerife\/#primaryimage"},"thumbnailUrl":"https:\/\/fecanbm.com\/sites\/default\/files\/imagenes\/whatsapp_image_2018-02-10_at_21.10.40.jpeg","datePublished":"2018-05-11T00:00:00+00:00","dateModified":"2025-06-16T11:34:31+00:00","author":{"@id":"https:\/\/www.fecanbm.es\/tenerife\/#\/schema\/person\/1cd2fe3c77da1ca0926bfa1ab10a0f74"},"breadcrumb":{"@id":"https:\/\/www.fecanbm.es\/tenerife\/finales-de-copa-cabildo-de-tenerife\/#breadcrumb"},"inLanguage":"es","potentialAction":[{"@type":"ReadAction","target":["https:\/\/www.fecanbm.es\/tenerife\/finales-de-copa-cabildo-de-tenerife\/"]}]},{"@type":"ImageObject","inLanguage":"es","@id":"https:\/\/www.fecanbm.es\/tenerife\/finales-de-copa-cabildo-de-tenerife\/#primaryimage","url":"https:\/\/fecanbm.com\/sites\/default\/files\/imagenes\/whatsapp_image_2018-02-10_at_21.10.40.jpeg","contentUrl":"https:\/\/fecanbm.com\/sites\/default\/files\/imagenes\/whatsapp_image_2018-02-10_at_21.10.40.jpeg"},{"@type":"BreadcrumbList","@id":"https:\/\/www.fecanbm.es\/tenerife\/finales-de-copa-cabildo-de-tenerife\/#breadcrumb","itemListElement":[{"@type":"ListItem","position":1,"name":"Portada","item":"https:\/\/www.fecanbm.es\/tenerife\/"},{"@type":"ListItem","position":2,"name":"FINALES DE COPA CABILDO DE TENERIFE"}]},{"@type":"WebSite","@id":"https:\/\/www.fecanbm.es\/tenerife\/#website","url":"https:\/\/www.fecanbm.es\/tenerife\/","name":"Federaci\u00f3n Insular de Tenerife","description":"Federaci\u00f3n Insular de Tenerife","potentialAction":[{"@type":"SearchAction","target":{"@type":"EntryPoint","urlTemplate":"https:\/\/www.fecanbm.es\/tenerife\/?s={search_term_string}"},"query-input":{"@type":"PropertyValueSpecification","valueRequired":true,"valueName":"search_term_string"}}],"inLanguage":"es"},{"@type":"Person","@id":"https:\/\/www.fecanbm.es\/tenerife\/#\/schema\/person\/1cd2fe3c77da1ca0926bfa1ab10a0f74","name":"FECANBM","image":{"@type":"ImageObject","inLanguage":"es","@id":"https:\/\/secure.gravatar.com\/avatar\/61d22156e2a136ed6ba314b16163c810f2633ecf8857f5d456360fa2d1b34fe4?s=96&d=mm&r=g","url":"https:\/\/secure.gravatar.com\/avatar\/61d22156e2a136ed6ba314b16163c810f2633ecf8857f5d456360fa2d1b34fe4?s=96&d=mm&r=g","contentUrl":"https:\/\/secure.gravatar.com\/avatar\/61d22156e2a136ed6ba314b16163c810f2633ecf8857f5d456360fa2d1b34fe4?s=96&d=mm&r=g","caption":"FECANBM"},"sameAs":["tooolssl"],"url":"https:\/\/www.fecanbm.es\/tenerife\/author\/fecanbm\/"}]}},"_links":{"self":[{"href":"https:\/\/www.fecanbm.es\/tenerife\/wp-json\/wp\/v2\/posts\/10506","targetHints":{"allow":["GET"]}}],"collection":[{"href":"https:\/\/www.fecanbm.es\/tenerife\/wp-json\/wp\/v2\/posts"}],"about":[{"href":"https:\/\/www.fecanbm.es\/tenerife\/wp-json\/wp\/v2\/types\/post"}],"author":[{"embeddable":true,"href":"https:\/\/www.fecanbm.es\/tenerife\/wp-json\/wp\/v2\/users\/3"}],"replies":[{"embeddable":true,"href":"https:\/\/www.fecanbm.es\/tenerife\/wp-json\/wp\/v2\/comments?post=10506"}],"version-history":[{"count":1,"href":"https:\/\/www.fecanbm.es\/tenerife\/wp-json\/wp\/v2\/posts\/10506\/revisions"}],"predecessor-version":[{"id":12167,"href":"https:\/\/www.fecanbm.es\/tenerife\/wp-json\/wp\/v2\/posts\/10506\/revisions\/12167"}],"wp:attachment":[{"href":"https:\/\/www.fecanbm.es\/tenerife\/wp-json\/wp\/v2\/media?parent=10506"}],"wp:term":[{"taxonomy":"category","embeddable":true,"href":"https:\/\/www.fecanbm.es\/tenerife\/wp-json\/wp\/v2\/categories?post=10506"},{"taxonomy":"post_tag","embeddable":true,"href":"https:\/\/www.fecanbm.es\/tenerife\/wp-json\/wp\/v2\/tags?post=10506"}],"curies":[{"name":"wp","href":"https:\/\/api.w.org\/{rel}","templated":true}]}}