{"id":10422,"date":"2018-08-25T00:00:00","date_gmt":"2018-08-25T00:00:00","guid":{"rendered":"https:\/\/pruebaswp.toools.es\/2018\/08\/25\/torneo-de-san-gines\/"},"modified":"2025-06-16T13:34:07","modified_gmt":"2025-06-16T11:34:07","slug":"torneo-de-san-gines","status":"publish","type":"post","link":"https:\/\/www.fecanbm.es\/tenerife\/torneo-de-san-gines\/","title":{"rendered":"TORNEO DE SAN GIN\u00c9S"},"content":{"rendered":"<p><img fetchpriority=\"high\" decoding=\"async\" src=\"https:\/\/fecanbm.com\/sites\/default\/files\/imagenes\/tejina_primera_nacional.jpg\" width=\"960\" height=\"720\" \/><\/p>\n<p><strong><em>Fotograf\u00eda: Lanzarote Deportiva<\/em><\/strong><\/p>\n<p>Buena imagen ofrecida por el joven equipo de Manuel Galv\u00e1n, que se enfrentaba en Lanzarote, con motivo del Torneo de San Gin\u00e9s 2018, ante uno de los equipos que estar\u00e1 luchando por estar en los puestos altos de la tabla en una nueva temporada de Primera Nacional Masculina.<\/p>\n<p>Un choque t\u00edpico de pretemporada donde los erorres tanto t\u00e9cnicos como defensivos eran una constante. Ambos equipos mostraban una gran eficiencia en ataque durante los primeros minutos, no siendo as\u00ed en defensa, con numuerosos errores, propiciando que el parcial en la primera parte fuera alto (19-14) favorable a los de Jordi Lluelles.<\/p>\n<p>En la segunda parte bajo la intensidad en ambos conjuntos y el partido perdi\u00f3 calidad, pero a\u00fan as\u00ed, el equipo lagunero no cej\u00f3 en su empe\u00f1o y a punto estuvo de lograr la remontanda, situ\u00e1ndose en el ecuador de la reanudaci\u00f3n a tan solo dos tantos 23-21. Pero en eso, la mayor intensidad defensiva local hizo acto de precensia y las opciones de los ti\u00f1erfe\u00f1os se apagaron, lleg\u00e1ndose a la conclusi\u00f3n del choque con victoria para los del barrio de Titerroy por 32-28.<\/p>\n<p>Pese a no conseguir la victoria, hay que destacar la buena imagen ofrecida por un equipo practicamente nuevo, con muchos jugadores sin experiencia a nivel nacional. J\u00f3venes como Jorge Gorr\u00edn y Vidal Espinosa dieron la talla y a poco que se vayan integrando al juego del equipo el resto de jugadores que a\u00fan no han podido comenzar, el nivel estar\u00e1 a la altura propicia con que poder llevar a cabo el principal objetivo, que no es otro que salvar la categor\u00eda, sin renunciar nunca a cotas mayores.<\/p>\n<p>Hoy s\u00e1bado 25 segundo partido de pretemporada ante el Gran Canaria Villa de Ingenio con motivo de la segunda joranda del Torneo de San Gin\u00e9s.<\/p>\n<p><img decoding=\"async\" src=\"https:\/\/fecanbm.com\/sites\/default\/files\/imagenes\/tejina_primera_nacional.jpg\" width=\"960\" height=\"720\" alt=\"\" \/><\/p>\n","protected":false},"excerpt":{"rendered":"<p>Fotograf\u00eda: Lanzarote Deportiva Buena imagen ofrecida por el joven equipo de Manuel Galv\u00e1n, que se enfrentaba en Lanzarote, con motivo del Torneo de San Gin\u00e9s 2018, ante uno de los equipos que estar\u00e1 luchando por estar en los puestos altos de la tabla en una nueva temporada de Primera Nacional Masculina. Un choque t\u00edpico de [&hellip;]<\/p>\n","protected":false},"author":3,"featured_media":0,"comment_status":"open","ping_status":"open","sticky":false,"template":"","format":"standard","meta":{"ngg_post_thumbnail":0,"footnotes":""},"categories":[526],"tags":[],"class_list":["post-10422","post","type-post","status-publish","format-standard","hentry","category-insular-tenerife"],"yoast_head":"<!-- This site is optimized with the Yoast SEO plugin v27.5 - https:\/\/yoast.com\/product\/yoast-seo-wordpress\/ -->\n<title>TORNEO DE SAN GIN\u00c9S - Federaci\u00f3n Insular de Tenerife<\/title>\n<meta name=\"robots\" content=\"index, follow, max-snippet:-1, max-image-preview:large, max-video-preview:-1\" \/>\n<link rel=\"canonical\" href=\"https:\/\/www.fecanbm.es\/tenerife\/torneo-de-san-gines\/\" \/>\n<meta property=\"og:locale\" content=\"es_ES\" \/>\n<meta property=\"og:type\" content=\"article\" \/>\n<meta property=\"og:title\" content=\"TORNEO DE SAN GIN\u00c9S - Federaci\u00f3n Insular de Tenerife\" \/>\n<meta property=\"og:description\" content=\"Fotograf\u00eda: Lanzarote Deportiva Buena imagen ofrecida por el joven equipo de Manuel Galv\u00e1n, que se enfrentaba en Lanzarote, con motivo del Torneo de San Gin\u00e9s 2018, ante uno de los equipos que estar\u00e1 luchando por estar en los puestos altos de la tabla en una nueva temporada de Primera Nacional Masculina. Un choque t\u00edpico de [&hellip;]\" \/>\n<meta property=\"og:url\" content=\"https:\/\/www.fecanbm.es\/tenerife\/torneo-de-san-gines\/\" \/>\n<meta property=\"og:site_name\" content=\"Federaci\u00f3n Insular de Tenerife\" \/>\n<meta property=\"article:published_time\" content=\"2018-08-25T00:00:00+00:00\" \/>\n<meta property=\"article:modified_time\" content=\"2025-06-16T11:34:07+00:00\" \/>\n<meta property=\"og:image\" content=\"https:\/\/fecanbm.com\/sites\/default\/files\/imagenes\/tejina_primera_nacional.jpg\" \/>\n<meta name=\"author\" content=\"FECANBM\" \/>\n<meta name=\"twitter:card\" content=\"summary_large_image\" \/>\n<meta name=\"twitter:label1\" content=\"Escrito por\" \/>\n\t<meta name=\"twitter:data1\" content=\"FECANBM\" \/>\n\t<meta name=\"twitter:label2\" content=\"Tiempo de lectura\" \/>\n\t<meta name=\"twitter:data2\" content=\"2 minutos\" \/>\n<script type=\"application\/ld+json\" class=\"yoast-schema-graph\">{\"@context\":\"https:\\\/\\\/schema.org\",\"@graph\":[{\"@type\":\"Article\",\"@id\":\"https:\\\/\\\/www.fecanbm.es\\\/tenerife\\\/torneo-de-san-gines\\\/#article\",\"isPartOf\":{\"@id\":\"https:\\\/\\\/www.fecanbm.es\\\/tenerife\\\/torneo-de-san-gines\\\/\"},\"author\":{\"name\":\"FECANBM\",\"@id\":\"https:\\\/\\\/www.fecanbm.es\\\/tenerife\\\/#\\\/schema\\\/person\\\/1cd2fe3c77da1ca0926bfa1ab10a0f74\"},\"headline\":\"TORNEO DE SAN GIN\u00c9S\",\"datePublished\":\"2018-08-25T00:00:00+00:00\",\"dateModified\":\"2025-06-16T11:34:07+00:00\",\"mainEntityOfPage\":{\"@id\":\"https:\\\/\\\/www.fecanbm.es\\\/tenerife\\\/torneo-de-san-gines\\\/\"},\"wordCount\":320,\"commentCount\":0,\"image\":{\"@id\":\"https:\\\/\\\/www.fecanbm.es\\\/tenerife\\\/torneo-de-san-gines\\\/#primaryimage\"},\"thumbnailUrl\":\"https:\\\/\\\/fecanbm.com\\\/sites\\\/default\\\/files\\\/imagenes\\\/tejina_primera_nacional.jpg\",\"articleSection\":[\"Insular Tenerife\"],\"inLanguage\":\"es\",\"potentialAction\":[{\"@type\":\"CommentAction\",\"name\":\"Comment\",\"target\":[\"https:\\\/\\\/www.fecanbm.es\\\/tenerife\\\/torneo-de-san-gines\\\/#respond\"]}]},{\"@type\":\"WebPage\",\"@id\":\"https:\\\/\\\/www.fecanbm.es\\\/tenerife\\\/torneo-de-san-gines\\\/\",\"url\":\"https:\\\/\\\/www.fecanbm.es\\\/tenerife\\\/torneo-de-san-gines\\\/\",\"name\":\"TORNEO DE SAN GIN\u00c9S - Federaci\u00f3n Insular de Tenerife\",\"isPartOf\":{\"@id\":\"https:\\\/\\\/www.fecanbm.es\\\/tenerife\\\/#website\"},\"primaryImageOfPage\":{\"@id\":\"https:\\\/\\\/www.fecanbm.es\\\/tenerife\\\/torneo-de-san-gines\\\/#primaryimage\"},\"image\":{\"@id\":\"https:\\\/\\\/www.fecanbm.es\\\/tenerife\\\/torneo-de-san-gines\\\/#primaryimage\"},\"thumbnailUrl\":\"https:\\\/\\\/fecanbm.com\\\/sites\\\/default\\\/files\\\/imagenes\\\/tejina_primera_nacional.jpg\",\"datePublished\":\"2018-08-25T00:00:00+00:00\",\"dateModified\":\"2025-06-16T11:34:07+00:00\",\"author\":{\"@id\":\"https:\\\/\\\/www.fecanbm.es\\\/tenerife\\\/#\\\/schema\\\/person\\\/1cd2fe3c77da1ca0926bfa1ab10a0f74\"},\"breadcrumb\":{\"@id\":\"https:\\\/\\\/www.fecanbm.es\\\/tenerife\\\/torneo-de-san-gines\\\/#breadcrumb\"},\"inLanguage\":\"es\",\"potentialAction\":[{\"@type\":\"ReadAction\",\"target\":[\"https:\\\/\\\/www.fecanbm.es\\\/tenerife\\\/torneo-de-san-gines\\\/\"]}]},{\"@type\":\"ImageObject\",\"inLanguage\":\"es\",\"@id\":\"https:\\\/\\\/www.fecanbm.es\\\/tenerife\\\/torneo-de-san-gines\\\/#primaryimage\",\"url\":\"https:\\\/\\\/fecanbm.com\\\/sites\\\/default\\\/files\\\/imagenes\\\/tejina_primera_nacional.jpg\",\"contentUrl\":\"https:\\\/\\\/fecanbm.com\\\/sites\\\/default\\\/files\\\/imagenes\\\/tejina_primera_nacional.jpg\"},{\"@type\":\"BreadcrumbList\",\"@id\":\"https:\\\/\\\/www.fecanbm.es\\\/tenerife\\\/torneo-de-san-gines\\\/#breadcrumb\",\"itemListElement\":[{\"@type\":\"ListItem\",\"position\":1,\"name\":\"Portada\",\"item\":\"https:\\\/\\\/www.fecanbm.es\\\/tenerife\\\/\"},{\"@type\":\"ListItem\",\"position\":2,\"name\":\"TORNEO DE SAN GIN\u00c9S\"}]},{\"@type\":\"WebSite\",\"@id\":\"https:\\\/\\\/www.fecanbm.es\\\/tenerife\\\/#website\",\"url\":\"https:\\\/\\\/www.fecanbm.es\\\/tenerife\\\/\",\"name\":\"Federaci\u00f3n Insular de Tenerife\",\"description\":\"Federaci\u00f3n Insular de Tenerife\",\"potentialAction\":[{\"@type\":\"SearchAction\",\"target\":{\"@type\":\"EntryPoint\",\"urlTemplate\":\"https:\\\/\\\/www.fecanbm.es\\\/tenerife\\\/?s={search_term_string}\"},\"query-input\":{\"@type\":\"PropertyValueSpecification\",\"valueRequired\":true,\"valueName\":\"search_term_string\"}}],\"inLanguage\":\"es\"},{\"@type\":\"Person\",\"@id\":\"https:\\\/\\\/www.fecanbm.es\\\/tenerife\\\/#\\\/schema\\\/person\\\/1cd2fe3c77da1ca0926bfa1ab10a0f74\",\"name\":\"FECANBM\",\"image\":{\"@type\":\"ImageObject\",\"inLanguage\":\"es\",\"@id\":\"https:\\\/\\\/secure.gravatar.com\\\/avatar\\\/61d22156e2a136ed6ba314b16163c810f2633ecf8857f5d456360fa2d1b34fe4?s=96&d=mm&r=g\",\"url\":\"https:\\\/\\\/secure.gravatar.com\\\/avatar\\\/61d22156e2a136ed6ba314b16163c810f2633ecf8857f5d456360fa2d1b34fe4?s=96&d=mm&r=g\",\"contentUrl\":\"https:\\\/\\\/secure.gravatar.com\\\/avatar\\\/61d22156e2a136ed6ba314b16163c810f2633ecf8857f5d456360fa2d1b34fe4?s=96&d=mm&r=g\",\"caption\":\"FECANBM\"},\"sameAs\":[\"tooolssl\"],\"url\":\"https:\\\/\\\/www.fecanbm.es\\\/tenerife\\\/author\\\/fecanbm\\\/\"}]}<\/script>\n<!-- \/ Yoast SEO plugin. -->","yoast_head_json":{"title":"TORNEO DE SAN GIN\u00c9S - Federaci\u00f3n Insular de Tenerife","robots":{"index":"index","follow":"follow","max-snippet":"max-snippet:-1","max-image-preview":"max-image-preview:large","max-video-preview":"max-video-preview:-1"},"canonical":"https:\/\/www.fecanbm.es\/tenerife\/torneo-de-san-gines\/","og_locale":"es_ES","og_type":"article","og_title":"TORNEO DE SAN GIN\u00c9S - Federaci\u00f3n Insular de Tenerife","og_description":"Fotograf\u00eda: Lanzarote Deportiva Buena imagen ofrecida por el joven equipo de Manuel Galv\u00e1n, que se enfrentaba en Lanzarote, con motivo del Torneo de San Gin\u00e9s 2018, ante uno de los equipos que estar\u00e1 luchando por estar en los puestos altos de la tabla en una nueva temporada de Primera Nacional Masculina. Un choque t\u00edpico de [&hellip;]","og_url":"https:\/\/www.fecanbm.es\/tenerife\/torneo-de-san-gines\/","og_site_name":"Federaci\u00f3n Insular de Tenerife","article_published_time":"2018-08-25T00:00:00+00:00","article_modified_time":"2025-06-16T11:34:07+00:00","og_image":[{"url":"https:\/\/fecanbm.com\/sites\/default\/files\/imagenes\/tejina_primera_nacional.jpg","type":"","width":"","height":""}],"author":"FECANBM","twitter_card":"summary_large_image","twitter_misc":{"Escrito por":"FECANBM","Tiempo de lectura":"2 minutos"},"schema":{"@context":"https:\/\/schema.org","@graph":[{"@type":"Article","@id":"https:\/\/www.fecanbm.es\/tenerife\/torneo-de-san-gines\/#article","isPartOf":{"@id":"https:\/\/www.fecanbm.es\/tenerife\/torneo-de-san-gines\/"},"author":{"name":"FECANBM","@id":"https:\/\/www.fecanbm.es\/tenerife\/#\/schema\/person\/1cd2fe3c77da1ca0926bfa1ab10a0f74"},"headline":"TORNEO DE SAN GIN\u00c9S","datePublished":"2018-08-25T00:00:00+00:00","dateModified":"2025-06-16T11:34:07+00:00","mainEntityOfPage":{"@id":"https:\/\/www.fecanbm.es\/tenerife\/torneo-de-san-gines\/"},"wordCount":320,"commentCount":0,"image":{"@id":"https:\/\/www.fecanbm.es\/tenerife\/torneo-de-san-gines\/#primaryimage"},"thumbnailUrl":"https:\/\/fecanbm.com\/sites\/default\/files\/imagenes\/tejina_primera_nacional.jpg","articleSection":["Insular Tenerife"],"inLanguage":"es","potentialAction":[{"@type":"CommentAction","name":"Comment","target":["https:\/\/www.fecanbm.es\/tenerife\/torneo-de-san-gines\/#respond"]}]},{"@type":"WebPage","@id":"https:\/\/www.fecanbm.es\/tenerife\/torneo-de-san-gines\/","url":"https:\/\/www.fecanbm.es\/tenerife\/torneo-de-san-gines\/","name":"TORNEO DE SAN GIN\u00c9S - Federaci\u00f3n Insular de Tenerife","isPartOf":{"@id":"https:\/\/www.fecanbm.es\/tenerife\/#website"},"primaryImageOfPage":{"@id":"https:\/\/www.fecanbm.es\/tenerife\/torneo-de-san-gines\/#primaryimage"},"image":{"@id":"https:\/\/www.fecanbm.es\/tenerife\/torneo-de-san-gines\/#primaryimage"},"thumbnailUrl":"https:\/\/fecanbm.com\/sites\/default\/files\/imagenes\/tejina_primera_nacional.jpg","datePublished":"2018-08-25T00:00:00+00:00","dateModified":"2025-06-16T11:34:07+00:00","author":{"@id":"https:\/\/www.fecanbm.es\/tenerife\/#\/schema\/person\/1cd2fe3c77da1ca0926bfa1ab10a0f74"},"breadcrumb":{"@id":"https:\/\/www.fecanbm.es\/tenerife\/torneo-de-san-gines\/#breadcrumb"},"inLanguage":"es","potentialAction":[{"@type":"ReadAction","target":["https:\/\/www.fecanbm.es\/tenerife\/torneo-de-san-gines\/"]}]},{"@type":"ImageObject","inLanguage":"es","@id":"https:\/\/www.fecanbm.es\/tenerife\/torneo-de-san-gines\/#primaryimage","url":"https:\/\/fecanbm.com\/sites\/default\/files\/imagenes\/tejina_primera_nacional.jpg","contentUrl":"https:\/\/fecanbm.com\/sites\/default\/files\/imagenes\/tejina_primera_nacional.jpg"},{"@type":"BreadcrumbList","@id":"https:\/\/www.fecanbm.es\/tenerife\/torneo-de-san-gines\/#breadcrumb","itemListElement":[{"@type":"ListItem","position":1,"name":"Portada","item":"https:\/\/www.fecanbm.es\/tenerife\/"},{"@type":"ListItem","position":2,"name":"TORNEO DE SAN GIN\u00c9S"}]},{"@type":"WebSite","@id":"https:\/\/www.fecanbm.es\/tenerife\/#website","url":"https:\/\/www.fecanbm.es\/tenerife\/","name":"Federaci\u00f3n Insular de Tenerife","description":"Federaci\u00f3n Insular de Tenerife","potentialAction":[{"@type":"SearchAction","target":{"@type":"EntryPoint","urlTemplate":"https:\/\/www.fecanbm.es\/tenerife\/?s={search_term_string}"},"query-input":{"@type":"PropertyValueSpecification","valueRequired":true,"valueName":"search_term_string"}}],"inLanguage":"es"},{"@type":"Person","@id":"https:\/\/www.fecanbm.es\/tenerife\/#\/schema\/person\/1cd2fe3c77da1ca0926bfa1ab10a0f74","name":"FECANBM","image":{"@type":"ImageObject","inLanguage":"es","@id":"https:\/\/secure.gravatar.com\/avatar\/61d22156e2a136ed6ba314b16163c810f2633ecf8857f5d456360fa2d1b34fe4?s=96&d=mm&r=g","url":"https:\/\/secure.gravatar.com\/avatar\/61d22156e2a136ed6ba314b16163c810f2633ecf8857f5d456360fa2d1b34fe4?s=96&d=mm&r=g","contentUrl":"https:\/\/secure.gravatar.com\/avatar\/61d22156e2a136ed6ba314b16163c810f2633ecf8857f5d456360fa2d1b34fe4?s=96&d=mm&r=g","caption":"FECANBM"},"sameAs":["tooolssl"],"url":"https:\/\/www.fecanbm.es\/tenerife\/author\/fecanbm\/"}]}},"_links":{"self":[{"href":"https:\/\/www.fecanbm.es\/tenerife\/wp-json\/wp\/v2\/posts\/10422","targetHints":{"allow":["GET"]}}],"collection":[{"href":"https:\/\/www.fecanbm.es\/tenerife\/wp-json\/wp\/v2\/posts"}],"about":[{"href":"https:\/\/www.fecanbm.es\/tenerife\/wp-json\/wp\/v2\/types\/post"}],"author":[{"embeddable":true,"href":"https:\/\/www.fecanbm.es\/tenerife\/wp-json\/wp\/v2\/users\/3"}],"replies":[{"embeddable":true,"href":"https:\/\/www.fecanbm.es\/tenerife\/wp-json\/wp\/v2\/comments?post=10422"}],"version-history":[{"count":1,"href":"https:\/\/www.fecanbm.es\/tenerife\/wp-json\/wp\/v2\/posts\/10422\/revisions"}],"predecessor-version":[{"id":12162,"href":"https:\/\/www.fecanbm.es\/tenerife\/wp-json\/wp\/v2\/posts\/10422\/revisions\/12162"}],"wp:attachment":[{"href":"https:\/\/www.fecanbm.es\/tenerife\/wp-json\/wp\/v2\/media?parent=10422"}],"wp:term":[{"taxonomy":"category","embeddable":true,"href":"https:\/\/www.fecanbm.es\/tenerife\/wp-json\/wp\/v2\/categories?post=10422"},{"taxonomy":"post_tag","embeddable":true,"href":"https:\/\/www.fecanbm.es\/tenerife\/wp-json\/wp\/v2\/tags?post=10422"}],"curies":[{"name":"wp","href":"https:\/\/api.w.org\/{rel}","templated":true}]}}