{"id":10303,"date":"2018-10-25T00:00:00","date_gmt":"2018-10-25T00:00:00","guid":{"rendered":"https:\/\/pruebaswp.toools.es\/2018\/11\/09\/concentraciones-selecciones-canarias\/"},"modified":"2025-06-16T13:33:33","modified_gmt":"2025-06-16T11:33:33","slug":"concentraciones-selecciones-canarias","status":"publish","type":"post","link":"https:\/\/www.fecanbm.es\/tenerife\/concentraciones-selecciones-canarias\/","title":{"rendered":"CONCENTRACIONES SELECCIONES CANARIAS"},"content":{"rendered":"<p><img fetchpriority=\"high\" decoding=\"async\" src=\"https:\/\/fecanbm.com\/sites\/default\/files\/imagenes\/33313933_252862748593920_8677797004262244352_n.jpg\" width=\"960\" height=\"720\" \/><\/p>\n<p>Dentro del programa de la Direcci\u00f3n T\u00e9cnica de la Federaci\u00f3n Canaria, la fecha del 28 de Octubre es la destinada para que los seleccionadores canarios trabajen en nuestra isla en varias concentraciones y as\u00ed poder conformar los distintos grupos que a partir del mes de Enero compitan en los Campeonatos de Espa\u00f1a de Comunidades Aut\u00f3nomas que este a\u00f1o tendr\u00e1 lugar en Valladolid.<\/p>\n<p>En el Pabell\u00f3n Celestino Hern\u00e1ndez de La Perdoma, entrenar\u00e1n de la mano de Ruyman Herrera las jugadoras infantiles, de 10:00 a 11:30 horas, mientras que de 16:30 a 18:00 lo har\u00e1n los chicos infantiles, dirigidos por Pep Vives y Santiago Garc\u00eda del Castillo. En ambos casos, la convocatoria es libre, pudiendo asistir todo aquel jugador\/a que cada club considere oportuno.<\/p>\n<p>El otro escenario de las concentraciones ser\u00e1 el IES Antonio Gonz\u00e1lez de Tejina, donde a partir de las 16:30 y hasta las 18:00 entrenaran los jugadores juveniles, de la mano de Miguel Angel Curbelo. Este ser\u00e1 el \u00fanico grupo donde se har\u00e1 una lista ya predeterminada y que se publicar\u00e1 en breve. A continuaci\u00f3n, lo har\u00e1n los cadetes masculinos dirigidos por Oscar Pacheco, de 18:00 a 19:30.<\/p>\n<p>Desde la federaci\u00f3n insular invitamos a todos a participar y les deseamos much\u00edsima suerte a todos.<\/p>\n<p><img decoding=\"async\" src=\"https:\/\/fecanbm.com\/sites\/default\/files\/imagenes\/33313933_252862748593920_8677797004262244352_n.jpg\" width=\"960\" height=\"720\" alt=\"\" \/><\/p>\n","protected":false},"excerpt":{"rendered":"<p>Dentro del programa de la Direcci\u00f3n T\u00e9cnica de la Federaci\u00f3n Canaria, la fecha del 28 de Octubre es la destinada para que los seleccionadores canarios trabajen en nuestra isla en varias concentraciones y as\u00ed poder conformar los distintos grupos que a partir del mes de Enero compitan en los Campeonatos de Espa\u00f1a de Comunidades Aut\u00f3nomas [&hellip;]<\/p>\n","protected":false},"author":3,"featured_media":0,"comment_status":"open","ping_status":"open","sticky":false,"template":"","format":"standard","meta":{"ngg_post_thumbnail":0,"footnotes":""},"categories":[526],"tags":[],"class_list":["post-10303","post","type-post","status-publish","format-standard","hentry","category-insular-tenerife"],"yoast_head":"<!-- This site is optimized with the Yoast SEO plugin v27.5 - https:\/\/yoast.com\/product\/yoast-seo-wordpress\/ -->\n<title>CONCENTRACIONES SELECCIONES CANARIAS - Federaci\u00f3n Insular de Tenerife<\/title>\n<meta name=\"robots\" content=\"index, follow, max-snippet:-1, max-image-preview:large, max-video-preview:-1\" \/>\n<link rel=\"canonical\" href=\"https:\/\/www.fecanbm.es\/tenerife\/concentraciones-selecciones-canarias\/\" \/>\n<meta property=\"og:locale\" content=\"es_ES\" \/>\n<meta property=\"og:type\" content=\"article\" \/>\n<meta property=\"og:title\" content=\"CONCENTRACIONES SELECCIONES CANARIAS - Federaci\u00f3n Insular de Tenerife\" \/>\n<meta property=\"og:description\" content=\"Dentro del programa de la Direcci\u00f3n T\u00e9cnica de la Federaci\u00f3n Canaria, la fecha del 28 de Octubre es la destinada para que los seleccionadores canarios trabajen en nuestra isla en varias concentraciones y as\u00ed poder conformar los distintos grupos que a partir del mes de Enero compitan en los Campeonatos de Espa\u00f1a de Comunidades Aut\u00f3nomas [&hellip;]\" \/>\n<meta property=\"og:url\" content=\"https:\/\/www.fecanbm.es\/tenerife\/concentraciones-selecciones-canarias\/\" \/>\n<meta property=\"og:site_name\" content=\"Federaci\u00f3n Insular de Tenerife\" \/>\n<meta property=\"article:published_time\" content=\"2018-10-25T00:00:00+00:00\" \/>\n<meta property=\"article:modified_time\" content=\"2025-06-16T11:33:33+00:00\" \/>\n<meta property=\"og:image\" content=\"https:\/\/fecanbm.com\/sites\/default\/files\/imagenes\/33313933_252862748593920_8677797004262244352_n.jpg\" \/>\n<meta name=\"author\" content=\"FECANBM\" \/>\n<meta name=\"twitter:card\" content=\"summary_large_image\" \/>\n<meta name=\"twitter:label1\" content=\"Escrito por\" \/>\n\t<meta name=\"twitter:data1\" content=\"FECANBM\" \/>\n\t<meta name=\"twitter:label2\" content=\"Tiempo de lectura\" \/>\n\t<meta name=\"twitter:data2\" content=\"1 minuto\" \/>\n<script type=\"application\/ld+json\" class=\"yoast-schema-graph\">{\"@context\":\"https:\\\/\\\/schema.org\",\"@graph\":[{\"@type\":\"Article\",\"@id\":\"https:\\\/\\\/www.fecanbm.es\\\/tenerife\\\/concentraciones-selecciones-canarias\\\/#article\",\"isPartOf\":{\"@id\":\"https:\\\/\\\/www.fecanbm.es\\\/tenerife\\\/concentraciones-selecciones-canarias\\\/\"},\"author\":{\"name\":\"FECANBM\",\"@id\":\"https:\\\/\\\/www.fecanbm.es\\\/tenerife\\\/#\\\/schema\\\/person\\\/1cd2fe3c77da1ca0926bfa1ab10a0f74\"},\"headline\":\"CONCENTRACIONES SELECCIONES CANARIAS\",\"datePublished\":\"2018-10-25T00:00:00+00:00\",\"dateModified\":\"2025-06-16T11:33:33+00:00\",\"mainEntityOfPage\":{\"@id\":\"https:\\\/\\\/www.fecanbm.es\\\/tenerife\\\/concentraciones-selecciones-canarias\\\/\"},\"wordCount\":216,\"commentCount\":0,\"image\":{\"@id\":\"https:\\\/\\\/www.fecanbm.es\\\/tenerife\\\/concentraciones-selecciones-canarias\\\/#primaryimage\"},\"thumbnailUrl\":\"https:\\\/\\\/fecanbm.com\\\/sites\\\/default\\\/files\\\/imagenes\\\/33313933_252862748593920_8677797004262244352_n.jpg\",\"articleSection\":[\"Insular Tenerife\"],\"inLanguage\":\"es\",\"potentialAction\":[{\"@type\":\"CommentAction\",\"name\":\"Comment\",\"target\":[\"https:\\\/\\\/www.fecanbm.es\\\/tenerife\\\/concentraciones-selecciones-canarias\\\/#respond\"]}]},{\"@type\":\"WebPage\",\"@id\":\"https:\\\/\\\/www.fecanbm.es\\\/tenerife\\\/concentraciones-selecciones-canarias\\\/\",\"url\":\"https:\\\/\\\/www.fecanbm.es\\\/tenerife\\\/concentraciones-selecciones-canarias\\\/\",\"name\":\"CONCENTRACIONES SELECCIONES CANARIAS - Federaci\u00f3n Insular de Tenerife\",\"isPartOf\":{\"@id\":\"https:\\\/\\\/www.fecanbm.es\\\/tenerife\\\/#website\"},\"primaryImageOfPage\":{\"@id\":\"https:\\\/\\\/www.fecanbm.es\\\/tenerife\\\/concentraciones-selecciones-canarias\\\/#primaryimage\"},\"image\":{\"@id\":\"https:\\\/\\\/www.fecanbm.es\\\/tenerife\\\/concentraciones-selecciones-canarias\\\/#primaryimage\"},\"thumbnailUrl\":\"https:\\\/\\\/fecanbm.com\\\/sites\\\/default\\\/files\\\/imagenes\\\/33313933_252862748593920_8677797004262244352_n.jpg\",\"datePublished\":\"2018-10-25T00:00:00+00:00\",\"dateModified\":\"2025-06-16T11:33:33+00:00\",\"author\":{\"@id\":\"https:\\\/\\\/www.fecanbm.es\\\/tenerife\\\/#\\\/schema\\\/person\\\/1cd2fe3c77da1ca0926bfa1ab10a0f74\"},\"breadcrumb\":{\"@id\":\"https:\\\/\\\/www.fecanbm.es\\\/tenerife\\\/concentraciones-selecciones-canarias\\\/#breadcrumb\"},\"inLanguage\":\"es\",\"potentialAction\":[{\"@type\":\"ReadAction\",\"target\":[\"https:\\\/\\\/www.fecanbm.es\\\/tenerife\\\/concentraciones-selecciones-canarias\\\/\"]}]},{\"@type\":\"ImageObject\",\"inLanguage\":\"es\",\"@id\":\"https:\\\/\\\/www.fecanbm.es\\\/tenerife\\\/concentraciones-selecciones-canarias\\\/#primaryimage\",\"url\":\"https:\\\/\\\/fecanbm.com\\\/sites\\\/default\\\/files\\\/imagenes\\\/33313933_252862748593920_8677797004262244352_n.jpg\",\"contentUrl\":\"https:\\\/\\\/fecanbm.com\\\/sites\\\/default\\\/files\\\/imagenes\\\/33313933_252862748593920_8677797004262244352_n.jpg\"},{\"@type\":\"BreadcrumbList\",\"@id\":\"https:\\\/\\\/www.fecanbm.es\\\/tenerife\\\/concentraciones-selecciones-canarias\\\/#breadcrumb\",\"itemListElement\":[{\"@type\":\"ListItem\",\"position\":1,\"name\":\"Portada\",\"item\":\"https:\\\/\\\/www.fecanbm.es\\\/tenerife\\\/\"},{\"@type\":\"ListItem\",\"position\":2,\"name\":\"CONCENTRACIONES SELECCIONES CANARIAS\"}]},{\"@type\":\"WebSite\",\"@id\":\"https:\\\/\\\/www.fecanbm.es\\\/tenerife\\\/#website\",\"url\":\"https:\\\/\\\/www.fecanbm.es\\\/tenerife\\\/\",\"name\":\"Federaci\u00f3n Insular de Tenerife\",\"description\":\"Federaci\u00f3n Insular de Tenerife\",\"potentialAction\":[{\"@type\":\"SearchAction\",\"target\":{\"@type\":\"EntryPoint\",\"urlTemplate\":\"https:\\\/\\\/www.fecanbm.es\\\/tenerife\\\/?s={search_term_string}\"},\"query-input\":{\"@type\":\"PropertyValueSpecification\",\"valueRequired\":true,\"valueName\":\"search_term_string\"}}],\"inLanguage\":\"es\"},{\"@type\":\"Person\",\"@id\":\"https:\\\/\\\/www.fecanbm.es\\\/tenerife\\\/#\\\/schema\\\/person\\\/1cd2fe3c77da1ca0926bfa1ab10a0f74\",\"name\":\"FECANBM\",\"image\":{\"@type\":\"ImageObject\",\"inLanguage\":\"es\",\"@id\":\"https:\\\/\\\/secure.gravatar.com\\\/avatar\\\/61d22156e2a136ed6ba314b16163c810f2633ecf8857f5d456360fa2d1b34fe4?s=96&d=mm&r=g\",\"url\":\"https:\\\/\\\/secure.gravatar.com\\\/avatar\\\/61d22156e2a136ed6ba314b16163c810f2633ecf8857f5d456360fa2d1b34fe4?s=96&d=mm&r=g\",\"contentUrl\":\"https:\\\/\\\/secure.gravatar.com\\\/avatar\\\/61d22156e2a136ed6ba314b16163c810f2633ecf8857f5d456360fa2d1b34fe4?s=96&d=mm&r=g\",\"caption\":\"FECANBM\"},\"sameAs\":[\"tooolssl\"],\"url\":\"https:\\\/\\\/www.fecanbm.es\\\/tenerife\\\/author\\\/fecanbm\\\/\"}]}<\/script>\n<!-- \/ Yoast SEO plugin. -->","yoast_head_json":{"title":"CONCENTRACIONES SELECCIONES CANARIAS - Federaci\u00f3n Insular de Tenerife","robots":{"index":"index","follow":"follow","max-snippet":"max-snippet:-1","max-image-preview":"max-image-preview:large","max-video-preview":"max-video-preview:-1"},"canonical":"https:\/\/www.fecanbm.es\/tenerife\/concentraciones-selecciones-canarias\/","og_locale":"es_ES","og_type":"article","og_title":"CONCENTRACIONES SELECCIONES CANARIAS - Federaci\u00f3n Insular de Tenerife","og_description":"Dentro del programa de la Direcci\u00f3n T\u00e9cnica de la Federaci\u00f3n Canaria, la fecha del 28 de Octubre es la destinada para que los seleccionadores canarios trabajen en nuestra isla en varias concentraciones y as\u00ed poder conformar los distintos grupos que a partir del mes de Enero compitan en los Campeonatos de Espa\u00f1a de Comunidades Aut\u00f3nomas [&hellip;]","og_url":"https:\/\/www.fecanbm.es\/tenerife\/concentraciones-selecciones-canarias\/","og_site_name":"Federaci\u00f3n Insular de Tenerife","article_published_time":"2018-10-25T00:00:00+00:00","article_modified_time":"2025-06-16T11:33:33+00:00","og_image":[{"url":"https:\/\/fecanbm.com\/sites\/default\/files\/imagenes\/33313933_252862748593920_8677797004262244352_n.jpg","type":"","width":"","height":""}],"author":"FECANBM","twitter_card":"summary_large_image","twitter_misc":{"Escrito por":"FECANBM","Tiempo de lectura":"1 minuto"},"schema":{"@context":"https:\/\/schema.org","@graph":[{"@type":"Article","@id":"https:\/\/www.fecanbm.es\/tenerife\/concentraciones-selecciones-canarias\/#article","isPartOf":{"@id":"https:\/\/www.fecanbm.es\/tenerife\/concentraciones-selecciones-canarias\/"},"author":{"name":"FECANBM","@id":"https:\/\/www.fecanbm.es\/tenerife\/#\/schema\/person\/1cd2fe3c77da1ca0926bfa1ab10a0f74"},"headline":"CONCENTRACIONES SELECCIONES CANARIAS","datePublished":"2018-10-25T00:00:00+00:00","dateModified":"2025-06-16T11:33:33+00:00","mainEntityOfPage":{"@id":"https:\/\/www.fecanbm.es\/tenerife\/concentraciones-selecciones-canarias\/"},"wordCount":216,"commentCount":0,"image":{"@id":"https:\/\/www.fecanbm.es\/tenerife\/concentraciones-selecciones-canarias\/#primaryimage"},"thumbnailUrl":"https:\/\/fecanbm.com\/sites\/default\/files\/imagenes\/33313933_252862748593920_8677797004262244352_n.jpg","articleSection":["Insular Tenerife"],"inLanguage":"es","potentialAction":[{"@type":"CommentAction","name":"Comment","target":["https:\/\/www.fecanbm.es\/tenerife\/concentraciones-selecciones-canarias\/#respond"]}]},{"@type":"WebPage","@id":"https:\/\/www.fecanbm.es\/tenerife\/concentraciones-selecciones-canarias\/","url":"https:\/\/www.fecanbm.es\/tenerife\/concentraciones-selecciones-canarias\/","name":"CONCENTRACIONES SELECCIONES CANARIAS - Federaci\u00f3n Insular de Tenerife","isPartOf":{"@id":"https:\/\/www.fecanbm.es\/tenerife\/#website"},"primaryImageOfPage":{"@id":"https:\/\/www.fecanbm.es\/tenerife\/concentraciones-selecciones-canarias\/#primaryimage"},"image":{"@id":"https:\/\/www.fecanbm.es\/tenerife\/concentraciones-selecciones-canarias\/#primaryimage"},"thumbnailUrl":"https:\/\/fecanbm.com\/sites\/default\/files\/imagenes\/33313933_252862748593920_8677797004262244352_n.jpg","datePublished":"2018-10-25T00:00:00+00:00","dateModified":"2025-06-16T11:33:33+00:00","author":{"@id":"https:\/\/www.fecanbm.es\/tenerife\/#\/schema\/person\/1cd2fe3c77da1ca0926bfa1ab10a0f74"},"breadcrumb":{"@id":"https:\/\/www.fecanbm.es\/tenerife\/concentraciones-selecciones-canarias\/#breadcrumb"},"inLanguage":"es","potentialAction":[{"@type":"ReadAction","target":["https:\/\/www.fecanbm.es\/tenerife\/concentraciones-selecciones-canarias\/"]}]},{"@type":"ImageObject","inLanguage":"es","@id":"https:\/\/www.fecanbm.es\/tenerife\/concentraciones-selecciones-canarias\/#primaryimage","url":"https:\/\/fecanbm.com\/sites\/default\/files\/imagenes\/33313933_252862748593920_8677797004262244352_n.jpg","contentUrl":"https:\/\/fecanbm.com\/sites\/default\/files\/imagenes\/33313933_252862748593920_8677797004262244352_n.jpg"},{"@type":"BreadcrumbList","@id":"https:\/\/www.fecanbm.es\/tenerife\/concentraciones-selecciones-canarias\/#breadcrumb","itemListElement":[{"@type":"ListItem","position":1,"name":"Portada","item":"https:\/\/www.fecanbm.es\/tenerife\/"},{"@type":"ListItem","position":2,"name":"CONCENTRACIONES SELECCIONES CANARIAS"}]},{"@type":"WebSite","@id":"https:\/\/www.fecanbm.es\/tenerife\/#website","url":"https:\/\/www.fecanbm.es\/tenerife\/","name":"Federaci\u00f3n Insular de Tenerife","description":"Federaci\u00f3n Insular de Tenerife","potentialAction":[{"@type":"SearchAction","target":{"@type":"EntryPoint","urlTemplate":"https:\/\/www.fecanbm.es\/tenerife\/?s={search_term_string}"},"query-input":{"@type":"PropertyValueSpecification","valueRequired":true,"valueName":"search_term_string"}}],"inLanguage":"es"},{"@type":"Person","@id":"https:\/\/www.fecanbm.es\/tenerife\/#\/schema\/person\/1cd2fe3c77da1ca0926bfa1ab10a0f74","name":"FECANBM","image":{"@type":"ImageObject","inLanguage":"es","@id":"https:\/\/secure.gravatar.com\/avatar\/61d22156e2a136ed6ba314b16163c810f2633ecf8857f5d456360fa2d1b34fe4?s=96&d=mm&r=g","url":"https:\/\/secure.gravatar.com\/avatar\/61d22156e2a136ed6ba314b16163c810f2633ecf8857f5d456360fa2d1b34fe4?s=96&d=mm&r=g","contentUrl":"https:\/\/secure.gravatar.com\/avatar\/61d22156e2a136ed6ba314b16163c810f2633ecf8857f5d456360fa2d1b34fe4?s=96&d=mm&r=g","caption":"FECANBM"},"sameAs":["tooolssl"],"url":"https:\/\/www.fecanbm.es\/tenerife\/author\/fecanbm\/"}]}},"_links":{"self":[{"href":"https:\/\/www.fecanbm.es\/tenerife\/wp-json\/wp\/v2\/posts\/10303","targetHints":{"allow":["GET"]}}],"collection":[{"href":"https:\/\/www.fecanbm.es\/tenerife\/wp-json\/wp\/v2\/posts"}],"about":[{"href":"https:\/\/www.fecanbm.es\/tenerife\/wp-json\/wp\/v2\/types\/post"}],"author":[{"embeddable":true,"href":"https:\/\/www.fecanbm.es\/tenerife\/wp-json\/wp\/v2\/users\/3"}],"replies":[{"embeddable":true,"href":"https:\/\/www.fecanbm.es\/tenerife\/wp-json\/wp\/v2\/comments?post=10303"}],"version-history":[{"count":1,"href":"https:\/\/www.fecanbm.es\/tenerife\/wp-json\/wp\/v2\/posts\/10303\/revisions"}],"predecessor-version":[{"id":12158,"href":"https:\/\/www.fecanbm.es\/tenerife\/wp-json\/wp\/v2\/posts\/10303\/revisions\/12158"}],"wp:attachment":[{"href":"https:\/\/www.fecanbm.es\/tenerife\/wp-json\/wp\/v2\/media?parent=10303"}],"wp:term":[{"taxonomy":"category","embeddable":true,"href":"https:\/\/www.fecanbm.es\/tenerife\/wp-json\/wp\/v2\/categories?post=10303"},{"taxonomy":"post_tag","embeddable":true,"href":"https:\/\/www.fecanbm.es\/tenerife\/wp-json\/wp\/v2\/tags?post=10303"}],"curies":[{"name":"wp","href":"https:\/\/api.w.org\/{rel}","templated":true}]}}