{"id":5297,"date":"2017-07-04T00:00:00","date_gmt":"2017-07-04T00:00:00","guid":{"rendered":"https:\/\/pruebaswp.toools.es\/2017\/07\/28\/arranca-el-xxiv-campus-de-verano-antonio-moreno\/"},"modified":"2025-06-16T13:43:59","modified_gmt":"2025-06-16T11:43:59","slug":"arranca-el-xxiv-campus-de-verano-antonio-moreno","status":"publish","type":"post","link":"https:\/\/www.fecanbm.es\/lanzarote\/arranca-el-xxiv-campus-de-verano-antonio-moreno\/","title":{"rendered":"ARRANCA EL XXIV CAMPUS DE VERANO ANTONIO MORENO"},"content":{"rendered":"<p><img fetchpriority=\"high\" decoding=\"async\" src=\"http:\/\/fecanbm.com\/sites\/default\/files\/imagenes\/img-20170703-wa0025.jpg\" width=\"326\" height=\"251\" \/><\/p>\n<p>En la ma\u00f1ana de hoy se convocaba a los ni\u00f1os y ni\u00f1as que participar\u00e1n desde hoy hasta el pr\u00f3ximo domingo d\u00eda 9 en el XXIV Campus de Verano Antonio Moreno, con sede principal en el Colegio Arenas Sur.<\/p>\n<p>Los asistentes se reunir\u00edan esta ma\u00f1ana en el Pabell\u00f3n Insular Antonio Moreno para entrar en las instalaciones del colegio entorno a las once de la ma\u00f1ana, para posteriormente comenzar con la primera sesi\u00f3n de entrenamiento, donde a partir de ma\u00f1ana estar\u00e1 presente el entrenador invitado Lidio Jim\u00e9nez, entrenador del equipo de la Liga Asobal Liberbank Ciudad Encantada.<\/p>\n<p>Dichos entrenamientos ser\u00e1n compartidos en dos tandas de 10:00 a 11:30 horas y de 11:30 a 13:00 horas, mientras que los grupos se alternar\u00e1n previo y durante el entrenamiento con visitas a la playa y retomar dichos ejercicios en el horario de tarde.<\/p>\n<p>Los asistentes disfrutar\u00e1n de excursiones y diversas actividades durante esta semana donde informaremos e invitamos a todos los medios de comunicaci\u00f3n a la asistencia de dicho campamento y vivir de primera mano dichas actividades.<\/p>\n<p><img decoding=\"async\" src=\"http:\/\/fecanbm.com\/sites\/default\/files\/imagenes\/img-20170703-wa0025_0.jpg\" width=\"326\" height=\"251\" alt=\"\" \/><\/p>\n","protected":false},"excerpt":{"rendered":"<p>En la ma\u00f1ana de hoy se convocaba a los ni\u00f1os y ni\u00f1as que participar\u00e1n desde hoy hasta el pr\u00f3ximo domingo d\u00eda 9 en el XXIV Campus de Verano Antonio Moreno, con sede principal en el Colegio Arenas Sur. Los asistentes se reunir\u00edan esta ma\u00f1ana en el Pabell\u00f3n Insular Antonio Moreno para entrar en las instalaciones [&hellip;]<\/p>\n","protected":false},"author":3,"featured_media":0,"comment_status":"open","ping_status":"open","sticky":false,"template":"","format":"standard","meta":{"ngg_post_thumbnail":0,"footnotes":""},"categories":[527,526],"tags":[],"class_list":["post-5297","post","type-post","status-publish","format-standard","hentry","category-federacion-canaria-de-balonmano","category-insular-lanzarote"],"yoast_head":"<!-- This site is optimized with the Yoast SEO plugin v27.5 - https:\/\/yoast.com\/product\/yoast-seo-wordpress\/ -->\n<title>ARRANCA EL XXIV CAMPUS DE VERANO ANTONIO MORENO - Federaci\u00f3n Insular de Lanzarote<\/title>\n<meta name=\"robots\" content=\"index, follow, max-snippet:-1, max-image-preview:large, max-video-preview:-1\" \/>\n<link rel=\"canonical\" href=\"https:\/\/www.fecanbm.es\/lanzarote\/arranca-el-xxiv-campus-de-verano-antonio-moreno\/\" \/>\n<meta property=\"og:locale\" content=\"es_ES\" \/>\n<meta property=\"og:type\" content=\"article\" \/>\n<meta property=\"og:title\" content=\"ARRANCA EL XXIV CAMPUS DE VERANO ANTONIO MORENO - Federaci\u00f3n Insular de Lanzarote\" \/>\n<meta property=\"og:description\" content=\"En la ma\u00f1ana de hoy se convocaba a los ni\u00f1os y ni\u00f1as que participar\u00e1n desde hoy hasta el pr\u00f3ximo domingo d\u00eda 9 en el XXIV Campus de Verano Antonio Moreno, con sede principal en el Colegio Arenas Sur. Los asistentes se reunir\u00edan esta ma\u00f1ana en el Pabell\u00f3n Insular Antonio Moreno para entrar en las instalaciones [&hellip;]\" \/>\n<meta property=\"og:url\" content=\"https:\/\/www.fecanbm.es\/lanzarote\/arranca-el-xxiv-campus-de-verano-antonio-moreno\/\" \/>\n<meta property=\"og:site_name\" content=\"Federaci\u00f3n Insular de Lanzarote\" \/>\n<meta property=\"article:published_time\" content=\"2017-07-04T00:00:00+00:00\" \/>\n<meta property=\"article:modified_time\" content=\"2025-06-16T11:43:59+00:00\" \/>\n<meta property=\"og:image\" content=\"http:\/\/fecanbm.com\/sites\/default\/files\/imagenes\/img-20170703-wa0025.jpg\" \/>\n<meta name=\"author\" content=\"FECANBM\" \/>\n<meta name=\"twitter:card\" content=\"summary_large_image\" \/>\n<meta name=\"twitter:label1\" content=\"Escrito por\" \/>\n\t<meta name=\"twitter:data1\" content=\"FECANBM\" \/>\n\t<meta name=\"twitter:label2\" content=\"Tiempo de lectura\" \/>\n\t<meta name=\"twitter:data2\" content=\"1 minuto\" \/>\n<script type=\"application\/ld+json\" class=\"yoast-schema-graph\">{\"@context\":\"https:\\\/\\\/schema.org\",\"@graph\":[{\"@type\":\"Article\",\"@id\":\"https:\\\/\\\/www.fecanbm.es\\\/lanzarote\\\/arranca-el-xxiv-campus-de-verano-antonio-moreno\\\/#article\",\"isPartOf\":{\"@id\":\"https:\\\/\\\/www.fecanbm.es\\\/lanzarote\\\/arranca-el-xxiv-campus-de-verano-antonio-moreno\\\/\"},\"author\":{\"name\":\"FECANBM\",\"@id\":\"https:\\\/\\\/www.fecanbm.es\\\/lanzarote\\\/#\\\/schema\\\/person\\\/1cd2fe3c77da1ca0926bfa1ab10a0f74\"},\"headline\":\"ARRANCA EL XXIV CAMPUS DE VERANO ANTONIO MORENO\",\"datePublished\":\"2017-07-04T00:00:00+00:00\",\"dateModified\":\"2025-06-16T11:43:59+00:00\",\"mainEntityOfPage\":{\"@id\":\"https:\\\/\\\/www.fecanbm.es\\\/lanzarote\\\/arranca-el-xxiv-campus-de-verano-antonio-moreno\\\/\"},\"wordCount\":192,\"commentCount\":0,\"image\":{\"@id\":\"https:\\\/\\\/www.fecanbm.es\\\/lanzarote\\\/arranca-el-xxiv-campus-de-verano-antonio-moreno\\\/#primaryimage\"},\"thumbnailUrl\":\"http:\\\/\\\/fecanbm.com\\\/sites\\\/default\\\/files\\\/imagenes\\\/img-20170703-wa0025.jpg\",\"articleSection\":[\"Federaci\u00f3n Canaria de Balonmano\",\"Insular Lanzarote\"],\"inLanguage\":\"es\",\"potentialAction\":[{\"@type\":\"CommentAction\",\"name\":\"Comment\",\"target\":[\"https:\\\/\\\/www.fecanbm.es\\\/lanzarote\\\/arranca-el-xxiv-campus-de-verano-antonio-moreno\\\/#respond\"]}]},{\"@type\":\"WebPage\",\"@id\":\"https:\\\/\\\/www.fecanbm.es\\\/lanzarote\\\/arranca-el-xxiv-campus-de-verano-antonio-moreno\\\/\",\"url\":\"https:\\\/\\\/www.fecanbm.es\\\/lanzarote\\\/arranca-el-xxiv-campus-de-verano-antonio-moreno\\\/\",\"name\":\"ARRANCA EL XXIV CAMPUS DE VERANO ANTONIO MORENO - Federaci\u00f3n Insular de Lanzarote\",\"isPartOf\":{\"@id\":\"https:\\\/\\\/www.fecanbm.es\\\/lanzarote\\\/#website\"},\"primaryImageOfPage\":{\"@id\":\"https:\\\/\\\/www.fecanbm.es\\\/lanzarote\\\/arranca-el-xxiv-campus-de-verano-antonio-moreno\\\/#primaryimage\"},\"image\":{\"@id\":\"https:\\\/\\\/www.fecanbm.es\\\/lanzarote\\\/arranca-el-xxiv-campus-de-verano-antonio-moreno\\\/#primaryimage\"},\"thumbnailUrl\":\"http:\\\/\\\/fecanbm.com\\\/sites\\\/default\\\/files\\\/imagenes\\\/img-20170703-wa0025.jpg\",\"datePublished\":\"2017-07-04T00:00:00+00:00\",\"dateModified\":\"2025-06-16T11:43:59+00:00\",\"author\":{\"@id\":\"https:\\\/\\\/www.fecanbm.es\\\/lanzarote\\\/#\\\/schema\\\/person\\\/1cd2fe3c77da1ca0926bfa1ab10a0f74\"},\"breadcrumb\":{\"@id\":\"https:\\\/\\\/www.fecanbm.es\\\/lanzarote\\\/arranca-el-xxiv-campus-de-verano-antonio-moreno\\\/#breadcrumb\"},\"inLanguage\":\"es\",\"potentialAction\":[{\"@type\":\"ReadAction\",\"target\":[\"https:\\\/\\\/www.fecanbm.es\\\/lanzarote\\\/arranca-el-xxiv-campus-de-verano-antonio-moreno\\\/\"]}]},{\"@type\":\"ImageObject\",\"inLanguage\":\"es\",\"@id\":\"https:\\\/\\\/www.fecanbm.es\\\/lanzarote\\\/arranca-el-xxiv-campus-de-verano-antonio-moreno\\\/#primaryimage\",\"url\":\"http:\\\/\\\/fecanbm.com\\\/sites\\\/default\\\/files\\\/imagenes\\\/img-20170703-wa0025.jpg\",\"contentUrl\":\"http:\\\/\\\/fecanbm.com\\\/sites\\\/default\\\/files\\\/imagenes\\\/img-20170703-wa0025.jpg\"},{\"@type\":\"BreadcrumbList\",\"@id\":\"https:\\\/\\\/www.fecanbm.es\\\/lanzarote\\\/arranca-el-xxiv-campus-de-verano-antonio-moreno\\\/#breadcrumb\",\"itemListElement\":[{\"@type\":\"ListItem\",\"position\":1,\"name\":\"Portada\",\"item\":\"https:\\\/\\\/www.fecanbm.es\\\/lanzarote\\\/\"},{\"@type\":\"ListItem\",\"position\":2,\"name\":\"ARRANCA EL XXIV CAMPUS DE VERANO ANTONIO MORENO\"}]},{\"@type\":\"WebSite\",\"@id\":\"https:\\\/\\\/www.fecanbm.es\\\/lanzarote\\\/#website\",\"url\":\"https:\\\/\\\/www.fecanbm.es\\\/lanzarote\\\/\",\"name\":\"Federaci\u00f3n Insular de Lanzarote\",\"description\":\"Federaci\u00f3n Insular de Lanzarote\",\"potentialAction\":[{\"@type\":\"SearchAction\",\"target\":{\"@type\":\"EntryPoint\",\"urlTemplate\":\"https:\\\/\\\/www.fecanbm.es\\\/lanzarote\\\/?s={search_term_string}\"},\"query-input\":{\"@type\":\"PropertyValueSpecification\",\"valueRequired\":true,\"valueName\":\"search_term_string\"}}],\"inLanguage\":\"es\"},{\"@type\":\"Person\",\"@id\":\"https:\\\/\\\/www.fecanbm.es\\\/lanzarote\\\/#\\\/schema\\\/person\\\/1cd2fe3c77da1ca0926bfa1ab10a0f74\",\"name\":\"FECANBM\",\"image\":{\"@type\":\"ImageObject\",\"inLanguage\":\"es\",\"@id\":\"https:\\\/\\\/secure.gravatar.com\\\/avatar\\\/61d22156e2a136ed6ba314b16163c810f2633ecf8857f5d456360fa2d1b34fe4?s=96&d=mm&r=g\",\"url\":\"https:\\\/\\\/secure.gravatar.com\\\/avatar\\\/61d22156e2a136ed6ba314b16163c810f2633ecf8857f5d456360fa2d1b34fe4?s=96&d=mm&r=g\",\"contentUrl\":\"https:\\\/\\\/secure.gravatar.com\\\/avatar\\\/61d22156e2a136ed6ba314b16163c810f2633ecf8857f5d456360fa2d1b34fe4?s=96&d=mm&r=g\",\"caption\":\"FECANBM\"},\"sameAs\":[\"tooolssl\"],\"url\":\"https:\\\/\\\/www.fecanbm.es\\\/lanzarote\\\/author\\\/fecanbm\\\/\"}]}<\/script>\n<!-- \/ Yoast SEO plugin. -->","yoast_head_json":{"title":"ARRANCA EL XXIV CAMPUS DE VERANO ANTONIO MORENO - Federaci\u00f3n Insular de Lanzarote","robots":{"index":"index","follow":"follow","max-snippet":"max-snippet:-1","max-image-preview":"max-image-preview:large","max-video-preview":"max-video-preview:-1"},"canonical":"https:\/\/www.fecanbm.es\/lanzarote\/arranca-el-xxiv-campus-de-verano-antonio-moreno\/","og_locale":"es_ES","og_type":"article","og_title":"ARRANCA EL XXIV CAMPUS DE VERANO ANTONIO MORENO - Federaci\u00f3n Insular de Lanzarote","og_description":"En la ma\u00f1ana de hoy se convocaba a los ni\u00f1os y ni\u00f1as que participar\u00e1n desde hoy hasta el pr\u00f3ximo domingo d\u00eda 9 en el XXIV Campus de Verano Antonio Moreno, con sede principal en el Colegio Arenas Sur. Los asistentes se reunir\u00edan esta ma\u00f1ana en el Pabell\u00f3n Insular Antonio Moreno para entrar en las instalaciones [&hellip;]","og_url":"https:\/\/www.fecanbm.es\/lanzarote\/arranca-el-xxiv-campus-de-verano-antonio-moreno\/","og_site_name":"Federaci\u00f3n Insular de Lanzarote","article_published_time":"2017-07-04T00:00:00+00:00","article_modified_time":"2025-06-16T11:43:59+00:00","og_image":[{"url":"http:\/\/fecanbm.com\/sites\/default\/files\/imagenes\/img-20170703-wa0025.jpg","type":"","width":"","height":""}],"author":"FECANBM","twitter_card":"summary_large_image","twitter_misc":{"Escrito por":"FECANBM","Tiempo de lectura":"1 minuto"},"schema":{"@context":"https:\/\/schema.org","@graph":[{"@type":"Article","@id":"https:\/\/www.fecanbm.es\/lanzarote\/arranca-el-xxiv-campus-de-verano-antonio-moreno\/#article","isPartOf":{"@id":"https:\/\/www.fecanbm.es\/lanzarote\/arranca-el-xxiv-campus-de-verano-antonio-moreno\/"},"author":{"name":"FECANBM","@id":"https:\/\/www.fecanbm.es\/lanzarote\/#\/schema\/person\/1cd2fe3c77da1ca0926bfa1ab10a0f74"},"headline":"ARRANCA EL XXIV CAMPUS DE VERANO ANTONIO MORENO","datePublished":"2017-07-04T00:00:00+00:00","dateModified":"2025-06-16T11:43:59+00:00","mainEntityOfPage":{"@id":"https:\/\/www.fecanbm.es\/lanzarote\/arranca-el-xxiv-campus-de-verano-antonio-moreno\/"},"wordCount":192,"commentCount":0,"image":{"@id":"https:\/\/www.fecanbm.es\/lanzarote\/arranca-el-xxiv-campus-de-verano-antonio-moreno\/#primaryimage"},"thumbnailUrl":"http:\/\/fecanbm.com\/sites\/default\/files\/imagenes\/img-20170703-wa0025.jpg","articleSection":["Federaci\u00f3n Canaria de Balonmano","Insular Lanzarote"],"inLanguage":"es","potentialAction":[{"@type":"CommentAction","name":"Comment","target":["https:\/\/www.fecanbm.es\/lanzarote\/arranca-el-xxiv-campus-de-verano-antonio-moreno\/#respond"]}]},{"@type":"WebPage","@id":"https:\/\/www.fecanbm.es\/lanzarote\/arranca-el-xxiv-campus-de-verano-antonio-moreno\/","url":"https:\/\/www.fecanbm.es\/lanzarote\/arranca-el-xxiv-campus-de-verano-antonio-moreno\/","name":"ARRANCA EL XXIV CAMPUS DE VERANO ANTONIO MORENO - Federaci\u00f3n Insular de Lanzarote","isPartOf":{"@id":"https:\/\/www.fecanbm.es\/lanzarote\/#website"},"primaryImageOfPage":{"@id":"https:\/\/www.fecanbm.es\/lanzarote\/arranca-el-xxiv-campus-de-verano-antonio-moreno\/#primaryimage"},"image":{"@id":"https:\/\/www.fecanbm.es\/lanzarote\/arranca-el-xxiv-campus-de-verano-antonio-moreno\/#primaryimage"},"thumbnailUrl":"http:\/\/fecanbm.com\/sites\/default\/files\/imagenes\/img-20170703-wa0025.jpg","datePublished":"2017-07-04T00:00:00+00:00","dateModified":"2025-06-16T11:43:59+00:00","author":{"@id":"https:\/\/www.fecanbm.es\/lanzarote\/#\/schema\/person\/1cd2fe3c77da1ca0926bfa1ab10a0f74"},"breadcrumb":{"@id":"https:\/\/www.fecanbm.es\/lanzarote\/arranca-el-xxiv-campus-de-verano-antonio-moreno\/#breadcrumb"},"inLanguage":"es","potentialAction":[{"@type":"ReadAction","target":["https:\/\/www.fecanbm.es\/lanzarote\/arranca-el-xxiv-campus-de-verano-antonio-moreno\/"]}]},{"@type":"ImageObject","inLanguage":"es","@id":"https:\/\/www.fecanbm.es\/lanzarote\/arranca-el-xxiv-campus-de-verano-antonio-moreno\/#primaryimage","url":"http:\/\/fecanbm.com\/sites\/default\/files\/imagenes\/img-20170703-wa0025.jpg","contentUrl":"http:\/\/fecanbm.com\/sites\/default\/files\/imagenes\/img-20170703-wa0025.jpg"},{"@type":"BreadcrumbList","@id":"https:\/\/www.fecanbm.es\/lanzarote\/arranca-el-xxiv-campus-de-verano-antonio-moreno\/#breadcrumb","itemListElement":[{"@type":"ListItem","position":1,"name":"Portada","item":"https:\/\/www.fecanbm.es\/lanzarote\/"},{"@type":"ListItem","position":2,"name":"ARRANCA EL XXIV CAMPUS DE VERANO ANTONIO MORENO"}]},{"@type":"WebSite","@id":"https:\/\/www.fecanbm.es\/lanzarote\/#website","url":"https:\/\/www.fecanbm.es\/lanzarote\/","name":"Federaci\u00f3n Insular de Lanzarote","description":"Federaci\u00f3n Insular de Lanzarote","potentialAction":[{"@type":"SearchAction","target":{"@type":"EntryPoint","urlTemplate":"https:\/\/www.fecanbm.es\/lanzarote\/?s={search_term_string}"},"query-input":{"@type":"PropertyValueSpecification","valueRequired":true,"valueName":"search_term_string"}}],"inLanguage":"es"},{"@type":"Person","@id":"https:\/\/www.fecanbm.es\/lanzarote\/#\/schema\/person\/1cd2fe3c77da1ca0926bfa1ab10a0f74","name":"FECANBM","image":{"@type":"ImageObject","inLanguage":"es","@id":"https:\/\/secure.gravatar.com\/avatar\/61d22156e2a136ed6ba314b16163c810f2633ecf8857f5d456360fa2d1b34fe4?s=96&d=mm&r=g","url":"https:\/\/secure.gravatar.com\/avatar\/61d22156e2a136ed6ba314b16163c810f2633ecf8857f5d456360fa2d1b34fe4?s=96&d=mm&r=g","contentUrl":"https:\/\/secure.gravatar.com\/avatar\/61d22156e2a136ed6ba314b16163c810f2633ecf8857f5d456360fa2d1b34fe4?s=96&d=mm&r=g","caption":"FECANBM"},"sameAs":["tooolssl"],"url":"https:\/\/www.fecanbm.es\/lanzarote\/author\/fecanbm\/"}]}},"_links":{"self":[{"href":"https:\/\/www.fecanbm.es\/lanzarote\/wp-json\/wp\/v2\/posts\/5297","targetHints":{"allow":["GET"]}}],"collection":[{"href":"https:\/\/www.fecanbm.es\/lanzarote\/wp-json\/wp\/v2\/posts"}],"about":[{"href":"https:\/\/www.fecanbm.es\/lanzarote\/wp-json\/wp\/v2\/types\/post"}],"author":[{"embeddable":true,"href":"https:\/\/www.fecanbm.es\/lanzarote\/wp-json\/wp\/v2\/users\/3"}],"replies":[{"embeddable":true,"href":"https:\/\/www.fecanbm.es\/lanzarote\/wp-json\/wp\/v2\/comments?post=5297"}],"version-history":[{"count":1,"href":"https:\/\/www.fecanbm.es\/lanzarote\/wp-json\/wp\/v2\/posts\/5297\/revisions"}],"predecessor-version":[{"id":5306,"href":"https:\/\/www.fecanbm.es\/lanzarote\/wp-json\/wp\/v2\/posts\/5297\/revisions\/5306"}],"wp:attachment":[{"href":"https:\/\/www.fecanbm.es\/lanzarote\/wp-json\/wp\/v2\/media?parent=5297"}],"wp:term":[{"taxonomy":"category","embeddable":true,"href":"https:\/\/www.fecanbm.es\/lanzarote\/wp-json\/wp\/v2\/categories?post=5297"},{"taxonomy":"post_tag","embeddable":true,"href":"https:\/\/www.fecanbm.es\/lanzarote\/wp-json\/wp\/v2\/tags?post=5297"}],"curies":[{"name":"wp","href":"https:\/\/api.w.org\/{rel}","templated":true}]}}