{"id":5296,"date":"2017-07-23T00:00:00","date_gmt":"2017-07-23T00:00:00","guid":{"rendered":"https:\/\/pruebaswp.toools.es\/2017\/07\/28\/asamblea-general-de-la-federacion-canaria-de-balonmano\/"},"modified":"2025-06-16T13:43:47","modified_gmt":"2025-06-16T11:43:47","slug":"asamblea-general-de-la-federacion-canaria-de-balonmano","status":"publish","type":"post","link":"https:\/\/www.fecanbm.es\/lanzarote\/asamblea-general-de-la-federacion-canaria-de-balonmano\/","title":{"rendered":"Asamblea General de la Federaci\u00f3n Canaria de Balonmano"},"content":{"rendered":"<p>En el d\u00eda de ayer, y en los locales del\u00a0<strong><em>Teatro Cronista Jacinto Su\u00e1rez Martel de Valsequillo en la isla de Gran Canaria<\/em><\/strong>, cedidos por el Ayuntamiento de Valsequillo de Gran Canaria siendo un \u00e9xito de participaci\u00f3n, a pesar de las fechas, asistiendo 29 asamble\u00edsta de los 35 que conforman la misma. Adem\u00e1s asistieron diez personas del balonmano que participaron como oyentes invitados.<\/p>\n<p>El Orden del d\u00eda se desarroll\u00f3 en un ambiente correcto y participativo por parte de los asistentes aprob\u00e1ndose todas las propuestas por unanimidad no haciendo falta votaci\u00f3n gracias a la buena armon\u00eda y entendimiento que existe en el balonmano canario. Desde la mesa se aceptaron un par de cambios de algunas de la propuesta presentadas y as\u00ed mismo lo asamble\u00edstas aceptaban las propuesta que desde la misma se plantearon, en definitiva se aprobaron el balance de cuentas del 2016, el presupuesto de 2017, la memoria de actividades, las propuestas presentadas y el calendario deportivo.<\/p>\n<p>Al finalizar la Asamblea se procedi\u00f3 al acto de entrega de premios a los campeones y subcampeones de las Ligas Territoriales masculinas y femeninas, \u00fanicos trofeos que quedaban por entregar ya que en el resto de competiciones, al ser por concentraci\u00f3n, se entregan en el mismo momento.<\/p>\n<p>Se anunci\u00f3 por parte del Presidente que desde que la Direcci\u00f3n General de Deportes publique el decreto de las Elecciones para el ciclo 2018-2021, la FECANBM proceder\u00e1 a convocar las misma por lo que el proceso podr\u00eda terminar al finalizar el mes de marzo, dando la oportunidad a los elegidos de que comiencen la temporada 2018\/2019 desde su inicio y puedan programar los calendario, presupuestos etc.<\/p>\n<p>El actual presidente anuncio su intenci\u00f3n de volver a presentarse.<\/p>\n<p>Sin m\u00e1s, se termin\u00f3 con una comida en un restaurante del municipio de Valsequillo de Gran Canaria.<\/p>\n<p>Entrando en el apartado de Federaci\u00f3n&#8212;\u00d3rganos T\u00e9cnicos&#8212;-C. Actividades, podr\u00e1s encontrar todas las propuestas aprobadas y entrando en Multimedia&#8212;-fotos, encontrar\u00e1s una galer\u00eda con im\u00e1genes de la misma.<\/p>\n<p>\u00a1\u00a1\u00a1\u00a1\u00a1\u00a1GRACIAS A TODOS LOS ESTAMENTOS: CLUBES, T\u00c9CNICOS, ARBITROS, JUGADORES, USTEDES HACEN GRANDE ESTE DEPORTE!!!!!<\/p>\n<p><img fetchpriority=\"high\" decoding=\"async\" src=\"http:\/\/fecanbm.com\/sites\/default\/files\/imagenes\/dsc_0111_0.jpg\" width=\"938\" height=\"461\" alt=\"\" \/><\/p>\n","protected":false},"excerpt":{"rendered":"<p>En el d\u00eda de ayer, y en los locales del\u00a0Teatro Cronista Jacinto Su\u00e1rez Martel de Valsequillo en la isla de Gran Canaria, cedidos por el Ayuntamiento de Valsequillo de Gran Canaria siendo un \u00e9xito de participaci\u00f3n, a pesar de las fechas, asistiendo 29 asamble\u00edsta de los 35 que conforman la misma. Adem\u00e1s asistieron diez personas [&hellip;]<\/p>\n","protected":false},"author":3,"featured_media":0,"comment_status":"open","ping_status":"open","sticky":false,"template":"","format":"standard","meta":{"ngg_post_thumbnail":0,"footnotes":""},"categories":[527,526],"tags":[],"class_list":["post-5296","post","type-post","status-publish","format-standard","hentry","category-federacion-canaria-de-balonmano","category-insular-lanzarote"],"yoast_head":"<!-- This site is optimized with the Yoast SEO plugin v27.5 - https:\/\/yoast.com\/product\/yoast-seo-wordpress\/ -->\n<title>Asamblea General de la Federaci\u00f3n Canaria de Balonmano - Federaci\u00f3n Insular de Lanzarote<\/title>\n<meta name=\"robots\" content=\"index, follow, max-snippet:-1, max-image-preview:large, max-video-preview:-1\" \/>\n<link rel=\"canonical\" href=\"https:\/\/www.fecanbm.es\/lanzarote\/asamblea-general-de-la-federacion-canaria-de-balonmano\/\" \/>\n<meta property=\"og:locale\" content=\"es_ES\" \/>\n<meta property=\"og:type\" content=\"article\" \/>\n<meta property=\"og:title\" content=\"Asamblea General de la Federaci\u00f3n Canaria de Balonmano - Federaci\u00f3n Insular de Lanzarote\" \/>\n<meta property=\"og:description\" content=\"En el d\u00eda de ayer, y en los locales del\u00a0Teatro Cronista Jacinto Su\u00e1rez Martel de Valsequillo en la isla de Gran Canaria, cedidos por el Ayuntamiento de Valsequillo de Gran Canaria siendo un \u00e9xito de participaci\u00f3n, a pesar de las fechas, asistiendo 29 asamble\u00edsta de los 35 que conforman la misma. Adem\u00e1s asistieron diez personas [&hellip;]\" \/>\n<meta property=\"og:url\" content=\"https:\/\/www.fecanbm.es\/lanzarote\/asamblea-general-de-la-federacion-canaria-de-balonmano\/\" \/>\n<meta property=\"og:site_name\" content=\"Federaci\u00f3n Insular de Lanzarote\" \/>\n<meta property=\"article:published_time\" content=\"2017-07-23T00:00:00+00:00\" \/>\n<meta property=\"article:modified_time\" content=\"2025-06-16T11:43:47+00:00\" \/>\n<meta property=\"og:image\" content=\"http:\/\/fecanbm.com\/sites\/default\/files\/imagenes\/dsc_0111_0.jpg\" \/>\n<meta name=\"author\" content=\"FECANBM\" \/>\n<meta name=\"twitter:card\" content=\"summary_large_image\" \/>\n<meta name=\"twitter:label1\" content=\"Escrito por\" \/>\n\t<meta name=\"twitter:data1\" content=\"FECANBM\" \/>\n\t<meta name=\"twitter:label2\" content=\"Tiempo de lectura\" \/>\n\t<meta name=\"twitter:data2\" content=\"2 minutos\" \/>\n<script type=\"application\/ld+json\" class=\"yoast-schema-graph\">{\"@context\":\"https:\\\/\\\/schema.org\",\"@graph\":[{\"@type\":\"Article\",\"@id\":\"https:\\\/\\\/www.fecanbm.es\\\/lanzarote\\\/asamblea-general-de-la-federacion-canaria-de-balonmano\\\/#article\",\"isPartOf\":{\"@id\":\"https:\\\/\\\/www.fecanbm.es\\\/lanzarote\\\/asamblea-general-de-la-federacion-canaria-de-balonmano\\\/\"},\"author\":{\"name\":\"FECANBM\",\"@id\":\"https:\\\/\\\/www.fecanbm.es\\\/lanzarote\\\/#\\\/schema\\\/person\\\/1cd2fe3c77da1ca0926bfa1ab10a0f74\"},\"headline\":\"Asamblea General de la Federaci\u00f3n Canaria de Balonmano\",\"datePublished\":\"2017-07-23T00:00:00+00:00\",\"dateModified\":\"2025-06-16T11:43:47+00:00\",\"mainEntityOfPage\":{\"@id\":\"https:\\\/\\\/www.fecanbm.es\\\/lanzarote\\\/asamblea-general-de-la-federacion-canaria-de-balonmano\\\/\"},\"wordCount\":364,\"commentCount\":0,\"image\":{\"@id\":\"https:\\\/\\\/www.fecanbm.es\\\/lanzarote\\\/asamblea-general-de-la-federacion-canaria-de-balonmano\\\/#primaryimage\"},\"thumbnailUrl\":\"http:\\\/\\\/fecanbm.com\\\/sites\\\/default\\\/files\\\/imagenes\\\/dsc_0111_0.jpg\",\"articleSection\":[\"Federaci\u00f3n Canaria de Balonmano\",\"Insular Lanzarote\"],\"inLanguage\":\"es\",\"potentialAction\":[{\"@type\":\"CommentAction\",\"name\":\"Comment\",\"target\":[\"https:\\\/\\\/www.fecanbm.es\\\/lanzarote\\\/asamblea-general-de-la-federacion-canaria-de-balonmano\\\/#respond\"]}]},{\"@type\":\"WebPage\",\"@id\":\"https:\\\/\\\/www.fecanbm.es\\\/lanzarote\\\/asamblea-general-de-la-federacion-canaria-de-balonmano\\\/\",\"url\":\"https:\\\/\\\/www.fecanbm.es\\\/lanzarote\\\/asamblea-general-de-la-federacion-canaria-de-balonmano\\\/\",\"name\":\"Asamblea General de la Federaci\u00f3n Canaria de Balonmano - Federaci\u00f3n Insular de Lanzarote\",\"isPartOf\":{\"@id\":\"https:\\\/\\\/www.fecanbm.es\\\/lanzarote\\\/#website\"},\"primaryImageOfPage\":{\"@id\":\"https:\\\/\\\/www.fecanbm.es\\\/lanzarote\\\/asamblea-general-de-la-federacion-canaria-de-balonmano\\\/#primaryimage\"},\"image\":{\"@id\":\"https:\\\/\\\/www.fecanbm.es\\\/lanzarote\\\/asamblea-general-de-la-federacion-canaria-de-balonmano\\\/#primaryimage\"},\"thumbnailUrl\":\"http:\\\/\\\/fecanbm.com\\\/sites\\\/default\\\/files\\\/imagenes\\\/dsc_0111_0.jpg\",\"datePublished\":\"2017-07-23T00:00:00+00:00\",\"dateModified\":\"2025-06-16T11:43:47+00:00\",\"author\":{\"@id\":\"https:\\\/\\\/www.fecanbm.es\\\/lanzarote\\\/#\\\/schema\\\/person\\\/1cd2fe3c77da1ca0926bfa1ab10a0f74\"},\"breadcrumb\":{\"@id\":\"https:\\\/\\\/www.fecanbm.es\\\/lanzarote\\\/asamblea-general-de-la-federacion-canaria-de-balonmano\\\/#breadcrumb\"},\"inLanguage\":\"es\",\"potentialAction\":[{\"@type\":\"ReadAction\",\"target\":[\"https:\\\/\\\/www.fecanbm.es\\\/lanzarote\\\/asamblea-general-de-la-federacion-canaria-de-balonmano\\\/\"]}]},{\"@type\":\"ImageObject\",\"inLanguage\":\"es\",\"@id\":\"https:\\\/\\\/www.fecanbm.es\\\/lanzarote\\\/asamblea-general-de-la-federacion-canaria-de-balonmano\\\/#primaryimage\",\"url\":\"http:\\\/\\\/fecanbm.com\\\/sites\\\/default\\\/files\\\/imagenes\\\/dsc_0111_0.jpg\",\"contentUrl\":\"http:\\\/\\\/fecanbm.com\\\/sites\\\/default\\\/files\\\/imagenes\\\/dsc_0111_0.jpg\"},{\"@type\":\"BreadcrumbList\",\"@id\":\"https:\\\/\\\/www.fecanbm.es\\\/lanzarote\\\/asamblea-general-de-la-federacion-canaria-de-balonmano\\\/#breadcrumb\",\"itemListElement\":[{\"@type\":\"ListItem\",\"position\":1,\"name\":\"Portada\",\"item\":\"https:\\\/\\\/www.fecanbm.es\\\/lanzarote\\\/\"},{\"@type\":\"ListItem\",\"position\":2,\"name\":\"Asamblea General de la Federaci\u00f3n Canaria de Balonmano\"}]},{\"@type\":\"WebSite\",\"@id\":\"https:\\\/\\\/www.fecanbm.es\\\/lanzarote\\\/#website\",\"url\":\"https:\\\/\\\/www.fecanbm.es\\\/lanzarote\\\/\",\"name\":\"Federaci\u00f3n Insular de Lanzarote\",\"description\":\"Federaci\u00f3n Insular de Lanzarote\",\"potentialAction\":[{\"@type\":\"SearchAction\",\"target\":{\"@type\":\"EntryPoint\",\"urlTemplate\":\"https:\\\/\\\/www.fecanbm.es\\\/lanzarote\\\/?s={search_term_string}\"},\"query-input\":{\"@type\":\"PropertyValueSpecification\",\"valueRequired\":true,\"valueName\":\"search_term_string\"}}],\"inLanguage\":\"es\"},{\"@type\":\"Person\",\"@id\":\"https:\\\/\\\/www.fecanbm.es\\\/lanzarote\\\/#\\\/schema\\\/person\\\/1cd2fe3c77da1ca0926bfa1ab10a0f74\",\"name\":\"FECANBM\",\"image\":{\"@type\":\"ImageObject\",\"inLanguage\":\"es\",\"@id\":\"https:\\\/\\\/secure.gravatar.com\\\/avatar\\\/61d22156e2a136ed6ba314b16163c810f2633ecf8857f5d456360fa2d1b34fe4?s=96&d=mm&r=g\",\"url\":\"https:\\\/\\\/secure.gravatar.com\\\/avatar\\\/61d22156e2a136ed6ba314b16163c810f2633ecf8857f5d456360fa2d1b34fe4?s=96&d=mm&r=g\",\"contentUrl\":\"https:\\\/\\\/secure.gravatar.com\\\/avatar\\\/61d22156e2a136ed6ba314b16163c810f2633ecf8857f5d456360fa2d1b34fe4?s=96&d=mm&r=g\",\"caption\":\"FECANBM\"},\"sameAs\":[\"tooolssl\"],\"url\":\"https:\\\/\\\/www.fecanbm.es\\\/lanzarote\\\/author\\\/fecanbm\\\/\"}]}<\/script>\n<!-- \/ Yoast SEO plugin. -->","yoast_head_json":{"title":"Asamblea General de la Federaci\u00f3n Canaria de Balonmano - Federaci\u00f3n Insular de Lanzarote","robots":{"index":"index","follow":"follow","max-snippet":"max-snippet:-1","max-image-preview":"max-image-preview:large","max-video-preview":"max-video-preview:-1"},"canonical":"https:\/\/www.fecanbm.es\/lanzarote\/asamblea-general-de-la-federacion-canaria-de-balonmano\/","og_locale":"es_ES","og_type":"article","og_title":"Asamblea General de la Federaci\u00f3n Canaria de Balonmano - Federaci\u00f3n Insular de Lanzarote","og_description":"En el d\u00eda de ayer, y en los locales del\u00a0Teatro Cronista Jacinto Su\u00e1rez Martel de Valsequillo en la isla de Gran Canaria, cedidos por el Ayuntamiento de Valsequillo de Gran Canaria siendo un \u00e9xito de participaci\u00f3n, a pesar de las fechas, asistiendo 29 asamble\u00edsta de los 35 que conforman la misma. Adem\u00e1s asistieron diez personas [&hellip;]","og_url":"https:\/\/www.fecanbm.es\/lanzarote\/asamblea-general-de-la-federacion-canaria-de-balonmano\/","og_site_name":"Federaci\u00f3n Insular de Lanzarote","article_published_time":"2017-07-23T00:00:00+00:00","article_modified_time":"2025-06-16T11:43:47+00:00","og_image":[{"url":"http:\/\/fecanbm.com\/sites\/default\/files\/imagenes\/dsc_0111_0.jpg","type":"","width":"","height":""}],"author":"FECANBM","twitter_card":"summary_large_image","twitter_misc":{"Escrito por":"FECANBM","Tiempo de lectura":"2 minutos"},"schema":{"@context":"https:\/\/schema.org","@graph":[{"@type":"Article","@id":"https:\/\/www.fecanbm.es\/lanzarote\/asamblea-general-de-la-federacion-canaria-de-balonmano\/#article","isPartOf":{"@id":"https:\/\/www.fecanbm.es\/lanzarote\/asamblea-general-de-la-federacion-canaria-de-balonmano\/"},"author":{"name":"FECANBM","@id":"https:\/\/www.fecanbm.es\/lanzarote\/#\/schema\/person\/1cd2fe3c77da1ca0926bfa1ab10a0f74"},"headline":"Asamblea General de la Federaci\u00f3n Canaria de Balonmano","datePublished":"2017-07-23T00:00:00+00:00","dateModified":"2025-06-16T11:43:47+00:00","mainEntityOfPage":{"@id":"https:\/\/www.fecanbm.es\/lanzarote\/asamblea-general-de-la-federacion-canaria-de-balonmano\/"},"wordCount":364,"commentCount":0,"image":{"@id":"https:\/\/www.fecanbm.es\/lanzarote\/asamblea-general-de-la-federacion-canaria-de-balonmano\/#primaryimage"},"thumbnailUrl":"http:\/\/fecanbm.com\/sites\/default\/files\/imagenes\/dsc_0111_0.jpg","articleSection":["Federaci\u00f3n Canaria de Balonmano","Insular Lanzarote"],"inLanguage":"es","potentialAction":[{"@type":"CommentAction","name":"Comment","target":["https:\/\/www.fecanbm.es\/lanzarote\/asamblea-general-de-la-federacion-canaria-de-balonmano\/#respond"]}]},{"@type":"WebPage","@id":"https:\/\/www.fecanbm.es\/lanzarote\/asamblea-general-de-la-federacion-canaria-de-balonmano\/","url":"https:\/\/www.fecanbm.es\/lanzarote\/asamblea-general-de-la-federacion-canaria-de-balonmano\/","name":"Asamblea General de la Federaci\u00f3n Canaria de Balonmano - Federaci\u00f3n Insular de Lanzarote","isPartOf":{"@id":"https:\/\/www.fecanbm.es\/lanzarote\/#website"},"primaryImageOfPage":{"@id":"https:\/\/www.fecanbm.es\/lanzarote\/asamblea-general-de-la-federacion-canaria-de-balonmano\/#primaryimage"},"image":{"@id":"https:\/\/www.fecanbm.es\/lanzarote\/asamblea-general-de-la-federacion-canaria-de-balonmano\/#primaryimage"},"thumbnailUrl":"http:\/\/fecanbm.com\/sites\/default\/files\/imagenes\/dsc_0111_0.jpg","datePublished":"2017-07-23T00:00:00+00:00","dateModified":"2025-06-16T11:43:47+00:00","author":{"@id":"https:\/\/www.fecanbm.es\/lanzarote\/#\/schema\/person\/1cd2fe3c77da1ca0926bfa1ab10a0f74"},"breadcrumb":{"@id":"https:\/\/www.fecanbm.es\/lanzarote\/asamblea-general-de-la-federacion-canaria-de-balonmano\/#breadcrumb"},"inLanguage":"es","potentialAction":[{"@type":"ReadAction","target":["https:\/\/www.fecanbm.es\/lanzarote\/asamblea-general-de-la-federacion-canaria-de-balonmano\/"]}]},{"@type":"ImageObject","inLanguage":"es","@id":"https:\/\/www.fecanbm.es\/lanzarote\/asamblea-general-de-la-federacion-canaria-de-balonmano\/#primaryimage","url":"http:\/\/fecanbm.com\/sites\/default\/files\/imagenes\/dsc_0111_0.jpg","contentUrl":"http:\/\/fecanbm.com\/sites\/default\/files\/imagenes\/dsc_0111_0.jpg"},{"@type":"BreadcrumbList","@id":"https:\/\/www.fecanbm.es\/lanzarote\/asamblea-general-de-la-federacion-canaria-de-balonmano\/#breadcrumb","itemListElement":[{"@type":"ListItem","position":1,"name":"Portada","item":"https:\/\/www.fecanbm.es\/lanzarote\/"},{"@type":"ListItem","position":2,"name":"Asamblea General de la Federaci\u00f3n Canaria de Balonmano"}]},{"@type":"WebSite","@id":"https:\/\/www.fecanbm.es\/lanzarote\/#website","url":"https:\/\/www.fecanbm.es\/lanzarote\/","name":"Federaci\u00f3n Insular de Lanzarote","description":"Federaci\u00f3n Insular de Lanzarote","potentialAction":[{"@type":"SearchAction","target":{"@type":"EntryPoint","urlTemplate":"https:\/\/www.fecanbm.es\/lanzarote\/?s={search_term_string}"},"query-input":{"@type":"PropertyValueSpecification","valueRequired":true,"valueName":"search_term_string"}}],"inLanguage":"es"},{"@type":"Person","@id":"https:\/\/www.fecanbm.es\/lanzarote\/#\/schema\/person\/1cd2fe3c77da1ca0926bfa1ab10a0f74","name":"FECANBM","image":{"@type":"ImageObject","inLanguage":"es","@id":"https:\/\/secure.gravatar.com\/avatar\/61d22156e2a136ed6ba314b16163c810f2633ecf8857f5d456360fa2d1b34fe4?s=96&d=mm&r=g","url":"https:\/\/secure.gravatar.com\/avatar\/61d22156e2a136ed6ba314b16163c810f2633ecf8857f5d456360fa2d1b34fe4?s=96&d=mm&r=g","contentUrl":"https:\/\/secure.gravatar.com\/avatar\/61d22156e2a136ed6ba314b16163c810f2633ecf8857f5d456360fa2d1b34fe4?s=96&d=mm&r=g","caption":"FECANBM"},"sameAs":["tooolssl"],"url":"https:\/\/www.fecanbm.es\/lanzarote\/author\/fecanbm\/"}]}},"_links":{"self":[{"href":"https:\/\/www.fecanbm.es\/lanzarote\/wp-json\/wp\/v2\/posts\/5296","targetHints":{"allow":["GET"]}}],"collection":[{"href":"https:\/\/www.fecanbm.es\/lanzarote\/wp-json\/wp\/v2\/posts"}],"about":[{"href":"https:\/\/www.fecanbm.es\/lanzarote\/wp-json\/wp\/v2\/types\/post"}],"author":[{"embeddable":true,"href":"https:\/\/www.fecanbm.es\/lanzarote\/wp-json\/wp\/v2\/users\/3"}],"replies":[{"embeddable":true,"href":"https:\/\/www.fecanbm.es\/lanzarote\/wp-json\/wp\/v2\/comments?post=5296"}],"version-history":[{"count":1,"href":"https:\/\/www.fecanbm.es\/lanzarote\/wp-json\/wp\/v2\/posts\/5296\/revisions"}],"predecessor-version":[{"id":5303,"href":"https:\/\/www.fecanbm.es\/lanzarote\/wp-json\/wp\/v2\/posts\/5296\/revisions\/5303"}],"wp:attachment":[{"href":"https:\/\/www.fecanbm.es\/lanzarote\/wp-json\/wp\/v2\/media?parent=5296"}],"wp:term":[{"taxonomy":"category","embeddable":true,"href":"https:\/\/www.fecanbm.es\/lanzarote\/wp-json\/wp\/v2\/categories?post=5296"},{"taxonomy":"post_tag","embeddable":true,"href":"https:\/\/www.fecanbm.es\/lanzarote\/wp-json\/wp\/v2\/tags?post=5296"}],"curies":[{"name":"wp","href":"https:\/\/api.w.org\/{rel}","templated":true}]}}