{"id":1405,"date":"2019-06-17T12:46:18","date_gmt":"2019-06-17T10:46:18","guid":{"rendered":"https:\/\/fecanbm.es\/lanzarote\/el-san-jose-obrero-se-refuerza-con-la-extremo-zurda-gema-trujillo\/"},"modified":"2025-06-16T13:43:32","modified_gmt":"2025-06-16T11:43:32","slug":"el-san-jose-obrero-se-refuerza-con-la-extremo-zurda-gema-trujillo","status":"publish","type":"post","link":"https:\/\/www.fecanbm.es\/lanzarote\/el-san-jose-obrero-se-refuerza-con-la-extremo-zurda-gema-trujillo\/","title":{"rendered":"EL SAN JOS\u00c9 OBRERO SE REFUERZA CON LA EXTREMO ZURDA GEMA TRUJILLO"},"content":{"rendered":"\n<h3 class=\"wp-block-heading\">La jugadora malague\u00f1a tiene una amplia experiencia en la Divisi\u00f3n de Honor Plata Femenina<\/h3>\n\n\n\n<ul class=\"wp-block-gallery columns-3 is-cropped wp-block-gallery-1 is-layout-flex wp-block-gallery-is-layout-flex\"><li class=\"blocks-gallery-item\"><figure><a href=\"https:\/\/www.fecanbm.es\/lanzarote\/wp-content\/uploads\/sites\/3\/2019\/11\/gema_trujillo_1-1024x683.jpeg\"><img fetchpriority=\"high\" decoding=\"async\" width=\"1024\" height=\"683\" src=\"https:\/\/www.fecanbm.es\/lanzarote\/wp-content\/uploads\/sites\/3\/2019\/11\/gema_trujillo_1-1024x683.jpeg\" alt=\"\" data-id=\"1297\" data-link=\"https:\/\/www.fecanbm.es\/el-san-jose-obrero-se-refuerza-con-la-extremo-zurda-gema-trujillo\/gema_trujillo_1\/\" class=\"wp-image-1406\" srcset=\"https:\/\/www.fecanbm.es\/lanzarote\/wp-content\/uploads\/sites\/3\/2019\/11\/gema_trujillo_1-1024x683.jpeg 1024w, https:\/\/www.fecanbm.es\/lanzarote\/wp-content\/uploads\/sites\/3\/2019\/11\/gema_trujillo_1-300x200.jpeg 300w, https:\/\/www.fecanbm.es\/lanzarote\/wp-content\/uploads\/sites\/3\/2019\/11\/gema_trujillo_1-768x512.jpeg 768w, https:\/\/www.fecanbm.es\/lanzarote\/wp-content\/uploads\/sites\/3\/2019\/11\/gema_trujillo_1-280x187.jpeg 280w, https:\/\/www.fecanbm.es\/lanzarote\/wp-content\/uploads\/sites\/3\/2019\/11\/gema_trujillo_1.jpeg 1080w\" sizes=\"(max-width: 1024px) 100vw, 1024px\" \/><\/a><\/figure><\/li><li class=\"blocks-gallery-item\"><figure><a href=\"https:\/\/www.fecanbm.es\/lanzarote\/wp-content\/uploads\/sites\/3\/2019\/11\/gema_trujillo_3-1024x683.jpeg\"><img decoding=\"async\" width=\"1024\" height=\"683\" src=\"https:\/\/www.fecanbm.es\/lanzarote\/wp-content\/uploads\/sites\/3\/2019\/11\/gema_trujillo_3-1024x683.jpeg\" alt=\"\" data-id=\"1299\" data-link=\"https:\/\/www.fecanbm.es\/el-san-jose-obrero-se-refuerza-con-la-extremo-zurda-gema-trujillo\/gema_trujillo_3\/\" class=\"wp-image-1446\" srcset=\"https:\/\/www.fecanbm.es\/lanzarote\/wp-content\/uploads\/sites\/3\/2019\/11\/gema_trujillo_3-1024x683.jpeg 1024w, https:\/\/www.fecanbm.es\/lanzarote\/wp-content\/uploads\/sites\/3\/2019\/11\/gema_trujillo_3-300x200.jpeg 300w, https:\/\/www.fecanbm.es\/lanzarote\/wp-content\/uploads\/sites\/3\/2019\/11\/gema_trujillo_3-768x512.jpeg 768w, https:\/\/www.fecanbm.es\/lanzarote\/wp-content\/uploads\/sites\/3\/2019\/11\/gema_trujillo_3-280x187.jpeg 280w, https:\/\/www.fecanbm.es\/lanzarote\/wp-content\/uploads\/sites\/3\/2019\/11\/gema_trujillo_3.jpeg 1080w\" sizes=\"(max-width: 1024px) 100vw, 1024px\" \/><\/a><\/figure><\/li><li class=\"blocks-gallery-item\"><figure><a href=\"https:\/\/www.fecanbm.es\/lanzarote\/wp-content\/uploads\/sites\/3\/2019\/11\/gema_trujillo_2_0-1024x683.jpeg\"><img decoding=\"async\" width=\"1024\" height=\"683\" src=\"https:\/\/www.fecanbm.es\/lanzarote\/wp-content\/uploads\/sites\/3\/2019\/11\/gema_trujillo_2_0-1024x683.jpeg\" alt=\"\" data-id=\"1298\" data-link=\"https:\/\/www.fecanbm.es\/el-san-jose-obrero-se-refuerza-con-la-extremo-zurda-gema-trujillo\/gema_trujillo_2_0\/\" class=\"wp-image-1448\" srcset=\"https:\/\/www.fecanbm.es\/lanzarote\/wp-content\/uploads\/sites\/3\/2019\/11\/gema_trujillo_2_0-1024x683.jpeg 1024w, https:\/\/www.fecanbm.es\/lanzarote\/wp-content\/uploads\/sites\/3\/2019\/11\/gema_trujillo_2_0-300x200.jpeg 300w, https:\/\/www.fecanbm.es\/lanzarote\/wp-content\/uploads\/sites\/3\/2019\/11\/gema_trujillo_2_0-768x512.jpeg 768w, https:\/\/www.fecanbm.es\/lanzarote\/wp-content\/uploads\/sites\/3\/2019\/11\/gema_trujillo_2_0-280x187.jpeg 280w, https:\/\/www.fecanbm.es\/lanzarote\/wp-content\/uploads\/sites\/3\/2019\/11\/gema_trujillo_2_0.jpeg 1080w\" sizes=\"(max-width: 1024px) 100vw, 1024px\" \/><\/a><\/figure><\/li><\/ul>\n\n\n\n<p>La direcci\u00f3n deportiva del Club Balonmano San Jos\u00e9 Obrero sigue poniendo las piezas al puzle de su equipo femenino, trabajando en reforzar aquellas l\u00edneas de la cancha de juego en las que el conjunto de la Divisi\u00f3n de Honor Plata Femenino est\u00e1 m\u00e1s necesitado. El equipo entrenado por David Betancort contar\u00e1 la pr\u00f3xima temporada con la extremo zurda Gema Trujillo, jugadora que dispone de una amplia experiencia en la categor\u00eda nacional.<\/p>\n\n\n\n<p>Gema Trujillo S\u00e1nchez, nacida el 24 de abril de 1996 en M\u00e1laga, es una jugadora cuya posici\u00f3n natural es la de extremo derecho, aunque tambi\u00e9n puede realizar funciones en el lateral derecho del equipo. En las situaciones defensivas del equipo destaca por su anticipaci\u00f3n a la circulaci\u00f3n de bal\u00f3n del equipo contrario, liderando los r\u00e1pidos contragolpes cuando roba balones a las contrarias.<\/p>\n\n\n\n<p>La nueva jugadora del CB San Jos\u00e9 Obrero se muestra \u201cmuy contenta\u201d y con \u201cganas de empezar a jugar, para poder luchar durante toda la temporada por estar lo m\u00e1s arriba posible de la clasificaci\u00f3n\u201d. Gema Trujillo asegura que est\u00e1 \u201cilusionada y contenta de poder formar parte del proyecto deportivo del San Jos\u00e9 Obrero de cara a la pr\u00f3xima temporada\u201d.<\/p>\n\n\n\n<p>Gema Trujillo explica que su posici\u00f3n natural en el 40&#215;20 es \u201cel extremo derecho\u201d, a\u00f1adiendo que si \u201cel equipo lo necesita tambi\u00e9n puedo jugar en el lateral derecho\u201d. Tiene claro cual ser\u00e1 su rol dentro del equipo, comentando que \u201cdebo aportar goles en ataque\u201d y se define como una jugador que \u201cjuega con velocidad, saliendo al contragolpe e intentar robar balones en defensa\u201d.<\/p>\n\n\n\n<p>Su trayectoria deportiva ha estado ligada desde las categor\u00edas inferiores al Fuengirola \u201cUn Sol de Ciudad\u201d, equipo con el que ha militado durante las \u00faltimas tres campa\u00f1as en la Divisi\u00f3n de Honor Plata Femenina. En la recta final de la pasada temporada fichaba por el BM Servigroup Benidorm, logrando la clasificaci\u00f3n para la fase de ascenso, y cayendo en la eliminatoria previa ante el BM Salud de Tenerife, equipo que a la postre lograba el ascenso de categor\u00eda.<\/p>\n\n\n\n<p>En sus \u00faltimas temporadas en categor\u00eda nacional ha destacado por su capacidad goleadora. En la campa\u00f1a que acaba de concluir anotaba 82 goles en 22 partidos con el Fuengirola \u201cUn Sol de Ciudad\u201d y 15 con el BM Benidorm en 6 encuentros. En la temporada 2017\/2018 anotaba un total de 47 goles y en la campa\u00f1a 2016\/2017 lograba 92 goles, siendo una de las m\u00e1ximas goleadoras del equipo.<\/p>\n\n\n\n<p>Gema Trujillo se convierte en el segundo refuerzo del equipo femenino del CB San Jos\u00e9 Obrero de cara a la temporada 2019\/2020, y se suma al fichaje de la pivote chilena Alicia Torres. La direcci\u00f3n deportiva del club del barrio de Titerroy sigue trabajando en la planificaci\u00f3n, siendo varios frentes lo que tiene abiertos y que espera cerrar en los pr\u00f3ximos d\u00edas.<\/p>\n","protected":false},"excerpt":{"rendered":"<p>La jugadora malague\u00f1a tiene una amplia experiencia en la Divisi\u00f3n de Honor Plata Femenina La direcci\u00f3n deportiva del Club Balonmano San Jos\u00e9 Obrero sigue poniendo las piezas al puzle de su equipo femenino, trabajando en reforzar aquellas l\u00edneas de la cancha de juego en las que el conjunto de la Divisi\u00f3n de Honor Plata Femenino [&hellip;]<\/p>\n","protected":false},"author":3,"featured_media":1406,"comment_status":"open","ping_status":"open","sticky":false,"template":"","format":"standard","meta":{"ngg_post_thumbnail":0,"footnotes":""},"categories":[524,1,523],"tags":[],"class_list":["post-1405","post","type-post","status-publish","format-standard","has-post-thumbnail","hentry","category-comunicados","category-noticias","category-portada"],"yoast_head":"<!-- This site is optimized with the Yoast SEO plugin v27.5 - https:\/\/yoast.com\/product\/yoast-seo-wordpress\/ -->\n<title>EL SAN JOS\u00c9 OBRERO SE REFUERZA CON LA EXTREMO ZURDA GEMA TRUJILLO - Federaci\u00f3n Insular de Lanzarote<\/title>\n<meta name=\"robots\" content=\"index, follow, max-snippet:-1, max-image-preview:large, max-video-preview:-1\" \/>\n<link rel=\"canonical\" href=\"https:\/\/www.fecanbm.es\/lanzarote\/el-san-jose-obrero-se-refuerza-con-la-extremo-zurda-gema-trujillo\/\" \/>\n<meta property=\"og:locale\" content=\"es_ES\" \/>\n<meta property=\"og:type\" content=\"article\" \/>\n<meta property=\"og:title\" content=\"EL SAN JOS\u00c9 OBRERO SE REFUERZA CON LA EXTREMO ZURDA GEMA TRUJILLO - Federaci\u00f3n Insular de Lanzarote\" \/>\n<meta property=\"og:description\" content=\"La jugadora malague\u00f1a tiene una amplia experiencia en la Divisi\u00f3n de Honor Plata Femenina La direcci\u00f3n deportiva del Club Balonmano San Jos\u00e9 Obrero sigue poniendo las piezas al puzle de su equipo femenino, trabajando en reforzar aquellas l\u00edneas de la cancha de juego en las que el conjunto de la Divisi\u00f3n de Honor Plata Femenino [&hellip;]\" \/>\n<meta property=\"og:url\" content=\"https:\/\/www.fecanbm.es\/lanzarote\/el-san-jose-obrero-se-refuerza-con-la-extremo-zurda-gema-trujillo\/\" \/>\n<meta property=\"og:site_name\" content=\"Federaci\u00f3n Insular de Lanzarote\" \/>\n<meta property=\"article:published_time\" content=\"2019-06-17T10:46:18+00:00\" \/>\n<meta property=\"article:modified_time\" content=\"2025-06-16T11:43:32+00:00\" \/>\n<meta property=\"og:image\" content=\"https:\/\/www.fecanbm.es\/lanzarote\/wp-content\/uploads\/sites\/3\/2019\/11\/gema_trujillo_1.jpeg\" \/>\n\t<meta property=\"og:image:width\" content=\"1080\" \/>\n\t<meta property=\"og:image:height\" content=\"720\" \/>\n\t<meta property=\"og:image:type\" content=\"image\/jpeg\" \/>\n<meta name=\"author\" content=\"FECANBM\" \/>\n<meta name=\"twitter:card\" content=\"summary_large_image\" \/>\n<meta name=\"twitter:label1\" content=\"Escrito por\" \/>\n\t<meta name=\"twitter:data1\" content=\"FECANBM\" \/>\n\t<meta name=\"twitter:label2\" content=\"Tiempo de lectura\" \/>\n\t<meta name=\"twitter:data2\" content=\"3 minutos\" \/>\n<script type=\"application\/ld+json\" class=\"yoast-schema-graph\">{\"@context\":\"https:\\\/\\\/schema.org\",\"@graph\":[{\"@type\":\"Article\",\"@id\":\"https:\\\/\\\/www.fecanbm.es\\\/lanzarote\\\/el-san-jose-obrero-se-refuerza-con-la-extremo-zurda-gema-trujillo\\\/#article\",\"isPartOf\":{\"@id\":\"https:\\\/\\\/www.fecanbm.es\\\/lanzarote\\\/el-san-jose-obrero-se-refuerza-con-la-extremo-zurda-gema-trujillo\\\/\"},\"author\":{\"name\":\"FECANBM\",\"@id\":\"https:\\\/\\\/www.fecanbm.es\\\/lanzarote\\\/#\\\/schema\\\/person\\\/1cd2fe3c77da1ca0926bfa1ab10a0f74\"},\"headline\":\"EL SAN JOS\u00c9 OBRERO SE REFUERZA CON LA EXTREMO ZURDA GEMA TRUJILLO\",\"datePublished\":\"2019-06-17T10:46:18+00:00\",\"dateModified\":\"2025-06-16T11:43:32+00:00\",\"mainEntityOfPage\":{\"@id\":\"https:\\\/\\\/www.fecanbm.es\\\/lanzarote\\\/el-san-jose-obrero-se-refuerza-con-la-extremo-zurda-gema-trujillo\\\/\"},\"wordCount\":514,\"commentCount\":0,\"image\":{\"@id\":\"https:\\\/\\\/www.fecanbm.es\\\/lanzarote\\\/el-san-jose-obrero-se-refuerza-con-la-extremo-zurda-gema-trujillo\\\/#primaryimage\"},\"thumbnailUrl\":\"https:\\\/\\\/www.fecanbm.es\\\/lanzarote\\\/wp-content\\\/uploads\\\/sites\\\/3\\\/2019\\\/11\\\/gema_trujillo_1.jpeg\",\"articleSection\":[\"Comunicados\",\"Noticias\",\"Portada\"],\"inLanguage\":\"es\",\"potentialAction\":[{\"@type\":\"CommentAction\",\"name\":\"Comment\",\"target\":[\"https:\\\/\\\/www.fecanbm.es\\\/lanzarote\\\/el-san-jose-obrero-se-refuerza-con-la-extremo-zurda-gema-trujillo\\\/#respond\"]}]},{\"@type\":\"WebPage\",\"@id\":\"https:\\\/\\\/www.fecanbm.es\\\/lanzarote\\\/el-san-jose-obrero-se-refuerza-con-la-extremo-zurda-gema-trujillo\\\/\",\"url\":\"https:\\\/\\\/www.fecanbm.es\\\/lanzarote\\\/el-san-jose-obrero-se-refuerza-con-la-extremo-zurda-gema-trujillo\\\/\",\"name\":\"EL SAN JOS\u00c9 OBRERO SE REFUERZA CON LA EXTREMO ZURDA GEMA TRUJILLO - Federaci\u00f3n Insular de Lanzarote\",\"isPartOf\":{\"@id\":\"https:\\\/\\\/www.fecanbm.es\\\/lanzarote\\\/#website\"},\"primaryImageOfPage\":{\"@id\":\"https:\\\/\\\/www.fecanbm.es\\\/lanzarote\\\/el-san-jose-obrero-se-refuerza-con-la-extremo-zurda-gema-trujillo\\\/#primaryimage\"},\"image\":{\"@id\":\"https:\\\/\\\/www.fecanbm.es\\\/lanzarote\\\/el-san-jose-obrero-se-refuerza-con-la-extremo-zurda-gema-trujillo\\\/#primaryimage\"},\"thumbnailUrl\":\"https:\\\/\\\/www.fecanbm.es\\\/lanzarote\\\/wp-content\\\/uploads\\\/sites\\\/3\\\/2019\\\/11\\\/gema_trujillo_1.jpeg\",\"datePublished\":\"2019-06-17T10:46:18+00:00\",\"dateModified\":\"2025-06-16T11:43:32+00:00\",\"author\":{\"@id\":\"https:\\\/\\\/www.fecanbm.es\\\/lanzarote\\\/#\\\/schema\\\/person\\\/1cd2fe3c77da1ca0926bfa1ab10a0f74\"},\"breadcrumb\":{\"@id\":\"https:\\\/\\\/www.fecanbm.es\\\/lanzarote\\\/el-san-jose-obrero-se-refuerza-con-la-extremo-zurda-gema-trujillo\\\/#breadcrumb\"},\"inLanguage\":\"es\",\"potentialAction\":[{\"@type\":\"ReadAction\",\"target\":[\"https:\\\/\\\/www.fecanbm.es\\\/lanzarote\\\/el-san-jose-obrero-se-refuerza-con-la-extremo-zurda-gema-trujillo\\\/\"]}]},{\"@type\":\"ImageObject\",\"inLanguage\":\"es\",\"@id\":\"https:\\\/\\\/www.fecanbm.es\\\/lanzarote\\\/el-san-jose-obrero-se-refuerza-con-la-extremo-zurda-gema-trujillo\\\/#primaryimage\",\"url\":\"https:\\\/\\\/www.fecanbm.es\\\/lanzarote\\\/wp-content\\\/uploads\\\/sites\\\/3\\\/2019\\\/11\\\/gema_trujillo_1.jpeg\",\"contentUrl\":\"https:\\\/\\\/www.fecanbm.es\\\/lanzarote\\\/wp-content\\\/uploads\\\/sites\\\/3\\\/2019\\\/11\\\/gema_trujillo_1.jpeg\",\"width\":1080,\"height\":720},{\"@type\":\"BreadcrumbList\",\"@id\":\"https:\\\/\\\/www.fecanbm.es\\\/lanzarote\\\/el-san-jose-obrero-se-refuerza-con-la-extremo-zurda-gema-trujillo\\\/#breadcrumb\",\"itemListElement\":[{\"@type\":\"ListItem\",\"position\":1,\"name\":\"Portada\",\"item\":\"https:\\\/\\\/www.fecanbm.es\\\/lanzarote\\\/\"},{\"@type\":\"ListItem\",\"position\":2,\"name\":\"EL SAN JOS\u00c9 OBRERO SE REFUERZA CON LA EXTREMO ZURDA GEMA TRUJILLO\"}]},{\"@type\":\"WebSite\",\"@id\":\"https:\\\/\\\/www.fecanbm.es\\\/lanzarote\\\/#website\",\"url\":\"https:\\\/\\\/www.fecanbm.es\\\/lanzarote\\\/\",\"name\":\"Federaci\u00f3n Insular de Lanzarote\",\"description\":\"Federaci\u00f3n Insular de Lanzarote\",\"potentialAction\":[{\"@type\":\"SearchAction\",\"target\":{\"@type\":\"EntryPoint\",\"urlTemplate\":\"https:\\\/\\\/www.fecanbm.es\\\/lanzarote\\\/?s={search_term_string}\"},\"query-input\":{\"@type\":\"PropertyValueSpecification\",\"valueRequired\":true,\"valueName\":\"search_term_string\"}}],\"inLanguage\":\"es\"},{\"@type\":\"Person\",\"@id\":\"https:\\\/\\\/www.fecanbm.es\\\/lanzarote\\\/#\\\/schema\\\/person\\\/1cd2fe3c77da1ca0926bfa1ab10a0f74\",\"name\":\"FECANBM\",\"image\":{\"@type\":\"ImageObject\",\"inLanguage\":\"es\",\"@id\":\"https:\\\/\\\/secure.gravatar.com\\\/avatar\\\/61d22156e2a136ed6ba314b16163c810f2633ecf8857f5d456360fa2d1b34fe4?s=96&d=mm&r=g\",\"url\":\"https:\\\/\\\/secure.gravatar.com\\\/avatar\\\/61d22156e2a136ed6ba314b16163c810f2633ecf8857f5d456360fa2d1b34fe4?s=96&d=mm&r=g\",\"contentUrl\":\"https:\\\/\\\/secure.gravatar.com\\\/avatar\\\/61d22156e2a136ed6ba314b16163c810f2633ecf8857f5d456360fa2d1b34fe4?s=96&d=mm&r=g\",\"caption\":\"FECANBM\"},\"sameAs\":[\"tooolssl\"],\"url\":\"https:\\\/\\\/www.fecanbm.es\\\/lanzarote\\\/author\\\/fecanbm\\\/\"}]}<\/script>\n<!-- \/ Yoast SEO plugin. -->","yoast_head_json":{"title":"EL SAN JOS\u00c9 OBRERO SE REFUERZA CON LA EXTREMO ZURDA GEMA TRUJILLO - Federaci\u00f3n Insular de Lanzarote","robots":{"index":"index","follow":"follow","max-snippet":"max-snippet:-1","max-image-preview":"max-image-preview:large","max-video-preview":"max-video-preview:-1"},"canonical":"https:\/\/www.fecanbm.es\/lanzarote\/el-san-jose-obrero-se-refuerza-con-la-extremo-zurda-gema-trujillo\/","og_locale":"es_ES","og_type":"article","og_title":"EL SAN JOS\u00c9 OBRERO SE REFUERZA CON LA EXTREMO ZURDA GEMA TRUJILLO - Federaci\u00f3n Insular de Lanzarote","og_description":"La jugadora malague\u00f1a tiene una amplia experiencia en la Divisi\u00f3n de Honor Plata Femenina La direcci\u00f3n deportiva del Club Balonmano San Jos\u00e9 Obrero sigue poniendo las piezas al puzle de su equipo femenino, trabajando en reforzar aquellas l\u00edneas de la cancha de juego en las que el conjunto de la Divisi\u00f3n de Honor Plata Femenino [&hellip;]","og_url":"https:\/\/www.fecanbm.es\/lanzarote\/el-san-jose-obrero-se-refuerza-con-la-extremo-zurda-gema-trujillo\/","og_site_name":"Federaci\u00f3n Insular de Lanzarote","article_published_time":"2019-06-17T10:46:18+00:00","article_modified_time":"2025-06-16T11:43:32+00:00","og_image":[{"width":1080,"height":720,"url":"https:\/\/www.fecanbm.es\/lanzarote\/wp-content\/uploads\/sites\/3\/2019\/11\/gema_trujillo_1.jpeg","type":"image\/jpeg"}],"author":"FECANBM","twitter_card":"summary_large_image","twitter_misc":{"Escrito por":"FECANBM","Tiempo de lectura":"3 minutos"},"schema":{"@context":"https:\/\/schema.org","@graph":[{"@type":"Article","@id":"https:\/\/www.fecanbm.es\/lanzarote\/el-san-jose-obrero-se-refuerza-con-la-extremo-zurda-gema-trujillo\/#article","isPartOf":{"@id":"https:\/\/www.fecanbm.es\/lanzarote\/el-san-jose-obrero-se-refuerza-con-la-extremo-zurda-gema-trujillo\/"},"author":{"name":"FECANBM","@id":"https:\/\/www.fecanbm.es\/lanzarote\/#\/schema\/person\/1cd2fe3c77da1ca0926bfa1ab10a0f74"},"headline":"EL SAN JOS\u00c9 OBRERO SE REFUERZA CON LA EXTREMO ZURDA GEMA TRUJILLO","datePublished":"2019-06-17T10:46:18+00:00","dateModified":"2025-06-16T11:43:32+00:00","mainEntityOfPage":{"@id":"https:\/\/www.fecanbm.es\/lanzarote\/el-san-jose-obrero-se-refuerza-con-la-extremo-zurda-gema-trujillo\/"},"wordCount":514,"commentCount":0,"image":{"@id":"https:\/\/www.fecanbm.es\/lanzarote\/el-san-jose-obrero-se-refuerza-con-la-extremo-zurda-gema-trujillo\/#primaryimage"},"thumbnailUrl":"https:\/\/www.fecanbm.es\/lanzarote\/wp-content\/uploads\/sites\/3\/2019\/11\/gema_trujillo_1.jpeg","articleSection":["Comunicados","Noticias","Portada"],"inLanguage":"es","potentialAction":[{"@type":"CommentAction","name":"Comment","target":["https:\/\/www.fecanbm.es\/lanzarote\/el-san-jose-obrero-se-refuerza-con-la-extremo-zurda-gema-trujillo\/#respond"]}]},{"@type":"WebPage","@id":"https:\/\/www.fecanbm.es\/lanzarote\/el-san-jose-obrero-se-refuerza-con-la-extremo-zurda-gema-trujillo\/","url":"https:\/\/www.fecanbm.es\/lanzarote\/el-san-jose-obrero-se-refuerza-con-la-extremo-zurda-gema-trujillo\/","name":"EL SAN JOS\u00c9 OBRERO SE REFUERZA CON LA EXTREMO ZURDA GEMA TRUJILLO - Federaci\u00f3n Insular de Lanzarote","isPartOf":{"@id":"https:\/\/www.fecanbm.es\/lanzarote\/#website"},"primaryImageOfPage":{"@id":"https:\/\/www.fecanbm.es\/lanzarote\/el-san-jose-obrero-se-refuerza-con-la-extremo-zurda-gema-trujillo\/#primaryimage"},"image":{"@id":"https:\/\/www.fecanbm.es\/lanzarote\/el-san-jose-obrero-se-refuerza-con-la-extremo-zurda-gema-trujillo\/#primaryimage"},"thumbnailUrl":"https:\/\/www.fecanbm.es\/lanzarote\/wp-content\/uploads\/sites\/3\/2019\/11\/gema_trujillo_1.jpeg","datePublished":"2019-06-17T10:46:18+00:00","dateModified":"2025-06-16T11:43:32+00:00","author":{"@id":"https:\/\/www.fecanbm.es\/lanzarote\/#\/schema\/person\/1cd2fe3c77da1ca0926bfa1ab10a0f74"},"breadcrumb":{"@id":"https:\/\/www.fecanbm.es\/lanzarote\/el-san-jose-obrero-se-refuerza-con-la-extremo-zurda-gema-trujillo\/#breadcrumb"},"inLanguage":"es","potentialAction":[{"@type":"ReadAction","target":["https:\/\/www.fecanbm.es\/lanzarote\/el-san-jose-obrero-se-refuerza-con-la-extremo-zurda-gema-trujillo\/"]}]},{"@type":"ImageObject","inLanguage":"es","@id":"https:\/\/www.fecanbm.es\/lanzarote\/el-san-jose-obrero-se-refuerza-con-la-extremo-zurda-gema-trujillo\/#primaryimage","url":"https:\/\/www.fecanbm.es\/lanzarote\/wp-content\/uploads\/sites\/3\/2019\/11\/gema_trujillo_1.jpeg","contentUrl":"https:\/\/www.fecanbm.es\/lanzarote\/wp-content\/uploads\/sites\/3\/2019\/11\/gema_trujillo_1.jpeg","width":1080,"height":720},{"@type":"BreadcrumbList","@id":"https:\/\/www.fecanbm.es\/lanzarote\/el-san-jose-obrero-se-refuerza-con-la-extremo-zurda-gema-trujillo\/#breadcrumb","itemListElement":[{"@type":"ListItem","position":1,"name":"Portada","item":"https:\/\/www.fecanbm.es\/lanzarote\/"},{"@type":"ListItem","position":2,"name":"EL SAN JOS\u00c9 OBRERO SE REFUERZA CON LA EXTREMO ZURDA GEMA TRUJILLO"}]},{"@type":"WebSite","@id":"https:\/\/www.fecanbm.es\/lanzarote\/#website","url":"https:\/\/www.fecanbm.es\/lanzarote\/","name":"Federaci\u00f3n Insular de Lanzarote","description":"Federaci\u00f3n Insular de Lanzarote","potentialAction":[{"@type":"SearchAction","target":{"@type":"EntryPoint","urlTemplate":"https:\/\/www.fecanbm.es\/lanzarote\/?s={search_term_string}"},"query-input":{"@type":"PropertyValueSpecification","valueRequired":true,"valueName":"search_term_string"}}],"inLanguage":"es"},{"@type":"Person","@id":"https:\/\/www.fecanbm.es\/lanzarote\/#\/schema\/person\/1cd2fe3c77da1ca0926bfa1ab10a0f74","name":"FECANBM","image":{"@type":"ImageObject","inLanguage":"es","@id":"https:\/\/secure.gravatar.com\/avatar\/61d22156e2a136ed6ba314b16163c810f2633ecf8857f5d456360fa2d1b34fe4?s=96&d=mm&r=g","url":"https:\/\/secure.gravatar.com\/avatar\/61d22156e2a136ed6ba314b16163c810f2633ecf8857f5d456360fa2d1b34fe4?s=96&d=mm&r=g","contentUrl":"https:\/\/secure.gravatar.com\/avatar\/61d22156e2a136ed6ba314b16163c810f2633ecf8857f5d456360fa2d1b34fe4?s=96&d=mm&r=g","caption":"FECANBM"},"sameAs":["tooolssl"],"url":"https:\/\/www.fecanbm.es\/lanzarote\/author\/fecanbm\/"}]}},"_links":{"self":[{"href":"https:\/\/www.fecanbm.es\/lanzarote\/wp-json\/wp\/v2\/posts\/1405","targetHints":{"allow":["GET"]}}],"collection":[{"href":"https:\/\/www.fecanbm.es\/lanzarote\/wp-json\/wp\/v2\/posts"}],"about":[{"href":"https:\/\/www.fecanbm.es\/lanzarote\/wp-json\/wp\/v2\/types\/post"}],"author":[{"embeddable":true,"href":"https:\/\/www.fecanbm.es\/lanzarote\/wp-json\/wp\/v2\/users\/3"}],"replies":[{"embeddable":true,"href":"https:\/\/www.fecanbm.es\/lanzarote\/wp-json\/wp\/v2\/comments?post=1405"}],"version-history":[{"count":5,"href":"https:\/\/www.fecanbm.es\/lanzarote\/wp-json\/wp\/v2\/posts\/1405\/revisions"}],"predecessor-version":[{"id":1461,"href":"https:\/\/www.fecanbm.es\/lanzarote\/wp-json\/wp\/v2\/posts\/1405\/revisions\/1461"}],"wp:featuredmedia":[{"embeddable":true,"href":"https:\/\/www.fecanbm.es\/lanzarote\/wp-json\/wp\/v2\/media\/1406"}],"wp:attachment":[{"href":"https:\/\/www.fecanbm.es\/lanzarote\/wp-json\/wp\/v2\/media?parent=1405"}],"wp:term":[{"taxonomy":"category","embeddable":true,"href":"https:\/\/www.fecanbm.es\/lanzarote\/wp-json\/wp\/v2\/categories?post=1405"},{"taxonomy":"post_tag","embeddable":true,"href":"https:\/\/www.fecanbm.es\/lanzarote\/wp-json\/wp\/v2\/tags?post=1405"}],"curies":[{"name":"wp","href":"https:\/\/api.w.org\/{rel}","templated":true}]}}